{"id":13250,"date":"2025-10-07T13:11:38","date_gmt":"2025-10-07T11:11:38","guid":{"rendered":"http:\/\/semndecarte.metarsis.ro\/?p=13250"},"modified":"2025-10-07T13:12:27","modified_gmt":"2025-10-07T11:12:27","slug":"kirchweih-wolfsberg-garana-2","status":"publish","type":"post","link":"https:\/\/semndecarte.metarsis.ro\/?p=13250","title":{"rendered":"Kirchweih Wolfsberg\/G\u0103r\u00e2na"},"content":{"rendered":"\n<figure class=\"wp-block-image size-full is-resized\"><img src=\"https:\/\/semndecarte.metarsis.ro\/wp-content\/uploads\/2025\/10\/afis-Kirchweih-Garana-metarsis.jpg\" alt=\"\" class=\"wp-image-13251\" width=\"600\" srcset=\"https:\/\/semndecarte.metarsis.ro\/wp-content\/uploads\/2025\/10\/afis-Kirchweih-Garana-metarsis.jpg 457w, https:\/\/semndecarte.metarsis.ro\/wp-content\/uploads\/2025\/10\/afis-Kirchweih-Garana-metarsis-160x74.jpg 160w, https:\/\/semndecarte.metarsis.ro\/wp-content\/uploads\/2025\/10\/afis-Kirchweih-Garana-metarsis-163x75.jpg 163w\" sizes=\"(max-width: 457px) 100vw, 457px\" \/><\/figure>\n\n\n\n<p>\u201cNu aspira s\u0103 fii binef\u0103c\u0103torul \u00eentregii omeniri, ci mul\u0163ume\u015fte-te s\u0103 faci bine persoanelor \u00een mijlocul c\u0103rora tr\u0103ie\u015fti.\u201d&nbsp; Sf.Tereza de Avila<\/p>\n\n\n\n<p>S\u00e2mb\u0103t\u0103, 11 octombrie 2025, G\u0103r\u00e2na \/ Wolfsberg, micu\u0163a localitate din Banatul Montan a\u0219ezat\u0103 la poalele Semenicului va \u00eembr\u0103ca straie de s\u0103rb\u0103toare. Cel de-al 155-lea Kirchweih-ul, Hramul Bisericii Romano-Catolice Sf\u00e2nta Tereza de Avila (1515-1582)- &nbsp;biseric\u0103 ridicat\u0103 \u00een anul 1879 de germanii coloniza\u021bi aici de Francisc I- va fi celebrat anul acesta dup\u0103 urm\u0103torul program:<\/p>\n\n\n\n<p>10:00 \u2013 Intermezzo muzical cu forma\u021bia local\u0103 SEMENIC EXPRESS &nbsp;&nbsp;\u2013 Pensiunea Cristel, G\u0103r\u00e2na<\/p>\n\n\n\n<p>10:30 \u2013 Parada pomului de Kirchweih<\/p>\n\n\n\n<p>11:00 \u2013 Sf\u00e2nt\u0103 liturghie de hram oficiat\u0103 de Monseniorul Johann DIRSCHL, p\u0103rinte vicar general al Diecezei Romano-Catolice Timi\u0219oara<\/p>\n\n\n\n<p>12:00 \u2013 Rug\u0103ciune pentru deceda\u021bii comunit\u0103\u021bii la Monumentul Deporta\u021bilor din curtea bisericii<\/p>\n\n\n\n<p>12:15 \u2013 Ceremonia ridic\u0103rii \u0219i binecuv\u00e2nt\u0103rii pomului de Kirchweih<\/p>\n\n\n\n<p>12:30 \u2013 Program muzical \u0219i dansuri populare germane sus\u021binut de forma\u021bii din Timi\u0219oara.<\/p>\n\n\n\n<p>18:00 \u2013 Balul de Kirchweih la C\u0103minul Cultural din Brebu Nou cu forma\u021bia local\u0103 SEMENIK EXPRESS<\/p>\n\n\n\n<p>Organizator: Prim\u0103ria \u0219i Consiliul Local Brebu Nou, Societatea pentru Cultur\u0103 METARSIS<\/p>\n\n\n\n<p>Parteneri culturali: Biserica Romano-Catolic\u0103 Sf. Tereza de Avila G\u0103r\u00e2na, Biserica Romano-Catolic\u0103 Maria Z\u0103pezii Re\u0219i\u021ba, Forumul Democratic al Germanilor din Banatul Montan, Ocolul Silvic Valiug, GRADIMEX, AGIL, SOCEPAN, REFILL, Pensiunile CRISTEL, GOTSCHNA, PECZI \u0219i Raz\u0103 de Soare.<\/p>\n","protected":false},"excerpt":{"rendered":"<p>\u201cNu aspira s\u0103 fii binef\u0103c\u0103torul \u00eentregii omeniri, ci mul\u0163ume\u015fte-te s\u0103 faci bine persoanelor \u00een mijlocul c\u0103rora tr\u0103ie\u015fti.\u201d&nbsp; Sf.Tereza de Avila S\u00e2mb\u0103t\u0103, 11 octombrie 2025, G\u0103r\u00e2na \/ Wolfsberg, micu\u0163a localitate din Banatul Montan a\u0219ezat\u0103 la poalele Semenicului va \u00eembr\u0103ca straie de s\u0103rb\u0103toare. Cel de-al 155-lea Kirchweih-ul, Hramul Bisericii Romano-Catolice Sf\u00e2nta Tereza de Avila (1515-1582)- &nbsp;biseric\u0103 ridicat\u0103 [&hellip;]<\/p>\n","protected":false},"author":1,"featured_media":0,"comment_status":"open","ping_status":"open","sticky":false,"template":"","format":"standard","meta":[],"categories":[3],"tags":[],"_links":{"self":[{"href":"https:\/\/semndecarte.metarsis.ro\/index.php?rest_route=\/wp\/v2\/posts\/13250"}],"collection":[{"href":"https:\/\/semndecarte.metarsis.ro\/index.php?rest_route=\/wp\/v2\/posts"}],"about":[{"href":"https:\/\/semndecarte.metarsis.ro\/index.php?rest_route=\/wp\/v2\/types\/post"}],"author":[{"embeddable":true,"href":"https:\/\/semndecarte.metarsis.ro\/index.php?rest_route=\/wp\/v2\/users\/1"}],"replies":[{"embeddable":true,"href":"https:\/\/semndecarte.metarsis.ro\/index.php?rest_route=%2Fwp%2Fv2%2Fcomments&post=13250"}],"version-history":[{"count":0,"href":"https:\/\/semndecarte.metarsis.ro\/index.php?rest_route=\/wp\/v2\/posts\/13250\/revisions"}],"wp:attachment":[{"href":"https:\/\/semndecarte.metarsis.ro\/index.php?rest_route=%2Fwp%2Fv2%2Fmedia&parent=13250"}],"wp:term":[{"taxonomy":"category","embeddable":true,"href":"https:\/\/semndecarte.metarsis.ro\/index.php?rest_route=%2Fwp%2Fv2%2Fcategories&post=13250"},{"taxonomy":"post_tag","embeddable":true,"href":"https:\/\/semndecarte.metarsis.ro\/index.php?rest_route=%2Fwp%2Fv2%2Ftags&post=13250"}],"curies":[{"name":"wp","href":"https:\/\/api.w.org\/{rel}","templated":true}]}}