{"id":13222,"date":"2025-06-13T23:29:38","date_gmt":"2025-06-13T21:29:38","guid":{"rendered":"http:\/\/semndecarte.metarsis.ro\/?p=13222"},"modified":"2025-06-13T23:38:11","modified_gmt":"2025-06-13T21:38:11","slug":"concurs-de-jurnalism-doru-dinu-glavan","status":"publish","type":"post","link":"https:\/\/semndecarte.metarsis.ro\/?p=13222","title":{"rendered":"CONCURS DE JURNALISM \u201eDORU DINU GL\u0102VAN\u201d"},"content":{"rendered":"\n<figure class=\"wp-block-image size-full is-resized\"><img src=\"https:\/\/semndecarte.metarsis.ro\/wp-content\/uploads\/2025\/06\/IMG_20250611_141452.jpg\" alt=\"\" class=\"wp-image-13223\" height=\"220\" srcset=\"https:\/\/semndecarte.metarsis.ro\/wp-content\/uploads\/2025\/06\/IMG_20250611_141452.jpg 520w, https:\/\/semndecarte.metarsis.ro\/wp-content\/uploads\/2025\/06\/IMG_20250611_141452-160x74.jpg 160w, https:\/\/semndecarte.metarsis.ro\/wp-content\/uploads\/2025\/06\/IMG_20250611_141452-163x75.jpg 163w\" sizes=\"(max-width: 520px) 100vw, 520px\" \/><\/figure>\n\n\n\n<p style=\"font-size:23px\"><strong>\u201eMICII MARI JURNALI\u0218TI\u201d ed.a IlI-a, Re\u0219i\u021ba, 2025; CUVINTE CARE CONTEAZ\u0102; CONCURS DE REPORTAJE \u201eDORU DINU GL\u0102VAN\u201d (07.06. l946- 31.10.2021); CONCURS DE INTERVIURI \u201eOANA CENAN GL\u0102VAN\u201d (17.07.1973- 07.11.2023)<\/strong><\/p>\n\n\n\n<p>Miercuri, 11 iunie 2025, ora 14:00, la sediul din Lunca B\u00e2rzavei al Bibliotecii Jude\u021bene ,,Paul Iorgovici\u201d din Re\u0219i\u021ba,&nbsp; a avut loc festivitatea de premiere a celei de-a III-a edi\u021bii a Concursului&nbsp; ,,Micii mari jurnali\u0219ti\u201d. Pornit&nbsp; la ini\u021biativa Societ\u0103\u021bii pentru Cultur\u0103 METARSIS- activit\u0103\u021bi \u0219i servicii de cultur\u0103 urban\u0103 \u0219i art\u0103 contemporan\u0103, anun\u021bat \u00een 31 octombrie 2022 la un an de la dispari\u021bia jurnalistului, Concursul s-a bucurat de o larg\u0103 sus\u021binere din partea unor Institu\u021bii reprezentative: Uniunea Ziari\u015ftilor Profesioni\u0219ti din Rom\u00e2nia, Uniunea Ziari\u0219tilor Profesioni\u0219ti &#8211; Filiala Cara\u015f-Severin, Inspectoratul \u015ecolar Jude\u021bean, Biblioteca Jude\u021bean\u0103&nbsp; \u201ePaul IORGOVICI\u201d, Centrul de Cultur\u0103 Cara\u0219-Severin \u0219i Forumul Democratic al Germanilor din Banatul Montan.<\/p>\n\n\n\n<!--more-->\n\n\n\n<p>Prima &nbsp;edi\u021bie, anun\u021bat\u0103 \u00een 31 octombrie 2022 la un an de la dispari\u021bia jurnalistului Doru Dinu Gl\u0103van, &nbsp;a propus ca tem\u0103 ,,Re\u0219i\u021ba, dragostea mea\u201d acesta fiind trade-mark-ul postului local de radio \u00eenfiin\u021bat \u00een 12 iunie 1995 ca ,,Sunetul Banatului Montan\u201d&nbsp; \u0219i devenit, din 8 august 1996, Radio Rom\u00e2nia Re\u0219i\u021ba. S-au \u00eenscris 10 concuren\u021bi&nbsp; iar la festivitatea de premiere din 07 iunie 2023 a participat, cu emo\u021bie, fiica jurnalistului, Oana-Maria Gl\u0103van-Cenan care a oferind un premiu \u00een bani din partea familiei. Cine putea s\u0103-\u0219i imagineze c\u0103 peste exact 5 luni, \u00een 7 noiembrie 2023, la pu\u021bin timp dup\u0103 \u00eemplinirea v\u00e2rstei de 50 de ani, Oana ne va p\u0103r\u0103si mult prea devereme \u0219i nedrept pentru c\u00e2t de multe proiecte avea.<\/p>\n\n\n\n<p>\u00cen 31 octombrie 2023 a fost lansat\u0103 edi\u021bia a II-a a Concursului de Reportaje ,,Doru Dinu Gl\u0103van\u201d &#8211; ,,Micii mari jurnali\u0219ti\u201d &#8211; ,,Minunat\u0103-i prietenia !\u201d, titlul unui c\u00e2ntec n\u0103scut cu ani \u00een urm\u0103 \u00een casa familiei Gl\u0103van. Au evocat personalit\u0103\u021bi, evenimente sau aspecte din realitatea cotidian\u0103 red\u00e2nd &nbsp;leg\u0103tura emo\u021bional\u0103, afectiv\u0103, pozitiv\u0103- atribute specifice prieteniei- unul dintre cele mai nobile sentimente omene\u0219ti- peste 30 de tineri \u0219colari \u0219i liceeni din Re\u0219i\u021ba, Caransebe\u0219, Boc\u0219a, Lupac, Prezent la eveniment, so\u021bul Oanei, Mihai Cenan, \u00een numele lui \u0219i al celor dou\u0103 fiice: Andra \u0219i Daria a oferit premiul familiei \u00een valoare de 500 lei&nbsp; Mariei Zima, cl. a XI-a, Liceul Baptist din Re\u0219i\u021ba.<\/p>\n\n\n\n<p>\u00cen 31 octombrie 2024 s-a lansat edi\u021bia a III-a a Concursului \u201d Micii mari jurnali\u0219ti\u201d cu dou\u0103 sec\u021biuni: REPORTAJ- ,,Doru Dinu Gl\u0103van \u201d \u0219i INTERVIU- ,,Oana-Maria Cenan-Gl\u0103van\u201d cu tema ,,Cuvinte care conteaz\u0103\u201d propun\u00e2nd tinerilor constientizarea importan\u021bei cuv\u00e2ntului rostit sau scris. Au fost trimise 8 lucr\u0103ri la REPORTAJ \u0219i 5 lucr\u0103ri la INTERVIU. S-au acordat urm\u0103toarele:<\/p>\n\n\n\n<p>PREMII, ed.a III-a 2025,&nbsp; \u201eCuvinte care conteaz\u0103\u201d&nbsp;&nbsp;&nbsp;&nbsp;&nbsp;&nbsp;&nbsp;&nbsp;&nbsp;&nbsp;&nbsp;&nbsp;&nbsp;&nbsp;&nbsp;&nbsp;&nbsp;&nbsp;&nbsp;&nbsp;&nbsp;&nbsp;&nbsp;&nbsp;&nbsp;&nbsp;&nbsp;&nbsp;&nbsp;&nbsp;&nbsp;&nbsp;&nbsp;&nbsp;&nbsp;&nbsp;&nbsp;&nbsp;&nbsp;&nbsp;&nbsp;&nbsp;&nbsp;&nbsp;&nbsp;&nbsp;&nbsp;&nbsp;&nbsp;&nbsp;&nbsp;&nbsp;&nbsp;&nbsp;&nbsp;&nbsp;&nbsp;&nbsp;&nbsp;&nbsp;&nbsp;<\/p>\n\n\n\n<p>REPORTAJ: cl. III-VI, I&nbsp; GIULIA CHI\u021aU, cl. a III-a, \u0218coala 7 Re\u0219i\u021ba, prof.coord. Cristina ARDELEANU; II EMMA \u021aIULESCU, cl. a III-a, \u0218coala 7 Re\u0219i\u021ba, prof.coord. Cristina ARDELEANU&nbsp;; cl. VII-VIII, I&nbsp; DAVID-FLORIN BORAN, cl. a VII-a, CN Traian DODA C-sebe\u0219, prof.coord. Maria FREN\u021aIU, II&nbsp; ALEXIS STOICA, cl. a VIII-a, \u0218coala 7 Re\u0219i\u021ba, prof.coord. Cristina ARDELEANU; cl.IX-XII, I&nbsp; LARISA STIGLE\u021aI, cl.a X-a, Colegiul Economic al&nbsp; Banatului Montan, prof.coord. Valentina MIHU\u021a&nbsp;; II LORENA MARIA CEGA, cl.a IX-a, Lic.Teh. DACIA C-sebe\u0219, prof. coord.dr. Liliana DANCIU; III SHEILA GABRIELA JURCUL, cl. a IX-a, Colegiul Economic al&nbsp; Banatului Montan, prof.coord. Ramona DUMITRU<\/p>\n\n\n\n<p>INTERVIURI: cl.VII- VIII, I&nbsp; ALEXIS STOICA, cl. a VIII-a, \u0218coala 7 Re\u0219i\u021ba, prof.coord. Cristina ARDELEANU; &nbsp;II&nbsp; STEFANIA SABO, cl.a VIII-a, \u0218coala 7 Re\u0219i\u021ba, prof.coord. Cristina ARDELEANU; cl. IX-XII, I GEORGIANA ALEXANDRA JURJE, cl. a IX-a, Lic.Teh. DACIA C-sebe\u0219, prof. coord.dr.Liliana DANCIU; II NICOLA MARIA BERZESCU, cl. a IX-a, Lic.Teh. DACIA C-sebe\u0219, prof. coord.dr.Liliana DANCIU; III GALLYANO SASHA PEDRO LIVIO CORNEAN, cl. a IX-a,&nbsp; Lic.Teh. DACIA C-sebe\u0219, prof. coord. dr.Liliana DANCIU<\/p>\n\n\n\n<p>PREMIUL SPECIAL METARSIS&nbsp;&nbsp;&nbsp; PATRIC- FLORIN MURGU, cl. a XI-a, Colegiul Na\u021bional&nbsp; ,,Mircea ELIADE\u201d Re\u0219i\u021ba, prof. coord. Lumini\u021ba NICOLAESCU<\/p>\n\n\n\n<p>PREMIUL SPECIAL UZPR FIL. RE\u0218I\u021aA&nbsp; DAVID- FLORIN BORAN, cl.a VII-a, CN ,,Traian DODA\u201d Caransebe\u0219, prof.coord. Maria FREN\u021aIU&nbsp;&nbsp;&nbsp;&nbsp;&nbsp;&nbsp;&nbsp;&nbsp;&nbsp;&nbsp;&nbsp;&nbsp;&nbsp;&nbsp;&nbsp;&nbsp;&nbsp;&nbsp;&nbsp;&nbsp;&nbsp;&nbsp;&nbsp;&nbsp;&nbsp;&nbsp;&nbsp;&nbsp;&nbsp;&nbsp;&nbsp;&nbsp;&nbsp;&nbsp;&nbsp;&nbsp;&nbsp;&nbsp;&nbsp;&nbsp;&nbsp;&nbsp;&nbsp;&nbsp;&nbsp;&nbsp;&nbsp;&nbsp;&nbsp;&nbsp;&nbsp;&nbsp;&nbsp;&nbsp;&nbsp;&nbsp;&nbsp;&nbsp;&nbsp;&nbsp;&nbsp;&nbsp;&nbsp;&nbsp;&nbsp;&nbsp;&nbsp;&nbsp;&nbsp;&nbsp;&nbsp;&nbsp;&nbsp;&nbsp;&nbsp;&nbsp;&nbsp;&nbsp;&nbsp;&nbsp;&nbsp;&nbsp;&nbsp;&nbsp;&nbsp;&nbsp;&nbsp;&nbsp;&nbsp;&nbsp;&nbsp;&nbsp;&nbsp;&nbsp;&nbsp;&nbsp;&nbsp;&nbsp;&nbsp;&nbsp;&nbsp;&nbsp;&nbsp;&nbsp;&nbsp;&nbsp;&nbsp;&nbsp;&nbsp;&nbsp;&nbsp;&nbsp;&nbsp;&nbsp;&nbsp;&nbsp;&nbsp;&nbsp;&nbsp;&nbsp;&nbsp;&nbsp;<\/p>\n\n\n\n<p>PREMIUL FAMILIEI CENAN-GLAVAN 500 lei\u00a0 \u00a0GALLYANO SASHA PEDRO LIVIO CORNEAN, cl. a IX-a,\u00a0 Lic.Teh. DACIA Caransebe\u0219, prof. coord.dr. Liliana DANCIU<\/p>\n\n\n\n<figure class=\"wp-block-image size-full\"><img loading=\"lazy\" width=\"520\" height=\"239\" src=\"https:\/\/semndecarte.metarsis.ro\/wp-content\/uploads\/2025\/06\/IMG_20250611_141344.jpg\" alt=\"\" class=\"wp-image-13226\" srcset=\"https:\/\/semndecarte.metarsis.ro\/wp-content\/uploads\/2025\/06\/IMG_20250611_141344.jpg 520w, https:\/\/semndecarte.metarsis.ro\/wp-content\/uploads\/2025\/06\/IMG_20250611_141344-160x74.jpg 160w, https:\/\/semndecarte.metarsis.ro\/wp-content\/uploads\/2025\/06\/IMG_20250611_141344-163x75.jpg 163w\" sizes=\"(max-width: 520px) 100vw, 520px\" \/><\/figure>\n\n\n\n<figure class=\"wp-block-image size-full\"><img loading=\"lazy\" width=\"520\" height=\"240\" src=\"https:\/\/semndecarte.metarsis.ro\/wp-content\/uploads\/2025\/06\/IMG_20250611_141843.jpg\" alt=\"\" class=\"wp-image-13227\" srcset=\"https:\/\/semndecarte.metarsis.ro\/wp-content\/uploads\/2025\/06\/IMG_20250611_141843.jpg 520w, https:\/\/semndecarte.metarsis.ro\/wp-content\/uploads\/2025\/06\/IMG_20250611_141843-160x74.jpg 160w, https:\/\/semndecarte.metarsis.ro\/wp-content\/uploads\/2025\/06\/IMG_20250611_141843-163x75.jpg 163w\" sizes=\"(max-width: 520px) 100vw, 520px\" \/><\/figure>\n\n\n\n<figure class=\"wp-block-image size-full\"><img loading=\"lazy\" width=\"520\" height=\"240\" src=\"https:\/\/semndecarte.metarsis.ro\/wp-content\/uploads\/2025\/06\/IMG_20250611_141738.jpg\" alt=\"\" class=\"wp-image-13228\" srcset=\"https:\/\/semndecarte.metarsis.ro\/wp-content\/uploads\/2025\/06\/IMG_20250611_141738.jpg 520w, https:\/\/semndecarte.metarsis.ro\/wp-content\/uploads\/2025\/06\/IMG_20250611_141738-160x74.jpg 160w, https:\/\/semndecarte.metarsis.ro\/wp-content\/uploads\/2025\/06\/IMG_20250611_141738-163x75.jpg 163w\" sizes=\"(max-width: 520px) 100vw, 520px\" \/><\/figure>\n\n\n\n<figure class=\"wp-block-image size-full\"><img loading=\"lazy\" width=\"520\" height=\"240\" src=\"https:\/\/semndecarte.metarsis.ro\/wp-content\/uploads\/2025\/06\/IMG_20250611_142409.jpg\" alt=\"\" class=\"wp-image-13229\" srcset=\"https:\/\/semndecarte.metarsis.ro\/wp-content\/uploads\/2025\/06\/IMG_20250611_142409.jpg 520w, https:\/\/semndecarte.metarsis.ro\/wp-content\/uploads\/2025\/06\/IMG_20250611_142409-160x74.jpg 160w, https:\/\/semndecarte.metarsis.ro\/wp-content\/uploads\/2025\/06\/IMG_20250611_142409-163x75.jpg 163w\" sizes=\"(max-width: 520px) 100vw, 520px\" \/><\/figure>\n\n\n\n<figure class=\"wp-block-image size-full\"><img loading=\"lazy\" width=\"520\" height=\"240\" src=\"https:\/\/semndecarte.metarsis.ro\/wp-content\/uploads\/2025\/06\/IMG_20250611_143252.jpg\" alt=\"\" class=\"wp-image-13230\" srcset=\"https:\/\/semndecarte.metarsis.ro\/wp-content\/uploads\/2025\/06\/IMG_20250611_143252.jpg 520w, https:\/\/semndecarte.metarsis.ro\/wp-content\/uploads\/2025\/06\/IMG_20250611_143252-160x74.jpg 160w, https:\/\/semndecarte.metarsis.ro\/wp-content\/uploads\/2025\/06\/IMG_20250611_143252-163x75.jpg 163w\" sizes=\"(max-width: 520px) 100vw, 520px\" \/><\/figure>\n\n\n\n<figure class=\"wp-block-image size-full\"><img loading=\"lazy\" width=\"520\" height=\"239\" src=\"https:\/\/semndecarte.metarsis.ro\/wp-content\/uploads\/2025\/06\/IMG_20250611_143409.jpg\" alt=\"\" class=\"wp-image-13231\" srcset=\"https:\/\/semndecarte.metarsis.ro\/wp-content\/uploads\/2025\/06\/IMG_20250611_143409.jpg 520w, https:\/\/semndecarte.metarsis.ro\/wp-content\/uploads\/2025\/06\/IMG_20250611_143409-160x74.jpg 160w, https:\/\/semndecarte.metarsis.ro\/wp-content\/uploads\/2025\/06\/IMG_20250611_143409-163x75.jpg 163w\" sizes=\"(max-width: 520px) 100vw, 520px\" \/><\/figure>\n\n\n\n<figure class=\"wp-block-image size-full\"><img loading=\"lazy\" width=\"520\" height=\"239\" src=\"https:\/\/semndecarte.metarsis.ro\/wp-content\/uploads\/2025\/06\/IMG_20250611_144445.jpg\" alt=\"\" class=\"wp-image-13232\" srcset=\"https:\/\/semndecarte.metarsis.ro\/wp-content\/uploads\/2025\/06\/IMG_20250611_144445.jpg 520w, https:\/\/semndecarte.metarsis.ro\/wp-content\/uploads\/2025\/06\/IMG_20250611_144445-160x74.jpg 160w, https:\/\/semndecarte.metarsis.ro\/wp-content\/uploads\/2025\/06\/IMG_20250611_144445-163x75.jpg 163w\" sizes=\"(max-width: 520px) 100vw, 520px\" \/><\/figure>\n\n\n\n<p>Despre personalitatea jurnalistului Doru Dinu Gl\u0103van a vorbit secretara Filialei Cara\u0219-Severin a Uniunii Ziari\u0219tilor Profesioni\u0219ti, Adriana Telescu. &nbsp;Oana-Maria Cenan Gl\u0103van a fost evocat\u0103 de Camelia Duca.<\/p>\n\n\n\n<p>Din p\u0103cate au lipsit, ca \u0219i \u00een ceilal\u021bi ani, reprezentan\u021bii Radio Rom\u00e2nia Re\u0219i\u021ba, post de Radio care exist\u0103 azi prin efortul unor oameni pasiona\u021bi, motiva\u021bi de dorin\u021ba de a construi pun\u021bi, oameni mari cu orgolii mici care au amprentat societatea \u00een care au tr\u0103it. Doru Gl\u0103van, Oana Cenan-Gl\u0103van, Mircea S\u0103ndulescu, Gelu Ghera, Alexandra Gorghiu, Ada Botezan, oameni\u00a0 pentru care, \u00eentr-adev\u0103r, cuv\u00e2ntul conta, vor r\u0103m\u00e2ne \u00een memoria colectiv\u0103 \u0219i merit\u0103 un loc distinct \u00een istoria nescris\u0103, \u00eenc\u0103, a Radio Rom\u00e2nia Re\u0219i\u021ba. \u00a0<\/p>\n\n\n\n<p>Evenimentul s-a bucurat pe prezen\u021ba maestrului Sabin PAUTZA, pre\u0219edinte de onoare al Societ\u0103\u021bii pentru Cultur\u0103 METARSIS.<\/p>\n\n\n\n<p>S-au acordat diplome \u0219i premii \u00een c\u0103r\u021bi \u0219i reviste puse la dispozi\u021bie de organizator \u0219i parteneri. Premierea a fost f\u0103cut\u0103, \u0219i la aceast\u0103 edi\u021bie,&nbsp; de prof. Petru BELCIU, inspector adjunct al Inspectoratului \u0218colar Cara\u0219-Severin.&nbsp;<\/p>\n\n\n\n<p>Premiul familiei &nbsp;Cenan- Gl\u0103van \u00een valoare de 500 lei a fost&nbsp; acordat de Mihai Cenan \u00een numele s\u0103u \u0219i al fetelor Andra \u0219i Daria, &nbsp;la sec\u021biunea INTERVIU, unui t\u00e2n\u0103r sensibil care trece, din p\u0103cate, prin momente delicate. Interviul luat de ,,micul mare jurnalist\u201d unui reporter experimentat: Cornelia Vlaicu de la Express de Banat&nbsp; ne-a f\u0103cut s\u0103 credem c\u0103 se na\u0219te un junalist de marc\u0103. \u00cei dorim lui Sasha mult\u0103 s\u0103n\u0103tate, perseveren\u021b\u0103, inspira\u021bie \u0219i puterea de a-\u0219i atinge visele. Noi \u00eei vom sta al\u0103turi, cu fapta, g\u00e2ndul \u0219i cuv\u00e2ntul care conteaz\u0103! (Camelia Duca)<\/p>\n\n\n\n<p>Evenimement organizat de Societatea pentru Cultur\u0103 METARSIS- activit\u0103\u021bi \u0219i servicii de cultur\u0103 urban\u0103 \u0219i art\u0103 contemporan\u0103 \u00een parteneriat cu Uniunea Ziari\u015ftilor Profesioni\u0219ti din Rom\u00e2nia, Uniunea Ziari\u0219tilor Profesioni\u0219ti &#8211; Filiala Cara\u015f-Severin, Inspectoratul \u015ecolar Jude\u021bean, Biblioteca Jude\u021bean\u0103&nbsp; \u201ePaul IORGOVICI\u201d, Centrul de Cultur\u0103 Cara\u0219-Severin \u0219i Forumul Democratic al Germanilor din Banatul Montan.<\/p>\n","protected":false},"excerpt":{"rendered":"<p>\u201eMICII MARI JURNALI\u0218TI\u201d ed.a IlI-a, Re\u0219i\u021ba, 2025; CUVINTE CARE CONTEAZ\u0102; CONCURS DE REPORTAJE \u201eDORU DINU GL\u0102VAN\u201d (07.06. l946- 31.10.2021); CONCURS DE INTERVIURI \u201eOANA CENAN GL\u0102VAN\u201d (17.07.1973- 07.11.2023) Miercuri, 11 iunie 2025, ora 14:00, la sediul din Lunca B\u00e2rzavei al Bibliotecii Jude\u021bene ,,Paul Iorgovici\u201d din Re\u0219i\u021ba,&nbsp; a avut loc festivitatea de premiere a celei de-a III-a [&hellip;]<\/p>\n","protected":false},"author":1,"featured_media":0,"comment_status":"open","ping_status":"open","sticky":false,"template":"","format":"standard","meta":[],"categories":[7],"tags":[],"_links":{"self":[{"href":"https:\/\/semndecarte.metarsis.ro\/index.php?rest_route=\/wp\/v2\/posts\/13222"}],"collection":[{"href":"https:\/\/semndecarte.metarsis.ro\/index.php?rest_route=\/wp\/v2\/posts"}],"about":[{"href":"https:\/\/semndecarte.metarsis.ro\/index.php?rest_route=\/wp\/v2\/types\/post"}],"author":[{"embeddable":true,"href":"https:\/\/semndecarte.metarsis.ro\/index.php?rest_route=\/wp\/v2\/users\/1"}],"replies":[{"embeddable":true,"href":"https:\/\/semndecarte.metarsis.ro\/index.php?rest_route=%2Fwp%2Fv2%2Fcomments&post=13222"}],"version-history":[{"count":0,"href":"https:\/\/semndecarte.metarsis.ro\/index.php?rest_route=\/wp\/v2\/posts\/13222\/revisions"}],"wp:attachment":[{"href":"https:\/\/semndecarte.metarsis.ro\/index.php?rest_route=%2Fwp%2Fv2%2Fmedia&parent=13222"}],"wp:term":[{"taxonomy":"category","embeddable":true,"href":"https:\/\/semndecarte.metarsis.ro\/index.php?rest_route=%2Fwp%2Fv2%2Fcategories&post=13222"},{"taxonomy":"post_tag","embeddable":true,"href":"https:\/\/semndecarte.metarsis.ro\/index.php?rest_route=%2Fwp%2Fv2%2Ftags&post=13222"}],"curies":[{"name":"wp","href":"https:\/\/api.w.org\/{rel}","templated":true}]}}