{"id":13199,"date":"2024-12-31T15:35:29","date_gmt":"2024-12-31T13:35:29","guid":{"rendered":"http:\/\/semndecarte.metarsis.ro\/?p=13199"},"modified":"2024-12-31T15:35:31","modified_gmt":"2024-12-31T13:35:31","slug":"la-multi-ani-7","status":"publish","type":"post","link":"https:\/\/semndecarte.metarsis.ro\/?p=13199","title":{"rendered":"LA MUL\u0162I ANI!"},"content":{"rendered":"\n<figure class=\"wp-block-image size-full is-resized\"><img src=\"https:\/\/semndecarte.metarsis.ro\/wp-content\/uploads\/2024\/12\/Garana-iarna-cop.jpg\" alt=\"\" class=\"wp-image-13200\" height=\"222\" srcset=\"https:\/\/semndecarte.metarsis.ro\/wp-content\/uploads\/2024\/12\/Garana-iarna-cop.jpg 519w, https:\/\/semndecarte.metarsis.ro\/wp-content\/uploads\/2024\/12\/Garana-iarna-cop-160x75.jpg 160w, https:\/\/semndecarte.metarsis.ro\/wp-content\/uploads\/2024\/12\/Garana-iarna-cop-163x76.jpg 163w\" sizes=\"(max-width: 519px) 100vw, 519px\" \/><\/figure>\n\n\n\n<p><strong><u>Prieteni dragi,<\/u><\/strong><\/p>\n\n\n\n<p>Am petrecut \u00eempreun\u0103 \u00een 2024 momente emo\u021bionante, neasemuit de frumoase. Am con\u0219tientizat adev\u0103rata valoare a iubirii cu implica\u021biile sale: acceptare, d\u0103ruire, aten\u021bie, implicare. Am \u00eent\u00e2lnit oameni frumo\u0219i, talenta\u021bi \u0219i creativi, oameni implica\u021bi direct sau din umbra \u00een sus\u021binerea evenimentelor prin care am \u00eencercat, dup\u0103 puterile noastre, s\u0103 aducem \u00een con\u0219tiin\u021ba public\u0103 valori din patrimoniul imaterial ale acestui spa\u021biu pluricultural&nbsp;de excep\u021bie, cel al Banatului Montan \u0219i nu numai. Datorit\u0103 Dumneavoastr\u0103 proiectele pornite cu pasiune \u0219i \u00eendr\u0103zneal\u0103 s-au materializat. Emo\u021biile \u00eemp\u0103rt\u0103\u0219ite au fost cov\u00e2r\u0219itoare, conectarea cu noi \u00een\u0219ine \u0219i cu ceilal\u021bi, profund\u0103 \u0219i revelatoare. V\u0102 MUL\u021aUMIM.&nbsp;<\/p>\n\n\n\n<p>Fie ca \u00een anul&nbsp; 2025 s\u0103 r\u0103m\u00e2nem \u00eempreun\u0103 s\u0103n\u0103to\u0219i,&nbsp;cu ochii \u0219i cu inima largi deschise unul spre cel\u0103lalt, \u00een pace \u0219i bun\u0103 \u00een\u021belegere, \u00eentr-o s\u0103rbatoare zilnic\u0103 a luminii, a bucuriei \u00eemp\u0103rt\u0103\u0219ite cu familia, cu prietenii adev\u0103ra\u021bi.<\/p>\n\n\n\n<p><strong>LA MUL\u0162I ANI!<\/strong><\/p>\n\n\n\n<p>Societatea pentru Cultur\u0103 METARSIS- activit\u0103\u021bi \u0219i servicii de cultur\u0103 urban\u0103 \u0219i art\u0103 contemporan\u0103<\/p>\n","protected":false},"excerpt":{"rendered":"<p>Prieteni dragi, Am petrecut \u00eempreun\u0103 \u00een 2024 momente emo\u021bionante, neasemuit de frumoase. Am con\u0219tientizat adev\u0103rata valoare a iubirii cu implica\u021biile sale: acceptare, d\u0103ruire, aten\u021bie, implicare. Am \u00eent\u00e2lnit oameni frumo\u0219i, talenta\u021bi \u0219i creativi, oameni implica\u021bi direct sau din umbra \u00een sus\u021binerea evenimentelor prin care am \u00eencercat, dup\u0103 puterile noastre, s\u0103 aducem \u00een con\u0219tiin\u021ba public\u0103 valori din [&hellip;]<\/p>\n","protected":false},"author":1,"featured_media":0,"comment_status":"open","ping_status":"open","sticky":false,"template":"","format":"standard","meta":[],"categories":[1],"tags":[],"_links":{"self":[{"href":"https:\/\/semndecarte.metarsis.ro\/index.php?rest_route=\/wp\/v2\/posts\/13199"}],"collection":[{"href":"https:\/\/semndecarte.metarsis.ro\/index.php?rest_route=\/wp\/v2\/posts"}],"about":[{"href":"https:\/\/semndecarte.metarsis.ro\/index.php?rest_route=\/wp\/v2\/types\/post"}],"author":[{"embeddable":true,"href":"https:\/\/semndecarte.metarsis.ro\/index.php?rest_route=\/wp\/v2\/users\/1"}],"replies":[{"embeddable":true,"href":"https:\/\/semndecarte.metarsis.ro\/index.php?rest_route=%2Fwp%2Fv2%2Fcomments&post=13199"}],"version-history":[{"count":0,"href":"https:\/\/semndecarte.metarsis.ro\/index.php?rest_route=\/wp\/v2\/posts\/13199\/revisions"}],"wp:attachment":[{"href":"https:\/\/semndecarte.metarsis.ro\/index.php?rest_route=%2Fwp%2Fv2%2Fmedia&parent=13199"}],"wp:term":[{"taxonomy":"category","embeddable":true,"href":"https:\/\/semndecarte.metarsis.ro\/index.php?rest_route=%2Fwp%2Fv2%2Fcategories&post=13199"},{"taxonomy":"post_tag","embeddable":true,"href":"https:\/\/semndecarte.metarsis.ro\/index.php?rest_route=%2Fwp%2Fv2%2Ftags&post=13199"}],"curies":[{"name":"wp","href":"https:\/\/api.w.org\/{rel}","templated":true}]}}