{"id":13197,"date":"2024-12-30T21:21:04","date_gmt":"2024-12-30T19:21:04","guid":{"rendered":"http:\/\/semndecarte.metarsis.ro\/?p=13197"},"modified":"2025-01-12T14:41:32","modified_gmt":"2025-01-12T12:41:32","slug":"eminescu-mostenire-culturala","status":"publish","type":"post","link":"https:\/\/semndecarte.metarsis.ro\/?p=13197","title":{"rendered":"Eminescu, mo\u0219tenire cultural\u0103"},"content":{"rendered":"\n<figure class=\"wp-block-image size-full is-resized\"><img src=\"https:\/\/semndecarte.metarsis.ro\/wp-content\/uploads\/2024\/12\/cop3.jpg\" alt=\"\" class=\"wp-image-13198\" height=\"155\" srcset=\"https:\/\/semndecarte.metarsis.ro\/wp-content\/uploads\/2024\/12\/cop3.jpg 519w, https:\/\/semndecarte.metarsis.ro\/wp-content\/uploads\/2024\/12\/cop3-160x60.jpg 160w, https:\/\/semndecarte.metarsis.ro\/wp-content\/uploads\/2024\/12\/cop3-163x62.jpg 163w\" sizes=\"(max-width: 519px) 100vw, 519px\" \/><\/figure>\n\n\n\n<p>Mar\u021bi, 14 ianuarie 2025, ora 17:00, Centrul Social ,,Frederic Ozanam\u201d din Re\u0219i\u021ba, str. Paul Iorgovici nr. 44, va fi gazda evenimentului ,,EMINESCU, mo\u0219tenire cutural\u0103\u201d. Va fi prezentat\u0103 publicului o colectie de printuri dup\u0103 lucr\u0103ri cuprinse \u00een albumul &nbsp;,,Mihai Eminescu \u00een grafica mondial\u0103\u201d- un volum de excep\u021bie semnat Nicolae Ioni\u021b\u0103, ed. Karta Grapfic, 2012, volum ce cuprinde 116 poezii \u0219i 390 graficieni din 87 de \u021b\u0103ri. 4 fotografii pe care istoria literaturii le-a confirmat ca fiind autentice au f\u0103cut obiectul unui proiect vast la care au r\u0103spuns arti\u0219ti plastici din \u00eentreaga lume, universalitatea lui Eminescu fiind subliniat\u0103 de modul prin care poetul este receptat \u00een culturile lumii.<\/p>\n\n\n\n<!--more-->\n\n\n\n<p> Ideea de interculturalitate este relevat\u0103 prin viziunile lor \u00eentr-un mod inedit, adesea fascinant. Dac\u0103 un spaniol \u00eel vede pe Eminescu ie\u0219ind, asemeni duhului din lampa lui Aladin, dintr-o c\u0103limar\u0103, un caricaturist rus \u00eel percepe ca dans\u00e2nd kazaciok,&nbsp; un asiatic \u00eei deseneaz\u0103 ochii oblici, un indian \u2013 musta\u021ba stufoas\u0103 p\u00e2n\u0103 sub b\u0103rbie- simbol al b\u0103rb\u0103\u021biei, un sud-american \u00eel vede ca pe un rebel, cu gloan\u021be \u00een bandulier\u0103, drapelul \u00eentr-o m\u00e2n\u0103 \u0219i stiloul- kala\u0219nicov din care trage cuvinte-gloan\u021be, \u00een cealalt\u0103 m\u00e2n\u0103. Plasticieni renumi\u021bi care l-au citit pe Eminescu, i-au cercetat biografia, i-au realizat portretul, l-au cuprins \u00een sfera lor cultural\u0103, l-au promovat \u00een culturile \u021b\u0103rilor lor.<\/p>\n\n\n\n<p>Prin \u00eentreaga oper\u0103, Eminescu r\u0103m\u00e2ne figur\u0103 de referin\u021b\u0103 \u00een cultura universal\u0103 opera sa continu\u00e2nd s\u0103 inspire \u0219i s\u0103 fascineze oameni din lumea \u00eentreag\u0103.<\/p>\n\n\n\n<p>Evenimentul va fi \u00eentregit de EMINESCU- recital de poezie sus\u021binut de actorul Zeno BALINT, pe fond muzical, realizator Lucian DUCA<\/p>\n\n\n\n<p>Invitat special&nbsp; Ada D. Cruceanu<\/p>\n\n\n\n<p>Evenimentul marcheaz\u0103 Ziua Culturii Na\u021bionale, 175 de ani de la na\u0219terea lui Mihai Eminescu \u0219i este dedicat promov\u0103rii culturii \u0219i identit\u0103\u021bii rom\u00e2ne\u0219ti. (Camelia Duca)<\/p>\n\n\n\n<p>Organizator&nbsp;: Societatea pentru Cultur\u0103 METARSIS &#8211; activit\u0103\u021bi \u0219i servicii de cultur\u0103 urban\u0103 \u0219i art\u0103 contemporan\u0103 \u00een colaborare cu: UZP Rom\u00e2nia, UZP Cara\u0219-Severin, Biblioteca Jude\u021bean\u0103 Paul Iorgovici, Biblioteca German\u0103 Alexander Tietz Re\u0219i\u021ba, Forumul Democratic al Germanilor din Banatul Montan, Muzeul Banatului Montan.<\/p>\n","protected":false},"excerpt":{"rendered":"<p>Mar\u021bi, 14 ianuarie 2025, ora 17:00, Centrul Social ,,Frederic Ozanam\u201d din Re\u0219i\u021ba, str. Paul Iorgovici nr. 44, va fi gazda evenimentului ,,EMINESCU, mo\u0219tenire cutural\u0103\u201d. Va fi prezentat\u0103 publicului o colectie de printuri dup\u0103 lucr\u0103ri cuprinse \u00een albumul &nbsp;,,Mihai Eminescu \u00een grafica mondial\u0103\u201d- un volum de excep\u021bie semnat Nicolae Ioni\u021b\u0103, ed. Karta Grapfic, 2012, volum ce [&hellip;]<\/p>\n","protected":false},"author":1,"featured_media":0,"comment_status":"open","ping_status":"open","sticky":false,"template":"","format":"standard","meta":[],"categories":[3],"tags":[],"_links":{"self":[{"href":"https:\/\/semndecarte.metarsis.ro\/index.php?rest_route=\/wp\/v2\/posts\/13197"}],"collection":[{"href":"https:\/\/semndecarte.metarsis.ro\/index.php?rest_route=\/wp\/v2\/posts"}],"about":[{"href":"https:\/\/semndecarte.metarsis.ro\/index.php?rest_route=\/wp\/v2\/types\/post"}],"author":[{"embeddable":true,"href":"https:\/\/semndecarte.metarsis.ro\/index.php?rest_route=\/wp\/v2\/users\/1"}],"replies":[{"embeddable":true,"href":"https:\/\/semndecarte.metarsis.ro\/index.php?rest_route=%2Fwp%2Fv2%2Fcomments&post=13197"}],"version-history":[{"count":0,"href":"https:\/\/semndecarte.metarsis.ro\/index.php?rest_route=\/wp\/v2\/posts\/13197\/revisions"}],"wp:attachment":[{"href":"https:\/\/semndecarte.metarsis.ro\/index.php?rest_route=%2Fwp%2Fv2%2Fmedia&parent=13197"}],"wp:term":[{"taxonomy":"category","embeddable":true,"href":"https:\/\/semndecarte.metarsis.ro\/index.php?rest_route=%2Fwp%2Fv2%2Fcategories&post=13197"},{"taxonomy":"post_tag","embeddable":true,"href":"https:\/\/semndecarte.metarsis.ro\/index.php?rest_route=%2Fwp%2Fv2%2Ftags&post=13197"}],"curies":[{"name":"wp","href":"https:\/\/api.w.org\/{rel}","templated":true}]}}