{"id":13191,"date":"2024-11-04T22:33:52","date_gmt":"2024-11-04T20:33:52","guid":{"rendered":"http:\/\/semndecarte.metarsis.ro\/?p=13191"},"modified":"2024-11-05T10:55:39","modified_gmt":"2024-11-05T08:55:39","slug":"concurs-de-reportaje-doru-dinu-glavan-3","status":"publish","type":"post","link":"https:\/\/semndecarte.metarsis.ro\/?p=13191","title":{"rendered":"CONCURS DE REPORTAJE \u201eDORU DINU GL\u0102VAN\u201d"},"content":{"rendered":"\n<figure class=\"wp-block-image size-full\"><img loading=\"lazy\" width=\"519\" height=\"203\" src=\"http:\/\/semndecarte.metarsis.ro\/wp-content\/uploads\/2024\/11\/cop-1.jpg\" alt=\"\" class=\"wp-image-13193\" srcset=\"https:\/\/semndecarte.metarsis.ro\/wp-content\/uploads\/2024\/11\/cop-1.jpg 519w, https:\/\/semndecarte.metarsis.ro\/wp-content\/uploads\/2024\/11\/cop-1-160x63.jpg 160w, https:\/\/semndecarte.metarsis.ro\/wp-content\/uploads\/2024\/11\/cop-1-163x64.jpg 163w\" sizes=\"(max-width: 519px) 100vw, 519px\" \/><\/figure>\n\n\n\n<p class=\"has-medium-font-size\"><strong> \u201eMICII MARI JURNALI\u0218TI\u201d ed.a IlI-a, Re\u0219i\u021ba, 2025<\/strong><\/p>\n\n\n\n<p class=\"has-medium-font-size\"><strong>CUVINTE CARE CONTEAZ\u0102 &#8211; CONCURS DE INTERVIURI&nbsp; \u201eOANA CENAN GL\u0102VAN\u201d<\/strong><\/p>\n\n\n\n<p>Societatea pentru Cultur\u0103 METARSIS, Uniunea Ziari\u015ftilor Profesioni\u0219ti din Rom\u00e2nia, Uniunea Ziari\u0219tilor Profesioni\u0219ti &#8211; Filiala Cara\u015f-Severin, Inspectoratul \u015ecolar Jude\u021bean Cara\u0219-Severin, Biblioteca Jude\u021bean\u0103&nbsp; \u201ePaul IORGOVICI\u201d Cara\u015f-Severin, Centrul Jude\u021bean pentru Conservarea \u015fi Promovarea Culturii Tradi\u021bionale Cara\u015f-Severin, Forumul Democratic al Germanilor din Cara\u0219-Severin &nbsp;organizeaz\u0103 &nbsp;CONCURS DE REPORTAJE&nbsp; \u201eDORU DINU GL\u0102VAN\u201d \u0219i CONCURS DE INTERVIURI&nbsp; \u201eOANA CENAN GL\u0102VAN\u201d&nbsp; \u201eMicii mari jurnali\u015fti\u201d ed.a III-a 2025,&nbsp; \u201eCuvinte care conteaz\u0103\u201d.<\/p>\n\n\n\n<!--more-->\n\n\n\n<p>Concursul \u00ee\u0219i propune s\u0103 descopere, s\u0103 pun\u0103 \u00een valoare \u0219i s\u0103 promoveze talente provenite din r\u00e2ndul elevilor c\u0103r\u0103\u0219eni, clasele V-VI, VII-VIIl \u015fi IX-XII. Recomand\u0103m ca reportajele \u0219i interviurile s\u0103 se axeze pe personalit\u0103\u021bi marcante&nbsp; \u0219i realit\u0103\u021bile jude\u021bului Cara\u0219-Severin sau a ora\u015fului Re\u015fi\u021ba aflat, evident, \u00eentr-o etap\u0103 de redefinire economic\u0103, industrial\u0103, social\u0103 \u0219i cultural\u0103, relev\u00e2nd leg\u0103turile tinerei genera\u021bii cu &#8222;Cetatea de Foc&#8221; \u00een anul 254 de istorie industriala; s\u0103 surprind\u0103 actualitatea \u00een mod autentic, plastic, cu atitudine. Reportajele scrise si interviurile avand ca titlu \u201eCuvinte care conteaz\u0103&#8221; pot s\u0103 evoce personalit\u0103\u021bi, evenimente sau aspecte din realitatea cotidian\u0103 red\u00e2nd leg\u0103tura emo\u021bional\u0103, afectiv\u0103, pozitiv\u0103 a tinerilor cu locuri, oameni, culturi, etnii, popoare \u0219i chiar \u021b\u0103ri.<\/p>\n\n\n\n<p>Concursul \u00ee\u0219i&nbsp; propune s\u0103 men\u021bin\u0103 vie amintirea ziaristului, corespondentului, jumalistului Doru Dinu Gl\u0103van (07 iunie l946- 31 octombrie 2021) \u0219i a jurnalistei Oana-Maria Cenan- Gl\u0103van ( 17.07.1973- 07.11.2023).<\/p>\n\n\n\n<p>Textele pentru clasele: V-VI vor avea min. 16 r\u00e2nduri- max. 32 r\u00e2nduri, clasele VII-VIII \u015fi IX-XII min. 32 r\u00e2nduri- max. 96 r\u00e2nduri. Acestea vor fi \u00eenso\u021bite de datele de indentificare ale autorului: nume, prenume, clasa, \u015fcoala, profesor coordonator, telefon \u015fi adresa de e-mail&nbsp; \u015fi vor fi transmise \u00een font 12 Normal, Times New Roman, spa\u021biere 1.5.la data de 01.06.2025 pe adresa de mail: contact@metarsis.ro sau \u00een scris pe adresa Societatea pentru Cultur\u0103&nbsp; METARSIS, Re\u015fi\u021ba, str. Libert\u0103\u021bii 13- Libraria Semn de Carte, jud. Cara\u015f-Severin.<\/p>\n\n\n\n<p>Interviurile realizate de elevi vor fi \u00eenso\u021bite de acelea\u0219i date de indentificare \u0219i vor fi trimise, pe aceea\u0219i adres\u0103, \u00een format digital.<\/p>\n\n\n\n<p>Un juriu de speciali\u015fti va acorda urm\u0103toarele premii pe categorii de concuren\u021bi:<\/p>\n\n\n\n<p>Premiul I, II, III, Men\u021biune pe cele dou\u0103 sec\u021biuni REPORTAJ \u0219i INTERVIU<\/p>\n\n\n\n<p>Se vor acorda:<\/p>\n\n\n\n<p>Premiul Societ\u0103\u021bii pentru Cultur\u0103 METARSIS<\/p>\n\n\n\n<p>Premiul UZPR filiala Cara\u015f-Severin<\/p>\n\n\n\n<p>Premiul Bibliotecii Jude\u021bene \u201ePaul IORGOVICI\u201d<\/p>\n\n\n\n<p>Premiul familiei Cenan- Gl\u0103van<\/p>\n\n\n\n<p>Premiile vor fi publicate pe site-ul UZPR Bucure\u0219ti, pe Podcast-ul Radio UZP Rom\u00e2nia \u0219i \u00een revista REFLEX- art\u0103 cultur\u0103 civiliza\u021bie care apare sub egida Uniunii Scriitorilor din Rom\u00e2nia.<\/p>\n\n\n\n<p>Reportajele \u0219i interviurile realizate vor fi trimise p\u00e2n\u0103 la data de 01.06.2025 pe adresa de mail: contact@metarsis.ro sau \u00een scris pe adresa Societatea pentru Cultur\u0103&nbsp; METARSIS, Re\u015fi\u021ba, str. Libert\u0103\u021bii 13- Libraria Semn de Carte, jud. Cara\u015f-Severin.<\/p>\n\n\n\n<p>Gala de premiere: 07. 06.2025, ora 14:00,\u00a0 la sediul din Lunca B\u00e2rzavei al Bibliotecii Jude\u021bene ,,Paul IORGOVICI\u201d.<\/p>\n","protected":false},"excerpt":{"rendered":"<p>\u201eMICII MARI JURNALI\u0218TI\u201d ed.a IlI-a, Re\u0219i\u021ba, 2025 CUVINTE CARE CONTEAZ\u0102 &#8211; CONCURS DE INTERVIURI&nbsp; \u201eOANA CENAN GL\u0102VAN\u201d Societatea pentru Cultur\u0103 METARSIS, Uniunea Ziari\u015ftilor Profesioni\u0219ti din Rom\u00e2nia, Uniunea Ziari\u0219tilor Profesioni\u0219ti &#8211; Filiala Cara\u015f-Severin, Inspectoratul \u015ecolar Jude\u021bean Cara\u0219-Severin, Biblioteca Jude\u021bean\u0103&nbsp; \u201ePaul IORGOVICI\u201d Cara\u015f-Severin, Centrul Jude\u021bean pentru Conservarea \u015fi Promovarea Culturii Tradi\u021bionale Cara\u015f-Severin, Forumul Democratic al Germanilor din [&hellip;]<\/p>\n","protected":false},"author":1,"featured_media":0,"comment_status":"open","ping_status":"open","sticky":false,"template":"","format":"standard","meta":[],"categories":[3],"tags":[],"_links":{"self":[{"href":"https:\/\/semndecarte.metarsis.ro\/index.php?rest_route=\/wp\/v2\/posts\/13191"}],"collection":[{"href":"https:\/\/semndecarte.metarsis.ro\/index.php?rest_route=\/wp\/v2\/posts"}],"about":[{"href":"https:\/\/semndecarte.metarsis.ro\/index.php?rest_route=\/wp\/v2\/types\/post"}],"author":[{"embeddable":true,"href":"https:\/\/semndecarte.metarsis.ro\/index.php?rest_route=\/wp\/v2\/users\/1"}],"replies":[{"embeddable":true,"href":"https:\/\/semndecarte.metarsis.ro\/index.php?rest_route=%2Fwp%2Fv2%2Fcomments&post=13191"}],"version-history":[{"count":0,"href":"https:\/\/semndecarte.metarsis.ro\/index.php?rest_route=\/wp\/v2\/posts\/13191\/revisions"}],"wp:attachment":[{"href":"https:\/\/semndecarte.metarsis.ro\/index.php?rest_route=%2Fwp%2Fv2%2Fmedia&parent=13191"}],"wp:term":[{"taxonomy":"category","embeddable":true,"href":"https:\/\/semndecarte.metarsis.ro\/index.php?rest_route=%2Fwp%2Fv2%2Fcategories&post=13191"},{"taxonomy":"post_tag","embeddable":true,"href":"https:\/\/semndecarte.metarsis.ro\/index.php?rest_route=%2Fwp%2Fv2%2Ftags&post=13191"}],"curies":[{"name":"wp","href":"https:\/\/api.w.org\/{rel}","templated":true}]}}