{"id":13182,"date":"2024-10-15T20:41:19","date_gmt":"2024-10-15T18:41:19","guid":{"rendered":"http:\/\/semndecarte.metarsis.ro\/?p=13182"},"modified":"2024-10-19T13:30:18","modified_gmt":"2024-10-19T11:30:18","slug":"festivalul-international-sabin-pautza-editia-a-xi-a-resita-23-27-oct-2024","status":"publish","type":"post","link":"https:\/\/semndecarte.metarsis.ro\/?p=13182","title":{"rendered":"FESTIVALUL INTERNA\u021aIONAL SABIN PAUTZA, edi\u021bia a XI-a, RE\u0218I\u021aA 23 &#8211; 27 oct. 2024"},"content":{"rendered":"\n<figure class=\"wp-block-image size-full is-resized\"><img loading=\"lazy\" src=\"https:\/\/semndecarte.metarsis.ro\/wp-content\/uploads\/2024\/10\/01-afis-mic-fb.jpg\" alt=\"\" class=\"wp-image-13189\" width=\"520\" height=\"230\"\/><\/figure>\n\n\n\n<p class=\"has-medium-font-size\"><strong>Motto: <\/strong>\u201e \u00cen Re\u0219i\u021ba se nasc ceremonii\/ De pe B\u00eerzava, dealuri-ve\u0219nicii.\/ La Re\u0219i\u021ba d\u0103 floarea vie\u021bii-n spic\/ Precum izvoarele \u00een Mun\u021bii Semenic.\u201d&nbsp; Imnul Re\u0219i\u021bei, text Octavian DOCLIN, muzica Sabin PAUTZA<\/p>\n\n\n\n<p>Festivalul Interna\u0163ional SABIN PAUTZA (FISP) este un proiect METARSIS ini\u0163iat din pre\u0163uire fa\u0163\u0103 de una dintre valorile de necontestat ale Banatului Montan &#8211; \u015fi nu numai \u2013 compozitorul, dirijorul, profesorul universitar doctor Sabin PAUTZA.&nbsp; \u0218i din respect pentru muzica de calitate, muzic\u0103 studiat\u0103 \u00een ani de zile, cu renun\u0163\u0103ri \u015fi sacrificii. Concretizat prin efortul unit al melomanilor, FISP, edi\u0163ia a XI-a, se desf\u0103\u015foar\u0103 la Re\u015fi\u0163a \u00een perioada 23 &#8211; 27 oct. 2024 sub semnul anivers\u0103ri a 81 de ani de via\u021b\u0103 \u0219i 61 de ani de carier\u0103 a maestrului Sabin PAUTZA.&nbsp; Vor avea loc lans\u0103ri de carte, expozi\u021bii, recitaluri, concerte.<\/p>\n\n\n\n<!--more-->\n\n\n\n<p><strong>Sabin PAUTZA<\/strong>&nbsp; s-a n\u0103scut la 8 februarie 1943 la C\u00e2lnic-Re\u0219i\u021ba. Compozitor, dirijor, profesor univ. dr. Sabin PAUTZA a urmat cursurile Liceului de Matematic\u0103 din Re\u0219i\u021ba, studiind \u00een paralel muzica. Liceul de Muzic\u0103 din Re\u0219i\u021ba, din anul 2003, \u00eei poart\u0103 numele. \u00cen anul 1965 a absolvit Conservatorul \u201dCiprian Porumbescu\u201d din Bucure\u0219ti unde s-a bucurat de \u00eendrumarea unor dasc\u0103li de prestigiu ca: Mar\u021bian NEGREA (compozi\u021bie), Ion DUMITRESCU (armonie), Tudor CIORTEA (forme), Ioan VICOL (dirijat cor), Emilia COMI\u0218EL (etno-muzicologie), Aurel Stroe (orchestra\u021bie). S-a specializat apoi \u00een compozi\u021bie \u0219i dirijat orchestr\u0103 la Academia Chigiana din Siena (Italia) cu Franco DONATONI, Franco FERRARA \u0219i Bruno MADERNA. \u00centre anii 1965 \u0219i 1984 a activat ca asistent \u0219i, mai t\u00e2rziu, lector la clasele de armonie, dirijat \u0219i orchestra\u021bie ale Academiei ,,George Enescu\u201d din Ia\u0219i. Aici a \u00eenfiin\u021bat \u00een anul 1967 Camerata ,,Animosi\u201d&nbsp; \u0219i a fost numit, din anul 1975, succesorul dirijorului Ion BACIU la pupitrul Orchestrei Simfonice a Conservatorului. \u00cen anul 1984 s-a stabilit \u00een Statele Unite ale Americii unde a fost numit, prin concurs, Director Artistic \u0219i Prim Dirijor al celei mai vechi Filarmonici din statul New Jersey, Plainfield Symphony Orchestra. Dup\u0103 o activitate de peste 25 de ani la conducerea acestei institu\u021bii, Prim\u0103ria ora\u0219ului Plainfield l-a numit ,,Cet\u0103\u021bean de Onoare\u201d al ora\u0219ului \u0219i Dirijor Emeritus, pe via\u021b\u0103, al acelea\u0219i Filarmonici, decret\u00e2nd ziua de 7 Mai 2009 &nbsp;,,Ziua Sabin PAUTZA\u201d&nbsp; \u00een Plainfield, New Jersey. Crea\u021bia compozitorului Sabin PAUTZA cuprinde toate genurile muzicale. De la muzica de camer\u0103 la jazz, de la crea\u021bii corale la simfonii \u0219i oratorii, concerte pentru diferite instrumente, voci \u015fi orchestr\u0103, portofoliul componistic fiind unul prestigios. \u00cen anul 2021, termin\u0103 REQUIEM BAROC, lucrare impresionant\u0103 pentru cor \u0219i orchestr\u0103 format\u0103 din 12 p\u0103r\u021bi, interpretat\u0103 \u00een prim\u0103 audi\u021bie- on line- la Arad \u0219i prim\u0103 audi\u021bie- cu public- \u00een Biserica Romano-Catolic\u0103 ,,Maria Z\u0103pezii\u201d din Re\u0219i\u021ba,&nbsp; \u00een 29 septembrie 2021, &nbsp;\u00een cadrul celei de-a VIII-a edi\u021bie a Festivalului Interna\u021bional Sabin PAUTZA, dedicat Re\u0219i\u021bei la 250 de ani de istorie industrial\u0103 (1771-2021). La pupitrul Orchestrei Filarmonice de Stat Arad a fost \u00eensu\u0219i Sabin PAUTZA. &nbsp;Activitatea sa interna\u021bional\u0103 de dirijor \u0219i compozitor i-a adus, printre alte distinc\u021bii \u0219i premii na\u021bionale \u0219i interna\u021bionale, &nbsp;titlul onorific de ,,Doctor in Music\u201d decernat de London Institute for Applied Research \u0219i titlul de Doctor \u00een Compozi\u021bie (Summa Cum Laudae) al Academiei de Muzic\u0103 Gheorghe Dima din Cluj-Napoca. Regele Mihai I al Rom\u00e2niei &nbsp;i-a conferit Medalia \u201dNihil Sine Deo\u201d a Casei Regale pentru serviciile aduse Rom\u00e2niei \u00een activitatea sa multilateral\u0103 de peste 55 de ani. Sabin PAUTZA este membru al Uniunii Compozitorilor \u0219i Muzicologilor din Rom\u00e2nia, al organiza\u021biei Conductors Guide of New Jersey, al Biroului de Consilieri al Institutului Biographic American \u0219i al ASCAP (Uniunea Compozitorilor \u0219i Muzicologilor Americani). Numele s\u0103u figureaz\u0103 al\u0103turi de marii muzicieni ai lumii \u00een ,,Who\u2019s Who in Music\u201d, publicat la Cambridge, Anglia (edi\u021biile din 1980-1984-1992-2000) \u0219i \u00een volumul ,,2000 De Americani Notabili\u201d, publicat de American Biographical Institute. Compozi\u021biile sale sunt publicate \u00een mare majoritate de c\u0103tre Firma San Nicobian Edition din New York iar casa de discuri Swift Music Group din New Jersey editeaz\u0103 \u00een prezent seria Opera Omnia. Este Cet\u0103\u021bean de Onoare al Jude\u021bului Cara\u0219- Severin, al municipiului Re\u0219i\u021ba \u0219i ,,Doctor Honoris Causa\u201d al Universit\u0103\u021bii din T\u00e2rgovi\u0219te \u0219i al Centrului Universitar Babe\u0219-Bolyai Cluj.&nbsp;<\/p>\n\n\n\n<p><strong>Octavian DOCLIN<\/strong> (17 februarie 1950- 11 februarie 2020). Poetul s-a n\u0103scut&nbsp; la&nbsp; Doclin, jude\u0163ul Cara\u015f-Severin, redactor-\u015fef al revistei Reflex \u2013 art\u0103, cultur\u0103, civiliza\u0163ie (Re\u015fi\u0163a) \u015fi coordonatorul Colocviilor Na\u021bionale&nbsp; Reflex. Membru din anul 1982 al&nbsp; Uniunii Scriitorilor din Rom\u00e2nia. Cu opera tip\u0103rit\u0103 \u00een peste 40 de volume Octavian Doclin a fost distins cu Ordinul Meritul Cultural \u00een Grad de Cavaler (2004), acordat de Pre\u015fedintele Rom\u00e2niei, Cet\u0103\u0163ean de Onoare al comunei Doclin (Cara\u015f-Severin) \u2013 1997, Cet\u0103\u0163ean de Onoare al municipiului Re\u015fi\u0163a, 2009. \u201eCutreierat de obsesii \u015fi h\u0103r\u0163uit de luciditate, Octavian Doclin unific\u0103 \u00een opera sa ceea ce define\u015fte cu asupra de m\u0103sur\u0103 via\u0163a noastr\u0103, iubirea \u015fi cunoa\u015fterea (&#8230; ) transgres\u00e2nd, prin aglutinare, orice dogm\u0103, crea\u0163ia doclinian\u0103 contureaz\u0103 \u015fi, deopotriv\u0103, t\u00e2nje\u015fte ne\u00eencetat dup\u0103 unitatea armonic\u0103 a lumii, \u00eensufle\u0163it\u0103 de sacralitate (&#8230;). Octavian Doclin se a\u015feaz\u0103 al\u0103turi de aceia care izbutesc s\u0103 ne reveleze un cosmos exemplar, via\u0163a noastr\u0103, \u00een dimensiunile ei altitudinale.\u201d (Valy Ceia). Poetul \u0219i-a \u00eenceput zborul spre stele \u00eentr-o diminea\u021b\u0103 fatidic\u0103 de februarie a anului 2020, cu o sapt\u0103m\u00e2n\u0103 \u00eenaintea anivers\u0103rii a 70 de ani de via\u021b\u0103.&nbsp;<\/p>\n\n\n\n<p>\u201eImnul Re\u0219i\u021bei\u201d este o expresie a vitalit\u0103\u021bii artistice a celor doi autori, Octavian DOCLIN (versuri), Sabin PAUTZA (muzica), \u0219i a nesf\u00e2r\u0219itei lor iubiri fa\u021b\u0103 de Cetatea de Inimi \u0219i de Foc.<\/p>\n\n\n\n<p><strong>IMNUL RE\u0218I\u021aEI<\/strong><\/p>\n\n\n\n<p>I. Ora\u0219ul n-are ziduri de cetate \/ \u0218i nici istorii milenare-n date, \/ Dar flac\u0103ra ce-n inima lui bate, \/ E-un diamant cu sute de carate.<\/p>\n\n\n\n<p>II. O slov\u0103-n foc acum e f\u0103urit\u0103 \/ Cu pana, cu penelul \u0219i cu jocul, \/ F\u00e2nt\u00e2na lui la ceruri se ridic\u0103 \/ \u0218i-n ochii de copii cite\u0219ti norocul.<\/p>\n\n\n\n<p>Refren 1: \u00cen Re\u0219i\u021ba se nasc ceremonii, \/ De pe B\u00eerzava, dealuri-ve\u0219nicii. \/ La Re\u0219i\u021ba tr\u0103ie\u0219ti mai mult, \u00ee\u021bi zic \/ Precum z\u0103pezile \u00een Semenic.<\/p>\n\n\n\n<p>III.&nbsp; Pe soclu st\u0103 locomotiva&nbsp; UNU \/ \u0218i-n Turnul Vechi mai fierbe azi o\u021belul, \/ Prin c\u00eentec \u0219i-armonii durat-am drumul, \/ La t\u00eempl\u0103-\u0219i poart\u0103-ora\u0219ul&nbsp; ghiocelul.<\/p>\n\n\n\n<p>IV. &nbsp;Cu \u201eCIOCOLOM\u201d \u0219i cu un \u201eBUN SOSIT\u201d \/ Cu \u201eGUTENTAG\u201d \u0219i s\u00eerbul \u201eDOBARDAN! \/ Te-nt\u00eempin\u0103 ora\u0219ul, de-ai venit \/ S\u0103 legi cu el noi v\u00e2rste, an de an.<\/p>\n\n\n\n<p>Refren 2: \u00cen Re\u0219i\u021ba se nasc ceremonii, \/ &nbsp;De pe B\u00eerzava, dealuri-ve\u0219nicii. \/ &nbsp;La Re\u0219i\u021ba d\u0103 floarea vie\u021bii-n spic \/&nbsp;&nbsp;&nbsp;&nbsp; &nbsp;Precum izvoarele \u00een Mun\u021bii Semenic.<\/p>\n\n\n\n<p>Not\u0103: Se \u00een\u021belege, fire\u0219te, c\u0103 expresiile notate cu ghilimele \u2013 strofa a IV-a, versul al II-lea \u2013 reproduc pronun\u021bia \u00een limba rom\u00e2n\u0103 a cuvintelor de salut din limbile respective (german\u0103, maghiar\u0103, s\u00eerb\u0103). Rrev\u0103zut&nbsp; de autor, mai&nbsp; 2019, Re\u0219i\u021ba<\/p>\n\n\n\n<p><strong><u>AVANPREMIER\u0102 FISP XI<\/u><\/strong><strong><u><\/u><\/strong><\/p>\n\n\n\n<p><strong>Miercuri, 23 octombrie 2024<\/strong><\/p>\n\n\n\n<p>Ora 11:00 <strong>Centrul Universitar Babe\u0219-Bolyai, Re\u0219i\u021ba, Aula MAGNA<\/strong><strong><\/strong><\/p>\n\n\n\n<p><strong>Sabin PAUTZA, copiii \u0219i \u0219coala altfel; Cum se face muzica? <\/strong><strong>AL\u0102MURILE<\/strong><strong><\/strong><\/p>\n\n\n\n<p>Principalele grupe de instrumente dintr-o orchestr\u0103 simfonic\u0103. Instrumente de suflat din alam\u0103.<\/p>\n\n\n\n<p>Prezint\u0103 prof. Lucian VOINA, Liceul de Arte ,,Sabin P\u0103u\u021ba\u201d, Re\u0219i\u021ba<\/p>\n\n\n\n<p>Bardocz Mark, cl.a XI-a, trompet\u0103, W.A. Mozart: Concertul nr.3,&nbsp; part.I<\/p>\n\n\n\n<p>Bardocz Eduard, cl. aXI-a, trompet\u0103 Joseph Haydn, Concert \u00een Mi bemol Major, part.I<\/p>\n\n\n\n<p>Cu participarea extraordinar\u0103 a Corului STELU\u021aE al &nbsp;\u0218colii Gimnaziale ,,Marius \u0218ANDRU\u201d , Re\u0219i\u021ba, dirijor: Mariana BREBENARIU, Laureat la: Festivalului Corurilor pentru Copii- Pessaro, Italia- premiul I Festivalul Muzicii pentru Copii \u2013 Nerpelt, Belgia- premiul II<\/p>\n\n\n\n<p><strong>Miercuri, 23 octombrie 2024<\/strong><\/p>\n\n\n\n<p>Ora 17:00<strong> <\/strong><strong>LICEUL DE ARTE SABIN P\u0102U\u021aA, Sala LIRA<\/strong><\/p>\n\n\n\n<p><strong>Sabin PAUTZA, diamantul familiei componistice&nbsp; re\u0219i\u021bene<\/strong><strong><\/strong><\/p>\n\n\n\n<p>Recital extraordinar: Sorin PETRESCU, pian; Andrei CUIBARIU, clarinet; Dorin CUIBARIU, clarinet<\/p>\n\n\n\n<p>\u00cen program: S. Pautza, W.M. Klepper, Doru Popovici, Margareta Tietz-Cocora, Mar\u021bian Negrea<\/p>\n\n\n\n<p>Cu participarea maestrului Sabin PAUTZA<\/p>\n\n\n\n<p><strong>Miercuri, 23 octombrie 2024<\/strong><\/p>\n\n\n\n<p>Ora 19:00 <strong>MUZEUL BANATULUI MONTAN, Re\u0219i\u021ba<\/strong><strong><\/strong><\/p>\n\n\n\n<p><strong>Sabin PAUTZA, b\u0103n\u0103\u021beanul<\/strong><strong><\/strong><\/p>\n\n\n\n<p>Expozi\u021bie de ART\u0102 NAIV\u0102, Cercul de pictur\u0103 Deutsche Kunst al FDG Cara\u0219 Severin<\/p>\n\n\n\n<p>SPECTACOL FOLCLORIC, Sear\u0103 b\u0103n\u0103\u021bean\u0103: Virtuozii Semenicului \u0219i invita\u021bii acestora<\/p>\n\n\n\n<p><strong>Joi, 24 octombrie 2024<\/strong><\/p>\n\n\n\n<p>Ora 11:00 <strong>BIBLIOTECA JUDE\u021aEAN\u0102 Paul IORGOVICI, Filiala Lunca B\u00e2rzavei<\/strong><strong><\/strong><\/p>\n\n\n\n<p><strong>Sabin PAUTZA, autor de carte<\/strong><strong><\/strong><\/p>\n\n\n\n<p>Prezentare de carte: Carnaval far\u0103 m\u0103\u0219ti sau Hai s\u0103 (ne) r\u00e2dem, Sabin Pautza; De la rom\u00e2ni adunate (\u0219i nu numai) \u0219i-napoi la rom\u00e2ni date, Florian Lungu (Mo\u0219u\u2019) &amp; Sabin Pautza (copilu\u2019). Prezint\u0103: Clara Maria CONSTANTIN, manager BJ PI Cara\u0219-Severin<\/p>\n\n\n\n<p><strong>Joi, 24 octombrie 2024<\/strong><\/p>\n\n\n\n<p>Ora 19:00<strong> <\/strong><strong>LICEUL DE ARTE SABIN PAUTZA, Sala LIRA<\/strong><\/p>\n\n\n\n<p><strong><u>Deschiderea FESTIVALULUI INTERNA\u021aIONAL SABIN PAUTZA, edi\u021bia a XI-a, 23-27 oct.&nbsp; 2024<\/u><\/strong><strong><u><\/u><\/strong><\/p>\n\n\n\n<p><strong>Sabin PAUTZA \u0219i emo\u021bia culorilor, <\/strong>Expozi\u021bie de pictur\u0103 cu cele mai reprezentative lucr\u0103ri de atestat realizate de absolven\u021bii Liceul de Arte ,,Sabin P\u0103u\u021ba\u201d din&nbsp; Re\u0219i\u021ba. Curator: prof. Adrian GAROIU<\/p>\n\n\n\n<p>Ora 19:15<\/p>\n\n\n\n<p><strong>Sabin PAUTZA<\/strong>, <strong>darul divin<\/strong><\/p>\n\n\n\n<p>Concert vocal simfonic; Corul ARMONIA \u0219i orchestra Liceului de Arte ,,Sabin P\u0103u\u021ba\u201d, Re\u0219i\u021ba. Dirijori: Prof. Emanuela MODOVAN, Prof. Cornel TODEA, Prof. Lorand BALOG-REMELEI. La pian: prof. Remus HOSZ<\/p>\n\n\n\n<p>\u00cen program, lucr\u0103ri de: I.L. de Victoria, A. Vivaldi, W.A. Mozart, A. Bruckner, Gh. Mandicevski,J. Brahms, G. Muzicescu, S. Pautza<\/p>\n\n\n\n<p><strong>Vineri, 25 octombrie 2024<\/strong><\/p>\n\n\n\n<p>Ora 16:00<strong> BIBLIOTECA GERMAN\u0102 ,,ALEXANDER TIETZ<\/strong>\u201d<strong><\/strong><\/p>\n\n\n\n<p><strong>Sabin PAUTZA,<\/strong><strong> <\/strong><strong>Who\u2019s who in music, Expozi\u021bie documentar\u0103<\/strong><strong><\/strong><\/p>\n\n\n\n<p>Recital clasa de canto prof. Cornelia BALOGH- REMELEI, Liceul de Arte ,,Sabin P\u0103u\u021ba\u201d, Re\u0219i\u021ba. Alberto ARBORE, cl. a XI-a; Iasmina BECEA, cl. a XI-a; Narcis C\u0102LD\u0102RA\u0218, cl. a XII-a;<\/p>\n\n\n\n<p>Recital clasa se suflat prof. Adrian ROIBAN, Liceul de Arte ,,Sabin P\u0103u\u021ba\u201d, Re\u0219i\u021ba. Rut MACIOCA, cl. a XI-a, flaut; Efraim MACIOCA, cl. a IX-a, clarinet. La pian: prof. Lorand BALOGH-REMELEI.<\/p>\n\n\n\n<p>In program In program: Fr. SCHUBERT, W.A. MOZART, T. BREDICEANU<\/p>\n\n\n\n<p><strong>Vineri, 25 octombrie 2024<\/strong><\/p>\n\n\n\n<p>Ora 19:00<strong> LICEUL DE ARTE SABIN P\u0102U\u021aA, Sala LIRA<\/strong><strong><\/strong><\/p>\n\n\n\n<p><strong>Sabin PAUTZA \u0219i muzicieni consacra\u021bi<\/strong><strong><\/strong><\/p>\n\n\n\n<p><strong>Recital extraordinar <em>GERMANI &#8211; <\/em>&nbsp;Works for tuba, harp &amp; piano &#8211; EL INMORTAL<\/strong><strong><\/strong><\/p>\n\n\n\n<p>Siegfried JUNG, tub\u0103; Johanna JUNG, harp\u0103; Susanne ENDRES, pian.<\/p>\n\n\n\n<p>In program: Gerardo GARDELIN, W. Maerz, John FRITH, S. PAUTZA<\/p>\n\n\n\n<p><strong>S\u00e2mb\u0103t\u0103, 26 octombrie 2024<\/strong><\/p>\n\n\n\n<p>Ora 12:00 <strong>MUZEUL BANATULUI MONTAN, Re\u0219i\u021ba<\/strong><strong><\/strong><\/p>\n\n\n\n<p><strong>Sabin PAUTZA \u0218I ORA\u0218UL CU POE\u021aI &#8211; Recital de lieduri compuse de Sabin PAUTZA pe versuri poetului Costel SIMEDREA, <\/strong>prof.&nbsp; Adina COVACI, sopran\u0103 (Timi\u0219oara); prof.&nbsp; Sorina MUNTEAN (Arad)<\/p>\n\n\n\n<p>la pian:&nbsp; Sebastian COVACI (Timi\u0219oara).<\/p>\n\n\n\n<p><strong>S\u00e2mb\u0103t\u0103, 26 octombrie 2024<\/strong><\/p>\n\n\n\n<p>Ora 17:00<strong> <\/strong><strong>LICEUL DE ARTE SABIN P\u0102U\u021aA, Sala LIRA<\/strong><\/p>\n\n\n\n<p><strong>Recital extraordinar Fabiani Gabriel Andrei PRCSINA<\/strong>, pian (Bucure\u0219ti); C\u00e2\u0219tig\u0103torul primei edi\u021bii a Concursului de Interpretare Pianistic\u0103 \u0219i Compozi\u021bie din cadrul Festicvalului Interna\u021bional Sabin PAUTZA, Re\u0219i\u021ba, 2014<\/p>\n\n\n\n<p>In program: J.S.BACH, W.A. MOZART, Fr. CHOPIN, M. RAVEL, Fr. LISZT, G.ENESCU, S.PAUTZA<\/p>\n\n\n\n<p><strong>Duminic\u0103, 27 octombrie 2024<\/strong><\/p>\n\n\n\n<p>Ora 18:30<strong> <\/strong><strong>LICEUL DE ARTE SABIN P\u0102U\u021aA, Sala LIRA<\/strong><strong><\/strong><\/p>\n\n\n\n<p><strong>CONCERT DE GAL\u0102 &#8211; <\/strong><strong>Estera&nbsp; NEAG &nbsp;(FOR\u0102G\u0102U)<\/strong> &nbsp;&amp; <strong>Mark Joshua LACATO\u0218<\/strong>, (Cluj Napoca) &nbsp;pian la 4 m\u00e2ini; C\u00e2\u0219tig\u0103torii Marelui Premiu la Concursul de Interpretare Pianistic\u0103 \u0219i Compozi\u021bie din cadrul<\/p>\n\n\n\n<p>Festivalului Interna\u021bional Sabin PAUTZA, ed. a X-a, 2023<\/p>\n\n\n\n<p>In program: S.PAUTZA<\/p>\n\n\n\n<p><strong>Orchestra Academic\u0103 Cluj Napoca; solist: Daniel GOI\u021aI, pian; la pupitru: Matei POP<\/strong><strong><\/strong><\/p>\n\n\n\n<p>\u00cen program: L.v. BEETHOVEN- Concertul nr. 1 \u00een DO MAJOR; Sabin PAUTZA- Jocuri II<\/p>\n\n\n\n<p>ORGANIZATOR:Societatea pentru Cultur\u0103 METARSIS, activit\u0103\u021bi \u0219i servicii de cultur\u0103 urban\u0103 \u0219i art\u0103 contemporan\u0103; Cu sprijinul: Prim\u0103ria Re\u0219i\u021ba, Consiliul Local Re\u0219i\u021ba.<\/p>\n\n\n\n<p>PARTENERI CULTURALI: Muzeul Banatului Montan, Centrul Universitar al UBB din Re\u0219i\u021ba, Centrul Jude\u021bean pentru Conservarea \u0219i Promovarea Culturii Tradi\u021bionale Cara\u0219-Severin, Biblioteca Jude\u021bean\u0103 ,,Paul IORGOVICI\u201d Cara\u0219-Severin,&nbsp; Inspectoratul \u0218colar Jude\u021bean Cara\u0219-Severin,&nbsp; Liceul de Arte ,,Sabin P\u0102U\u021aA\u201d Re\u0219i\u021ba, Liceul de Arte ,,Ion VIDU\u201d Timi\u0219oara, Forumul Democratic al Germanilor din jude\u021bul Cara\u0219-Severin, Rotary Club Re\u0219i\u021ba, Rotary Community Corps Re\u0219i\u021ba, Lions Onix Re\u0219i\u021ba, \u0218coala Gimnazial\u0103 ,,Marius \u0218andru\u201d, Re\u0219i\u021ba,&nbsp; Calor Grup, Refill, Gradimex, Cofet\u0103ria Mihandra.<\/p>\n\n\n\n<p>PARTENERI MEDIA: Radio Rom\u00e2nia Re\u0219i\u021ba, Radio Rom\u00e2nia Timi\u0219oara, Jurnal de Cara\u0219, Reper 24, Banat TV, Banat Fm, Cara\u0219 on line, Argument CS, UZP Rom\u00e2nia, Reper 24, Express de Banat .<\/p>\n\n\n\n<p>Servicii profesionale: piperiu.eu<\/p>\n","protected":false},"excerpt":{"rendered":"<p>Motto: \u201e \u00cen Re\u0219i\u021ba se nasc ceremonii\/ De pe B\u00eerzava, dealuri-ve\u0219nicii.\/ La Re\u0219i\u021ba d\u0103 floarea vie\u021bii-n spic\/ Precum izvoarele \u00een Mun\u021bii Semenic.\u201d&nbsp; Imnul Re\u0219i\u021bei, text Octavian DOCLIN, muzica Sabin PAUTZA Festivalul Interna\u0163ional SABIN PAUTZA (FISP) este un proiect METARSIS ini\u0163iat din pre\u0163uire fa\u0163\u0103 de una dintre valorile de necontestat ale Banatului Montan &#8211; \u015fi nu [&hellip;]<\/p>\n","protected":false},"author":1,"featured_media":0,"comment_status":"open","ping_status":"open","sticky":false,"template":"","format":"standard","meta":[],"categories":[1],"tags":[],"_links":{"self":[{"href":"https:\/\/semndecarte.metarsis.ro\/index.php?rest_route=\/wp\/v2\/posts\/13182"}],"collection":[{"href":"https:\/\/semndecarte.metarsis.ro\/index.php?rest_route=\/wp\/v2\/posts"}],"about":[{"href":"https:\/\/semndecarte.metarsis.ro\/index.php?rest_route=\/wp\/v2\/types\/post"}],"author":[{"embeddable":true,"href":"https:\/\/semndecarte.metarsis.ro\/index.php?rest_route=\/wp\/v2\/users\/1"}],"replies":[{"embeddable":true,"href":"https:\/\/semndecarte.metarsis.ro\/index.php?rest_route=%2Fwp%2Fv2%2Fcomments&post=13182"}],"version-history":[{"count":0,"href":"https:\/\/semndecarte.metarsis.ro\/index.php?rest_route=\/wp\/v2\/posts\/13182\/revisions"}],"wp:attachment":[{"href":"https:\/\/semndecarte.metarsis.ro\/index.php?rest_route=%2Fwp%2Fv2%2Fmedia&parent=13182"}],"wp:term":[{"taxonomy":"category","embeddable":true,"href":"https:\/\/semndecarte.metarsis.ro\/index.php?rest_route=%2Fwp%2Fv2%2Fcategories&post=13182"},{"taxonomy":"post_tag","embeddable":true,"href":"https:\/\/semndecarte.metarsis.ro\/index.php?rest_route=%2Fwp%2Fv2%2Ftags&post=13182"}],"curies":[{"name":"wp","href":"https:\/\/api.w.org\/{rel}","templated":true}]}}