{"id":13119,"date":"2024-05-26T18:10:27","date_gmt":"2024-05-26T16:10:27","guid":{"rendered":"http:\/\/semndecarte.metarsis.ro\/?p=13119"},"modified":"2024-05-26T18:10:29","modified_gmt":"2024-05-26T16:10:29","slug":"concurs-de-reportaje-doru-dinu-glavan-2","status":"publish","type":"post","link":"https:\/\/semndecarte.metarsis.ro\/?p=13119","title":{"rendered":"CONCURS DE REPORTAJE \u201eDORU DINU GL\u0102VAN\u201d"},"content":{"rendered":"\n<figure class=\"wp-block-image size-full is-resized\"><img src=\"https:\/\/semndecarte.metarsis.ro\/wp-content\/uploads\/2024\/02\/cop.jpg\" alt=\"\" class=\"wp-image-13120\" height=\"230\" srcset=\"https:\/\/semndecarte.metarsis.ro\/wp-content\/uploads\/2024\/02\/cop.jpg 600w, https:\/\/semndecarte.metarsis.ro\/wp-content\/uploads\/2024\/02\/cop-160x83.jpg 160w, https:\/\/semndecarte.metarsis.ro\/wp-content\/uploads\/2024\/02\/cop-163x85.jpg 163w\" sizes=\"(max-width: 600px) 100vw, 600px\" \/><\/figure>\n\n\n\n<p class=\"has-text-align-center\" style=\"font-size:23px\"><strong>\u201eMicii mari jurnali\u015fti&#8221;, Re\u0219i\u021ba, ed. a lI-a, 2024,\u201eMinunat\u0103-i prietenia!\u201d<\/strong><\/p>\n\n\n\n<p>Motto: ,,Minunat\u0103-i prietenia\/ Cel mai scump \u0219i drag cuv\u00e2nt\/ O-n\u021beleg numai aceeia\/ Care-n via\u021b\u0103 \u0219tiu a fi\/ Omeno\u0219i cu oamenii\/\u201d (Prieteni pe via\u021b\u0103)<\/p>\n\n\n\n<p>Societatea pentru Cultur\u0103 METARSIS, Uniunea Ziari\u015ftilor Profesioni\u0219ti din Rom\u00e2nia, UZPR &#8211; Filiala Cara\u015f-Severin, Inspectoratul \u015ecolar Jude\u021bean Cara\u0219-Severin, Biblioteca Jude\u021bean\u0103 <strong>\u201e<\/strong>Paul IORGOVICI<strong>\u201d<\/strong> Cara\u015f-Severin, Centrul Jude\u021bean pentru Conservarea \u015fi Promovarea Culturii Tradi\u021bionale Cara\u015f-Severin, Re\u0219i\u021ba, Forumul Democratic al Germanilor din Cara\u0219-Severin, organizeaz\u0103 &nbsp;CONCURS DE REPORTAJE <strong>\u201e<\/strong>DORU DINU GL\u0102VAN<strong>\u201d- \u201e<\/strong>Micii mari jurnali\u015fti<strong>\u201d<\/strong>, Re\u0219i\u021ba, ed. a II-a, 2024, <strong>\u201e<\/strong>Minunat\u0103-i prietenia!<strong>\u201d.<\/strong><\/p>\n\n\n\n<p>Reportajele vor fi trimise p\u00e2n\u0103 la 01.06.2024 pe adresa de mail <a href=\"mailto:contact@metarsis.ro\">contact@metarsis.ro<\/a> sau vor fi aduse la libr\u0103ria Semn de Carte, Re\u0219i\u021ba, str. Libert\u0103\u021bii 13.<\/p>\n\n\n\n<p>Gala de premiere: 07. 06.2024, ora 14:00, la sediul din Lunca B\u00e2rzavei al Bibliotecii Jude\u021bene ,,Paul IORGOVICI\u201d.<\/p>\n\n\n\n<!--more-->\n\n\n\n<p>Concursul \u00ee\u0219i&nbsp; propune s\u0103 men\u021bin\u0103 vie amintirea ziaristului, corespondentului, junalistului Doru Dinu Gl\u0103van (07 iunie l946- 31 octombrie 2021).<\/p>\n\n\n\n<p>Edi\u021bia 2024 se dedic\u0103 jurnalistei Oana-Maria Cenan- Gl\u0103van (17.07.1973- 07.11.2023).<\/p>\n\n\n\n<p>Concursul de reportaje ,,DORU DINU GL\u0102VAN&#8221;,- ,,Mici mari jurnali\u015fti&#8221;, &nbsp;Re\u0219i\u021ba, ed. a II-a, 2024, \u201e Minunat\u0103-i prietenia&#8221; &nbsp;\u00ee\u0219i propune s\u0103 descopere, s\u0103 pun\u0103 \u00een valoare \u0219i s\u0103 promoveze talente provenite din r\u00e2ndul elevilor c\u0103r\u0103\u0219eni. Este structurat pe trei categorii:<\/p>\n\n\n\n<p>Gimnaziu: Cat. A: clasele &nbsp;V-VI<\/p>\n\n\n\n<p>&nbsp;&nbsp;&nbsp;&nbsp;&nbsp;&nbsp;&nbsp;&nbsp;&nbsp;&nbsp;&nbsp;&nbsp;&nbsp;&nbsp;&nbsp;&nbsp; Cat. B:&nbsp; clasele VII-VIIl<\/p>\n\n\n\n<p>Liceu:&nbsp;&nbsp;&nbsp;&nbsp;&nbsp;&nbsp; Cat. C: clasele &nbsp;IX-XII.<\/p>\n\n\n\n<p>Ne propunem \u00eencurajarea crea\u021biei jurnalistice \u0219i publicistice ca domeniu distinct al vie\u021bii spirituale, descoperirea de tinere talente pe care s\u0103 le \u00eencuraj\u0103m s\u0103 devin\u0103 jurnali\u015fti one\u015fti, creativi, dedica\u021bi publicului larg, ap\u0103r\u0103rtori ai drepturilor, libert\u0103\u021bilor \u015fi demnit\u0103\u021bii profesionale, ai libert\u0103\u021bii de exprimare.<\/p>\n\n\n\n<p>Recomand\u0103m ca reportajele s\u0103 se axeze pe realit\u0103\u021bile jude\u021bului Cara\u0219-Severin sau a ora\u015fului Re\u015fi\u021ba aflat, evident, \u00eentr-o etap\u0103 de redefinire economic\u0103, industrial\u0103, social\u0103 \u0219i cultural\u0103, relev\u00e2nd leg\u0103turile tinerei genera\u021bii cu &#8222;Cetatea de Foc&#8221; \u00een anul 253 de istorie industriala; s\u0103 surprind\u0103 actualitatea \u00een mod autentic, plastic, cu atitudine.<\/p>\n\n\n\n<p>Reportajele avand ca titlu \u201eMinunat\u0103-i prietenia!&#8221; pot s\u0103 evoce personalit\u0103\u021bi, evenimente sau aspecte din realitatea cotidian\u0103 red\u00e2nd emo\u021bional\u0103, afectiv\u0103, pozitiv\u0103- atribute specifice prieteniei- unul dintre cele mai nobile sentimente omene\u0219ti- a tinerilor cu locuri, oameni, culturi, etnii, popoare \u0219i chiar \u021b\u0103ri.<\/p>\n\n\n\n<p>Prietenia- definit\u0103 ca rela\u021bii interumane armonioase, constructive, extrem de importante pe plan individual \u0219i colectiv, generatoare de \u00een\u021belegere \u00eentre oameni \u0219i popoare, respect pentru diversitate, dialog, solidaritate, atitudini \u0219i comportamente care resping violen\u021ba.<\/p>\n\n\n\n<p>Prietenia, importan\u021ba ei \u00een via\u021b\u0103, diferen\u021bele \u00eentre prietenii buni \u0219i prietenii r\u0103i, moduri de reac\u021bie \u0219i comportament, solu\u021bii ale problemelor ivite \u00een rela\u021biile de prietenie, reducerea num\u0103rului de conflicte \u00een grupurile de prieteni. Amintirile create al\u0103turi de prieteni buni- surs\u0103 de bucurie pentru \u00eentreaga via\u021b\u0103. Pentru c\u0103 prietenia adev\u0103rat\u0103 nu poate fi dec\u00e2t minunat\u0103.&nbsp;<\/p>\n\n\n\n<p>Textele pentru clasele: V-VI vor avea min. 16 r\u00e2nduri- max. 32 r\u00e2nduri, clasele VII-VIII \u015fi IX-XII min. 32 r\u00e2nduri- max. 96 r\u00e2nduri. Acestea vor fi \u00eenso\u021bite de datele de indentificare ale autorului: nume, prenume, clasa, \u015fcoala, profesor coordonator, telefon \u015fi adresa de e-mail &nbsp;\u015fi vor fi transmise \u00een font 12 Normal, Times New Roman, spa\u021biere 1.5 <strong>pan\u0103 la data de 01.06.2024<\/strong> pe adresa de mail: contact@metarsis.ro sau \u00een scris pe adresa Societatea pentru Cultur\u0103 &nbsp;METARSIS, Re\u015fi\u021ba, str. Libert\u0103\u021bii 13- Libraria Semn de Carte, jud. Cara\u015f-Severin.<\/p>\n\n\n\n<p>Un juriu de speciali\u015fti va acorda urm\u0103toarele premii pe categorii de concuren\u021bi:<\/p>\n\n\n\n<p>Premiul I, II, III, Men\u021biune<\/p>\n\n\n\n<p>Premiul Societ\u0103\u021bii pentru Cultur\u0103 METARSIS<\/p>\n\n\n\n<p>Premiul UZPR filiala Cara\u015f-Severin<\/p>\n\n\n\n<p>Premiul Bibliotecii Jude\u021bene \u201ePaul IORGOVICI\u201d<\/p>\n\n\n\n<p>Se vor acorda diplome \u015fi premii in c\u0103r\u021bi.<\/p>\n\n\n\n<p>Premiul familiei Cenan- Gl\u0103van (\u00een bani), va fi acordat, anul acesta,  de Mihai Cenan, sotul Oanei-Maria Glavan-Cenan.<\/p>\n\n\n\n<p>Premiile vor fi publicate pe site-ul UZPR Bucure\u0219ti \u0219i \u00een revista REFLEX- art\u0103 cultur\u0103 civiliza\u021bie care apare sub egida Uniunii Scriitorilor din Rom\u00e2nia prin grija Centrului Jude\u021bean pentru Conservarea \u015fi Promovarea Culturii Tradi\u021bionale Cara\u015f-Severin.<\/p>\n\n\n\n<p>CONCURS DE REPORTAJE \u201eDORU DINU GL\u0102VAN\u201d (07.06.1946-31.10.2021) este ini\u021biat din respect pentru jurnalistul, reporterul, omul de radio Doru Dinu GL\u0102VAN, cel care a publicat \u00eenc\u0103 de la 14 ani, ini\u021biatorul \u015fi primul director al Radio Rom\u00e2nia RE\u0218I\u021aA&nbsp; (la 8 august 1995, Doru Dinu Glavan, \u00eempreun\u0103 cu tineri entuzia\u015fti constituie Funda\u021bia Radio Caras- Severin \u2013 ini\u021biativ\u0103 sus\u021binut\u0103 \u0219i de aurorita\u021bile locale, cu ajutorul vechiului prietenului din Fran\u021ba, prof. Corneliu Mircea RO\u0218U). Dup\u0103 o munc\u0103 tenace, sus\u021binut\u0103, dup\u0103 un an, la 12 iunie 1996, ora 17 prime\u015fte statut oficial de post public local al Societ\u0103tii Rom\u00e2ne de Radiodifuziune \u0219i emite primul semnal \u00een eter). Doru Dinu GL\u0102VAN a fost &nbsp;pre\u015fedinte al Uniuni Ziari\u015ftilor Profesioni\u015fti din Rom\u00e2nia, Uniune pe care a propulsat-o la statutul de cea mai mare Uniune din \u021bar\u0103 \u0219i pentru care a ob\u021binut statutul de Uniune de Crea\u021bie \u0219i Utilitate Public\u0103. Ne propunem \u00eencurajarea crea\u021biei jurnalistice \u0219i publicistice ca domeniu distinct al vie\u021bii spirituale, descoperirea de tinere talente pe care s\u0103 le \u00eencuraj\u0103m s\u0103 devin\u0103 jurnali\u015fti one\u015fti, creativi, dedica\u021bi publicului larg, ap\u0103r\u0103rtori ai drepturilor, libert\u0103\u021bilor \u015fi demnit\u0103\u021bii profesionale, ai libert\u0103\u021bii de exprimare.<\/p>\n\n\n\n<p>Informa\u021bii suplimentare: tel. 0734 749 383, Camelia DUCA<\/p>\n\n\n\n<p>\u00cen data 07 iunie 2024, ora 14:00, va avea loc &nbsp;Gala de Premiere a Concursului de Reportaj &#8222;DORU DINU GL\u0102VAN&#8221;, \u201eMicii mari jurnali\u015fti&#8221;, ed.a Il, 2024, \u201eMinunat\u0103-i prietenia !&#8221; la sediul din Lunca B\u00e2rzavei al Bibliotecii Jude\u021bene ,,Paul IORGOVICI\u201d.<\/p>\n\n\n\n<p>Eveniment organizat de Societate pentru Cultur\u0103 METARSIS- activit\u0103\u021bi \u015fi servicii de cultur\u0103 urban\u0103 \u015fi art\u0103 contemporan\u0103 \u00een parteneriat cu Uniunea Ziari\u015ftilor Profesioni\u015fti din Rom\u00e2nia, UZPR filiala Cara\u015f-Severin, Inspectoratul \u015ecolar Cara\u015f-Severin, Centrul Jude\u021bean pentru Conservarea \u015fi Promovarea Culturii Tradi\u021bionale Cara\u015f-Severin, Biblioteca Jude\u021bean\u0103&nbsp; <strong>\u201e<\/strong>Paul IORGOVICI\u201d Cara\u0219-Severin, Forumul Democratic al Germanilor din Cara\u0219- Severin. (Camelia DUCA)<\/p>\n","protected":false},"excerpt":{"rendered":"<p>\u201eMicii mari jurnali\u015fti&#8221;, Re\u0219i\u021ba, ed. a lI-a, 2024,\u201eMinunat\u0103-i prietenia!\u201d Motto: ,,Minunat\u0103-i prietenia\/ Cel mai scump \u0219i drag cuv\u00e2nt\/ O-n\u021beleg numai aceeia\/ Care-n via\u021b\u0103 \u0219tiu a fi\/ Omeno\u0219i cu oamenii\/\u201d (Prieteni pe via\u021b\u0103) Societatea pentru Cultur\u0103 METARSIS, Uniunea Ziari\u015ftilor Profesioni\u0219ti din Rom\u00e2nia, UZPR &#8211; Filiala Cara\u015f-Severin, Inspectoratul \u015ecolar Jude\u021bean Cara\u0219-Severin, Biblioteca Jude\u021bean\u0103 \u201ePaul IORGOVICI\u201d Cara\u015f-Severin, Centrul [&hellip;]<\/p>\n","protected":false},"author":1,"featured_media":0,"comment_status":"open","ping_status":"open","sticky":false,"template":"","format":"standard","meta":[],"categories":[3],"tags":[],"_links":{"self":[{"href":"https:\/\/semndecarte.metarsis.ro\/index.php?rest_route=\/wp\/v2\/posts\/13119"}],"collection":[{"href":"https:\/\/semndecarte.metarsis.ro\/index.php?rest_route=\/wp\/v2\/posts"}],"about":[{"href":"https:\/\/semndecarte.metarsis.ro\/index.php?rest_route=\/wp\/v2\/types\/post"}],"author":[{"embeddable":true,"href":"https:\/\/semndecarte.metarsis.ro\/index.php?rest_route=\/wp\/v2\/users\/1"}],"replies":[{"embeddable":true,"href":"https:\/\/semndecarte.metarsis.ro\/index.php?rest_route=%2Fwp%2Fv2%2Fcomments&post=13119"}],"version-history":[{"count":0,"href":"https:\/\/semndecarte.metarsis.ro\/index.php?rest_route=\/wp\/v2\/posts\/13119\/revisions"}],"wp:attachment":[{"href":"https:\/\/semndecarte.metarsis.ro\/index.php?rest_route=%2Fwp%2Fv2%2Fmedia&parent=13119"}],"wp:term":[{"taxonomy":"category","embeddable":true,"href":"https:\/\/semndecarte.metarsis.ro\/index.php?rest_route=%2Fwp%2Fv2%2Fcategories&post=13119"},{"taxonomy":"post_tag","embeddable":true,"href":"https:\/\/semndecarte.metarsis.ro\/index.php?rest_route=%2Fwp%2Fv2%2Ftags&post=13119"}],"curies":[{"name":"wp","href":"https:\/\/api.w.org\/{rel}","templated":true}]}}