{"id":13112,"date":"2023-12-19T19:26:36","date_gmt":"2023-12-19T17:26:36","guid":{"rendered":"http:\/\/semndecarte.metarsis.ro\/?p=13112"},"modified":"2023-12-19T19:26:37","modified_gmt":"2023-12-19T17:26:37","slug":"ceremonii-resitene-as-univ-dr-paul-gabriel-sandu","status":"publish","type":"post","link":"https:\/\/semndecarte.metarsis.ro\/?p=13112","title":{"rendered":"Ceremonii  re\u0219i\u021bene. As.univ.dr. Paul-Gabriel  SANDU"},"content":{"rendered":"\n<figure class=\"wp-block-image size-full is-resized\"><img src=\"https:\/\/semndecarte.metarsis.ro\/wp-content\/uploads\/2023\/12\/cop.jpg\" alt=\"\" class=\"wp-image-13113\" height=\"180\" srcset=\"https:\/\/semndecarte.metarsis.ro\/wp-content\/uploads\/2023\/12\/cop.jpg 550w, https:\/\/semndecarte.metarsis.ro\/wp-content\/uploads\/2023\/12\/cop-160x61.jpg 160w, https:\/\/semndecarte.metarsis.ro\/wp-content\/uploads\/2023\/12\/cop-163x63.jpg 163w\" sizes=\"(max-width: 550px) 100vw, 550px\" \/><\/figure>\n\n\n\n<p><strong>Povestea Darului. Dar din Dar se face Rai.<\/strong><\/p>\n\n\n\n<p>Fideli scopului propus, acela de a reduce distan\u021ba dintre cet\u0103\u021benii urbei \u0219i oamenii ce pot genera expresie artistic\u0103 \u00een toate formele sale, Societatea pentru Cultur\u0103 METARSIS- activit\u0103\u021bi \u0219i servicii de cultur\u0103 urban\u0103 \u0219i art\u0103 contemporan\u0103, v\u0103 propune o serie de conferin\u021be- eveniment CEREMONII RE\u0218I\u021aENE, \u00eent\u00e2lniri nonformale cu personalit\u0103\u021bi marcante ale lumii academice, artistice, spirituale, ale locului- \u0219i nu numai- \u00een discu\u021bii&nbsp; deschise, generatoare de g\u00e2nduri\u2013 fie ele vechi \u0219i consacrate, fie mereu noi nediscutate. Prima din \u0219irul de conferin\u021be propuse se va desf\u0103\u0219ura s\u00e2mb\u0103t\u0103, 23 decembrie 2023, ora 11:00, \u00een Sala de Conferin\u021be a Muzeului Banatului Montan. T\u00e2n\u0103rul re\u0219i\u021bean, as. univ. dr. Paul Gabriel SANDU de la Universitatea Bucure\u0219ti vine acas\u0103 de s\u0103rb\u0103tori \u0219i va \u00eemp\u0103rt\u0103\u0219i cu cei prezen\u021bi POVESTEA DARULUI. Scurt\u0103 istorie cultural\u0103 \u0219i social\u0103, paradoxul \u0219i promisiunea Darului, Iertarea, lumea ca Dar \u0219i Darul ca \u00eembr\u0103\u021bi\u0219are a lumii, Darul ca form\u0103 de a iubi lumea \u00een persoana celui c\u0103ruia \u00eei facem Darul.<\/p>\n\n\n\n<!--more-->\n\n\n\n<figure class=\"wp-block-image size-full\"><img loading=\"lazy\" width=\"425\" height=\"600\" src=\"https:\/\/semndecarte.metarsis.ro\/wp-content\/uploads\/2023\/12\/afis-mic.jpg\" alt=\"\" class=\"wp-image-13114\" srcset=\"https:\/\/semndecarte.metarsis.ro\/wp-content\/uploads\/2023\/12\/afis-mic.jpg 425w, https:\/\/semndecarte.metarsis.ro\/wp-content\/uploads\/2023\/12\/afis-mic-113x160.jpg 113w, https:\/\/semndecarte.metarsis.ro\/wp-content\/uploads\/2023\/12\/afis-mic-115x163.jpg 115w\" sizes=\"(max-width: 425px) 100vw, 425px\" \/><\/figure>\n\n\n\n<p>\u00cent\u00e2lnirii cu remarcabilul universitar Paul Gabriel SANDU, scriitor \u0219i poet, n\u0103scut la Re\u0219ita \u00een 1986, absolvent al Liceului ,,Traian VUIA\u201d, cu studii de &nbsp;filosofie la Universtatea din Bucure\u0219ti, la Universitatea Eberhard-Karl din T\u00fcbingen \u0219i la Universitatea Albert-Ludwig din Freiburg, cu un doctorat ob\u021binut \u00een 2018 la aceea\u0219i prestigioas\u0103 Institu\u021bie, \u00eei vom ad\u0103uga \u0219i o dimensiune caritabil\u0103 din dorin\u021ba de a duce mai departe un proiect de suflet: DAR DIN DAR SE FACE RAI, ed. a VIII-a (edi\u021biile din 2020 \u0219i 2021 au fost anulate de pandemia de Covid).<\/p>\n\n\n\n<p>&nbsp;CR\u0102CIUNUL, s\u0103rb\u0103toare emo\u0163ional\u0103 \u015fi emo\u0163ionant\u0103, ne invit\u0103 s\u0103 redescoperim, an de an, lumina din noi, s\u0103 o \u00eemp\u0103rt\u0103\u0219im cu familia \u0219i prietenii no\u0219tri. To\u021bi trecem, mai devreme sau mai t\u00e2rziu, prin perioade dificile \u00een via\u021b\u0103. Fie c\u0103 pierdem o fiin\u021b\u0103 drag\u0103, fie c\u0103 trecem prin situa\u021bii de criz\u0103, suntem greu \u00eencerca\u021bi, ne \u00eensingur\u0103m, devenim tri\u0219ti. Un z\u00e2mbet \u015fi o m\u00e2n\u0103 \u00eentins\u0103, o \u00eembr\u0103\u0163i\u015fare cald\u0103, un gest de solidaritate pot s\u0103 \u0219tearg\u0103 din lacrimi, s\u0103 aduc\u0103 lumin\u0103 \u00een ochi \u0219i suflete \u015fi dovada c\u0103 fiecare dintre noi cont\u0103m pentru ceilal\u021bi, c\u0103 nu suntem singuri. Anii trecu\u021bi daruri din suflet pentru suflet au adus m\u00e2ng\u00e2iere, un lic\u0103r de lumin\u0103 \u00een ochi pl\u00e2n\u015fi. Spune\u021bi-ne, dac\u0103 sti\u021bi, persoane \u00eensingurate de Cr\u0103ciun. Sau bolnave, sau triste. Vom \u00eencerca s\u0103 le alung\u0103m din triste\u021be, fiindu-le al\u0103turi. Pentru c\u0103 nimeni, dar nimeni nu ar trebui s\u0103 fie singur de CR\u0102CIUN. Veni\u021bi la eveniment \u0219i dona\u021bi. DAR DIN DAR, cu ajutorul D-vs, SE VA FACE RAI, D\u0102RUIND&nbsp; SPERAN\u021a\u0102! (Camelia DUCA)<\/p>\n\n\n\n<p>Recital muzical: Liceul de Arte ,,Sabin P\u0102U\u021aA\u201d, Re\u0219i\u021ba: prof. Diana SILAGHI, violoncel, prof. Madalina-Sonia ST\u0102NESCU, pian, Ian DINU\u021a, violoncel, George-Angelo \u0219i Melia-Antonia CHARALAMBOUS, pian<\/p>\n\n\n\n<p>Eveniment organizat de METARSIS \u00een parteneriat cu Muzeul Banatului Montan \u0219i Consiliul Jude\u021bean Cara\u0219-Severin.Parteneri cultural: Rotary Club, Interact \u0219i Rotary Community Corps Re\u0219i\u021ba<\/p>\n","protected":false},"excerpt":{"rendered":"<p>Povestea Darului. Dar din Dar se face Rai. Fideli scopului propus, acela de a reduce distan\u021ba dintre cet\u0103\u021benii urbei \u0219i oamenii ce pot genera expresie artistic\u0103 \u00een toate formele sale, Societatea pentru Cultur\u0103 METARSIS- activit\u0103\u021bi \u0219i servicii de cultur\u0103 urban\u0103 \u0219i art\u0103 contemporan\u0103, v\u0103 propune o serie de conferin\u021be- eveniment CEREMONII RE\u0218I\u021aENE, \u00eent\u00e2lniri nonformale cu [&hellip;]<\/p>\n","protected":false},"author":1,"featured_media":0,"comment_status":"open","ping_status":"open","sticky":false,"template":"","format":"standard","meta":[],"categories":[3,1],"tags":[],"_links":{"self":[{"href":"https:\/\/semndecarte.metarsis.ro\/index.php?rest_route=\/wp\/v2\/posts\/13112"}],"collection":[{"href":"https:\/\/semndecarte.metarsis.ro\/index.php?rest_route=\/wp\/v2\/posts"}],"about":[{"href":"https:\/\/semndecarte.metarsis.ro\/index.php?rest_route=\/wp\/v2\/types\/post"}],"author":[{"embeddable":true,"href":"https:\/\/semndecarte.metarsis.ro\/index.php?rest_route=\/wp\/v2\/users\/1"}],"replies":[{"embeddable":true,"href":"https:\/\/semndecarte.metarsis.ro\/index.php?rest_route=%2Fwp%2Fv2%2Fcomments&post=13112"}],"version-history":[{"count":0,"href":"https:\/\/semndecarte.metarsis.ro\/index.php?rest_route=\/wp\/v2\/posts\/13112\/revisions"}],"wp:attachment":[{"href":"https:\/\/semndecarte.metarsis.ro\/index.php?rest_route=%2Fwp%2Fv2%2Fmedia&parent=13112"}],"wp:term":[{"taxonomy":"category","embeddable":true,"href":"https:\/\/semndecarte.metarsis.ro\/index.php?rest_route=%2Fwp%2Fv2%2Fcategories&post=13112"},{"taxonomy":"post_tag","embeddable":true,"href":"https:\/\/semndecarte.metarsis.ro\/index.php?rest_route=%2Fwp%2Fv2%2Ftags&post=13112"}],"curies":[{"name":"wp","href":"https:\/\/api.w.org\/{rel}","templated":true}]}}