{"id":13103,"date":"2023-11-29T17:49:06","date_gmt":"2023-11-29T15:49:06","guid":{"rendered":"http:\/\/semndecarte.metarsis.ro\/?p=13103"},"modified":"2023-11-30T05:08:55","modified_gmt":"2023-11-30T03:08:55","slug":"povestea-soldatului-igor-stravinski","status":"publish","type":"post","link":"https:\/\/semndecarte.metarsis.ro\/?p=13103","title":{"rendered":"POVESTEA SOLDATULUI, Igor STRAVINSKI"},"content":{"rendered":"\n<figure class=\"wp-block-image size-full is-resized\"><img src=\"https:\/\/semndecarte.metarsis.ro\/wp-content\/uploads\/2023\/11\/Tribul-mic.jpg\" alt=\"\" class=\"wp-image-13104\" height=\"260\" srcset=\"https:\/\/semndecarte.metarsis.ro\/wp-content\/uploads\/2023\/11\/Tribul-mic.jpg 600w, https:\/\/semndecarte.metarsis.ro\/wp-content\/uploads\/2023\/11\/Tribul-mic-160x90.jpg 160w, https:\/\/semndecarte.metarsis.ro\/wp-content\/uploads\/2023\/11\/Tribul-mic-163x92.jpg 163w\" sizes=\"(max-width: 600px) 100vw, 600px\" \/><\/figure>\n\n\n\n<p>      <strong>TRIBUL ARTISTIC<\/strong><\/p>\n\n\n\n<p>Mar\u021bi,&nbsp; 28 noiembrie 2023, ora 17, sala LIRA a&nbsp; Liceului&nbsp; de Arte ,,Sabin P\u0102U\u021aA\u201d din Re\u0219i\u021ba,&nbsp; a fost gazda concertului&nbsp;&nbsp; ,,Povestea soldatului\u201d&nbsp; , text de&nbsp; Charles Ferdinand RAMUZ (n. 1878 \u2013 m. 1947), muzica de: Igor Stravinski (n. 1881 \u2013 m. 1971).<\/p>\n\n\n\n<p>\u00centr-un context asemen\u0103tor zilelor noastre- dac\u0103 e s\u0103 ne g\u00e2ndim la epidemia de Covid \u0219i teatrele de r\u0103zboi din Orientul Mijlociu \u0219i, din p\u0103cate, foarte aproape de noi, Ucraina- lucrarea, capodoper\u0103 a \u00eenceputului de secol XX (1918), a fost &nbsp;compus\u0103 \u00een Eleve\u021bia ca protest clar la epidemia de Grip\u0103 spaniol\u0103 \u0219i Primul R\u0103zboi Mondial, subliniind consecin\u021bele devastatoare ale r\u0103zboiului \u0219i pierderea sensului existen\u021bial&nbsp;care ne \u00eencearc\u0103 \u00een cele mai vitrege momente.<\/p>\n\n\n\n<p>POVESTEA SOLDATULUI- \u00a0incursiune fascinant\u0103 \u00eentr-o lume de basm- cu un narator\u00a0Boris GAZA- excelent,\u00a0jongl\u00e2nd cu farmec \u00eentre Diavol \u0219i Soldat, cu un septet des\u0103v\u00e2r\u0219it format din muzicieni de prim\u0103 clas\u0103 ai Filarmonicii BANATUL din Timi\u0219oara \u0219i o bagheta fermecat\u0103 a maestrului \u00a0Radu ZAHARIA \u2013 ne-au invitat la introspec\u021bie, la redescoperirea\u00a0 adev\u0103ratelor valori, la rea\u0219ezarea priorit\u0103\u021bilor, la comuniune cu arta, la conectarea cu noi \u00een\u0219ine, cu ceilal\u021bi \u0219i, mai ales, cu muzica. Clasica dilem\u0103 faustian\u0103 ,,a avea totul \u0219i a nu avea nimic versus a nu avea nimic dar a avea totul\u201d rezolvat\u0103 \u00eentr-o sear\u0103 ploioas\u0103 \u0219i rece de toamn\u0103, la Re\u0219i\u021ba: suntem boga\u021bi atunci c\u00e2nd avem lucruri care nu pot fi cump\u0103rate cu bani.<\/p>\n\n\n\n<!--more-->\n\n\n\n<figure class=\"wp-block-image size-full is-resized\"><img src=\"http:\/\/semndecarte.metarsis.ro\/wp-content\/uploads\/2023\/11\/406092067_7341070995927683_mic.jpg\" alt=\"\" class=\"wp-image-13106\" height=\"250\" srcset=\"https:\/\/semndecarte.metarsis.ro\/wp-content\/uploads\/2023\/11\/406092067_7341070995927683_mic.jpg 600w, https:\/\/semndecarte.metarsis.ro\/wp-content\/uploads\/2023\/11\/406092067_7341070995927683_mic-160x90.jpg 160w, https:\/\/semndecarte.metarsis.ro\/wp-content\/uploads\/2023\/11\/406092067_7341070995927683_mic-163x92.jpg 163w\" sizes=\"(max-width: 600px) 100vw, 600px\" \/><\/figure>\n\n\n\n<p><span style=\"padding: 0; margin: 0; margin-left: 5px;\"><\/span><\/p>\n\n\n\n<figure class=\"wp-block-embed is-type-video is-provider-youtube wp-block-embed-youtube wp-embed-aspect-16-9 wp-has-aspect-ratio\"><div class=\"wp-block-embed__wrapper\">\n<iframe title=\"Povestea soldatului - Igor Stravinski\" width=\"500\" height=\"281\" src=\"https:\/\/www.youtube.com\/embed\/w2vPUXH971U?feature=oembed\" frameborder=\"0\" allow=\"accelerometer; autoplay; clipboard-write; encrypted-media; gyroscope; picture-in-picture; web-share\" allowfullscreen><\/iframe>\n<\/div><\/figure>\n\n\n\n<p>TRIBUL ARTISTIC cu Violeta O\u0218ORHEAN \u2013 vioara I,&nbsp; Andrei &nbsp;V\u0102LEANU- clarinet,&nbsp; Radu \u021aAGA-fagot, Bogdan DIJM\u0102RESCU- trombon, Ferencz SZEKERES- percu\u021bie, S\u00e1nta CSABA- contrabas, ne-au spus o poveste frumoas\u0103, cu happy and. V\u0103 mul\u021bumim! (Camelia DUCA)<\/p>\n\n\n\n<p>Eveniment organizat de TRIBUL ARTISTIC&nbsp; \u00een parteneriat cu Societaea pentru Cultur\u0103 METARSIS \u0219i Liceul de Arte ,,Sabin P\u0102U\u021aA l\u201d din Re\u0219i\u021ba<\/p>\n","protected":false},"excerpt":{"rendered":"<p>TRIBUL ARTISTIC Mar\u021bi,&nbsp; 28 noiembrie 2023, ora 17, sala LIRA a&nbsp; Liceului&nbsp; de Arte ,,Sabin P\u0102U\u021aA\u201d din Re\u0219i\u021ba,&nbsp; a fost gazda concertului&nbsp;&nbsp; ,,Povestea soldatului\u201d&nbsp; , text de&nbsp; Charles Ferdinand RAMUZ (n. 1878 \u2013 m. 1947), muzica de: Igor Stravinski (n. 1881 \u2013 m. 1971). \u00centr-un context asemen\u0103tor zilelor noastre- dac\u0103 e s\u0103 ne g\u00e2ndim la [&hellip;]<\/p>\n","protected":false},"author":1,"featured_media":0,"comment_status":"open","ping_status":"open","sticky":false,"template":"","format":"standard","meta":[],"categories":[1],"tags":[],"_links":{"self":[{"href":"https:\/\/semndecarte.metarsis.ro\/index.php?rest_route=\/wp\/v2\/posts\/13103"}],"collection":[{"href":"https:\/\/semndecarte.metarsis.ro\/index.php?rest_route=\/wp\/v2\/posts"}],"about":[{"href":"https:\/\/semndecarte.metarsis.ro\/index.php?rest_route=\/wp\/v2\/types\/post"}],"author":[{"embeddable":true,"href":"https:\/\/semndecarte.metarsis.ro\/index.php?rest_route=\/wp\/v2\/users\/1"}],"replies":[{"embeddable":true,"href":"https:\/\/semndecarte.metarsis.ro\/index.php?rest_route=%2Fwp%2Fv2%2Fcomments&post=13103"}],"version-history":[{"count":0,"href":"https:\/\/semndecarte.metarsis.ro\/index.php?rest_route=\/wp\/v2\/posts\/13103\/revisions"}],"wp:attachment":[{"href":"https:\/\/semndecarte.metarsis.ro\/index.php?rest_route=%2Fwp%2Fv2%2Fmedia&parent=13103"}],"wp:term":[{"taxonomy":"category","embeddable":true,"href":"https:\/\/semndecarte.metarsis.ro\/index.php?rest_route=%2Fwp%2Fv2%2Fcategories&post=13103"},{"taxonomy":"post_tag","embeddable":true,"href":"https:\/\/semndecarte.metarsis.ro\/index.php?rest_route=%2Fwp%2Fv2%2Ftags&post=13103"}],"curies":[{"name":"wp","href":"https:\/\/api.w.org\/{rel}","templated":true}]}}