{"id":13102,"date":"2023-11-27T10:44:29","date_gmt":"2023-11-27T08:44:29","guid":{"rendered":"http:\/\/semndecarte.metarsis.ro\/?p=13102"},"modified":"2023-11-27T11:01:04","modified_gmt":"2023-11-27T09:01:04","slug":"sabin-pautza-premiera-absoluta","status":"publish","type":"post","link":"https:\/\/semndecarte.metarsis.ro\/?p=13102","title":{"rendered":"SABIN PAUTZA &#8211; premiera absoluta"},"content":{"rendered":"\n<h1><\/h1>\n\n\n\n<figure class=\"wp-block-image\"><img src=\"https:\/\/www.radioromaniacultural.ro\/img.php?u=https%3A%2F%2Fwww.radioromaniacultural.ro%2Fuploads%2Fmodules%2Fnews%2F0%2F2023%2F11%2F22%2F40994%2Fc177-34278faf-1700656665f8db91b9.jpg&amp;w=960&amp;h=540&amp;c=1\" alt=\"Premiera absolut\u0103 a lucr\u0103rii\u00a0Ludus modalis III\u00a0de SABIN P\u0102UTZA, \u00een direct la Radio Rom\u00e2nia Cultural\"\/><\/figure>\n\n\n\n<p><strong>Premiera absolut\u0103 a lucr\u0103rii&nbsp;Ludus modalis III&nbsp;de SABIN P\u0102UTZA<\/strong>, \u00een direct la Radio Rom\u00e2nia Cultural &#8211; 27 Noiembrie 2023, 06:03<\/p>\n\n\n\n<p>Dirijorul <strong>GHEORGHE COSTIN<\/strong>, c\u0103ruia \u00een urm\u0103 cu mai mul\u021bi ani i-a fost \u00eenm\u00e2nat\u0103 bagheta lui Ionel Perlea &#8211; primit\u0103 de acesta de la \u00eensu\u0219i celebrul dirijor Arturo Toscanini \u2013 va dirija, <strong>miercuri, 29 noiembrie 2023 <\/strong>(de la 19.00), la Sala Radio, premiera absolut\u0103 a lucr\u0103rii <em><strong>Ludus modalis III<\/strong><\/em><em>, <\/em>simfonie de camer\u0103 \u00een trei p\u0103r\u0163i, semnat\u0103 de compozitorul rom\u00e2n contemporan <strong>SABIN P\u0102UTZA<\/strong>. Lucrarea are trei p\u0103r\u021bi \u0219i face parte din seria <em>Jocuri<\/em>, inspirat\u0103 de ritmuri specifice folclorului rom\u00e2nesc.<\/p>\n\n\n\n<p>Sabin P\u0103utza a cucerit lumea prin muzica sa, fiind un recunoscut compozitor, dirijor \u0219i, mai \u00eent\u00e2i de toate, profesor universitar. A concertat \u00een s\u0103li prestigioase din S.U.A, Europa \u0219i Australia, precum \u201eCarnegie Hall\u201d din New York, \u201eSanta Cecilia\u201d din Roma, \u201eChopin\u201d din Var\u0219ovia, \u201ePhilharmonic Hall\u201d din Sydney. Astfel, activitatea interna\u021bional\u0103 de compozitor \u0219i dirijor i-a adus \u00een 1995 titlul onorific de doctor, acordat de Institutul pentru Cercet\u0103ri Aplicate din Londra.<\/p>\n\n\n\n<!--more-->\n\n\n\n<p>Evenimentul prezentat de <strong>ORCHESTRA DE CAMER\u0102 RADIO<\/strong> se va bucura \u0219i de prezen\u021ba violoncelistului <strong>R\u0102ZVAN SUMA<\/strong>, cunoscut publicului din Rom\u00e2nia gra\u021bie turneelor sale na\u021bionale <em>V\u0103 place Bach? ,V\u0103 place Brahms?, V\u0103 place Tango?, V\u0103 place SCHU&#8230;?, V\u0103 place Beethoven? sau V\u0103 plaCello?. <\/em>Acesta va interpreta <strong>Sonata <\/strong><em><strong>Arpeggione<\/strong><\/em> (aranjament pentru violoncel \u0219i orchestr\u0103 de coarde), creat\u0103 de<strong>SCHUBERT<\/strong>. Lucrarea a fost compus\u0103 pentru pian \u0219i arpeggione, un instrument cunoscut \u0219i sub numele de chitar\u0103 cu arcu\u0219. Schubert a finalizat-o \u00een 1824 \u0219i i-a dedicat-o lui Vincenz Schuster, un virtuoz al arpeggionei.<\/p>\n\n\n\n<p>Seara de la Sala Radio se va \u00eencheia cu <strong>Simfonia nr. 101 \u2013 <\/strong><em><strong>Ceasornicul<\/strong><\/em><em>, <\/em>semnat\u0103 de <strong>HAYDN<\/strong>, considerat \u201ep\u0103rintele simfoniei\u201d. Lucrarea a fost scris\u0103 \u00een perioada petrecut\u0103 de compozitor la Londra \u0219i premiera a fost foarte apreciat\u0103 de public. Numele lucr\u0103rii este datorat pasajului din mi\u0219carea a doua \u00een care fagotul \u0219i corzile redau pulsa\u021bia ritmic\u0103 ce se aseam\u0103n\u0103 cu tic\u0103itul unui ceas.<\/p>\n\n\n\n<p>Dirijorul <strong>GHEORGHE COSTIN <\/strong>(n. 1955) a studiat la Universitatea Na\u021bional\u0103 de Muzic\u0103 din Bucure\u0219ti (compozi\u021bie \u0219i dirijat), continu\u00e2ndu-\u0219i preg\u0103tirea muzical\u0103 la cursuri de m\u0103iestrie interna\u021bionale. Totodat\u0103, a beneficiat \u0219i de un stagiu de perfec\u021bionare la M\u00fcnchen cu Sergiu Celibidache. Astfel, dup\u0103 finalizarea studiilor \u0219i-a \u00eenceput activitatea dirijoral\u0103 la Filarmonica din T\u00e2rgu-Mure\u0219 (1986-1988), dup\u0103 care a fost numit dirijor permanent al Filarmonicii \u201eMoldova\u201d din Ia\u0219i \u0219i apoi la Timi\u0219oara.<\/p>\n\n\n\n<p>\u00cen portofoliul s\u0103u interpretativ se reg\u0103sesc at\u00e2t piese din genul simfonic, c\u00e2t \u0219i din genul operei, dirij\u00e2nd la Opera Rom\u00e2n\u0103 din Timi\u0219oara premierele operelor <em>Otello <\/em>\u0219i <em>Turandot<\/em>. Totodat\u0103, a fost invitat s\u0103 dirijeze toate filarmonicile din \u021bar\u0103, dar \u0219i peste hotare, fie ca dirijor oaspete al unor orchestre de prestigiu europene, fie \u00eempreun\u0103 cu orchestre rom\u00e2ne\u0219ti &#8211; \u00een turnee sau festivaluri \u00een Ungaria, Serbia, Austria, Germania, Fran\u0163a, Spania, Portugalia, Italia, Elve\u0163ia, Grecia, Anglia, Olanda, Belgia \u0219i Canada etc.<\/p>\n\n\n\n<p>\u00cen ceea ce prive\u0219te activitatea componistic\u0103, Gheorghe Costin a scris \u00een mai multe genuri, \u00een special muzic\u0103 de camer\u0103, \u0219i este membru al Uniunii Compozitorilor \u0219i Muzicologilor din anul 1984. \u00cen urm\u0103 cu c\u00e2\u021biva ani i-a fost \u00eenm\u00e2nat\u0103 bagheta lui Ionel Perlea, primit\u0103 de acesta de la \u00eensu\u0219i Arturo Toscanini.<\/p>\n\n\n\n<p><strong>R\u0102ZVAN SUMA<\/strong> este unul dintre cei mai activi tineri muzicieni rom\u00e2ni, cu un repertoriu cuprinz\u0103tor, realizat \u00een sute de recitaluri \u015fi concerte sus\u0163inute \u00een \u00eentreaga lume. Pe l\u00e2ng\u0103 activitatea concertistic\u0103 din Rom\u00e2nia, c\u00e2nt\u0103 frecvent \u00eempreun\u0103 cu pianistul spaniol Josu Oki\u00f1ena, al\u0103turi de care a concertat \u00een s\u0103li ca <em>Berliner Philharmoniker,<\/em> <em>Auditorio Nacional de Madrid, Teatro Colon <\/em>din Buenos Aires, <em>Centrul Cultural <\/em><em>Bel\u00e9m<\/em> din Lisabona, <em>Megaron <\/em>din Atena, <em>Kursall <\/em>din San Sebastian, <em>Casa da Musica<\/em> din Porto, <em>Opera House<\/em> din Hanoi \u2013 Vietnam.<\/p>\n\n\n\n<p>R\u0103zvan Suma a organizat turnee na\u021bionale \u00eencep\u00e2nd din anul 2012. Suita de proiecte <em><strong>V\u0103 place Bach? ,V\u0103 place Brahms?, V\u0103 place Tango?, V\u0103 place SCHU&#8230;?, V\u0103 place Beethoven? <\/strong><\/em>sau<em><strong> V\u0103 plaCello?<\/strong><\/em> l-au plasat \u00een topul celor mai activi violonceli\u0219tilor rom\u00e2ni. La acestea se adaug\u0103 turneele grupului <em><strong>ArgEnTango, <\/strong><\/em>cu proiectele <em><strong>Piazzolla, o poveste autentic\u0103, Tango Tradi\u021bional <\/strong><\/em>\u0219i<em><strong> Tango LA CETATE. <\/strong><\/em>De asemenea, este fondator al Ansamblului <em><strong>PlaCello<\/strong><\/em>, din care mai fac parte violonceli\u0219tii \u0218tefan Cazacu, Ella Bokor \u0219i Mircea Marian.<\/p>\n\n\n\n<p>\u00cen 2009, R\u0103zvan Suma a devenit solist concertist al Orchestrelor \u015fi Corurilor Radio<em>, <\/em>iar \u00een calitate de profesor la Universitatea de Muzic\u0103 Bucure\u015fti dezvolt\u0103 o intens\u0103 activitate pedagogic\u0103. Este invitat s\u0103 predea la cursuri de m\u0103iestrie organizate \u00een \u0163\u0103ri ca Spania, Italia, Argentina, Bulgaria, Lituania, Ucraina sau Coreea, iar \u00een Rom\u00e2nia masterclass-ul anual <em><strong>Muzica la Altitudine<\/strong><\/em><strong> &#8211; <\/strong>realizat al\u0103turi de violonistul \u015etefan Horvath &#8211; a devenit un reper.<\/p>\n\n\n\n<p>Pe l\u00e2ng\u0103 prezen\u0163a sa constant\u0103 \u00een zona muzicii clasice, R\u0103zvan Suma a participat \u015fi la proiecte mai pu\u0163in conven\u0163ionale, adresate unui public t\u00e2n\u0103r, deschis la inova\u0163ie, cum ar fi colaborarea cu trupa Vi\u0163a de Vie, \u00een aprilie 2013, c\u00e2nd una dintre piesele albumului \u201eAcustic\u201d a fost \u00eenregistrat\u0103 al\u0103turi de R\u0103zvan Suma.<\/p>\n\n\n\n<p>N\u0103scut \u00een 1977 la Cluj-Napoca, R\u0103zvan Suma a urmat cursurile liceului de muzic\u0103 din ora\u015ful natal la clasa profesoarei Gabriela Todor. \u00cen anul 2000 a ob\u0163inut diploma de licen\u0163\u0103 a Academiei de Muzic\u0103 din Bucure\u015fti la clasa maestrului Marin Cazacu, iar \u00een 2002 a \u00eenceput programul de perfec\u0163ionare \u201eArtist Diploma\u201d la Longy School of Music \u2013 Cambridge &#8211; Statele Unite, la clasa profesorului Terry King.<\/p>\n\n\n\n<p><strong>Concertul va fi transmis LIVE pe calea undelor &#8211; pe toate frecven\u0163ele Radio Rom\u00e2nia Cultural \u015fi Radio Rom\u00e2nia Muzical &#8211; \u0219i LIVE online, pe site-urile celor dou\u0103 posturi de radio.<\/strong> <\/p>\n\n\n\n<p>(articol preluat de pe <a href=\"https:\/\/www.radioromaniacultural.ro\/sectiuni-articole\/produs-de-radio-romania\/premiera-absoluta-a-lucrariiludus-modalis-iiide-sabin-pautza-in-direct-la-radio-romania-cultural-id40994.html\">https:\/\/www.radioromaniacultural.ro\/sectiuni-articole\/produs-de-radio-romania\/premiera-absoluta-a-lucrariiludus-modalis-iiide-sabin-pautza-in-direct-la-radio-romania-cultural-id40994.html<\/a> )<\/p>\n","protected":false},"excerpt":{"rendered":"<p>Premiera absolut\u0103 a lucr\u0103rii&nbsp;Ludus modalis III&nbsp;de SABIN P\u0102UTZA, \u00een direct la Radio Rom\u00e2nia Cultural &#8211; 27 Noiembrie 2023, 06:03 Dirijorul GHEORGHE COSTIN, c\u0103ruia \u00een urm\u0103 cu mai mul\u021bi ani i-a fost \u00eenm\u00e2nat\u0103 bagheta lui Ionel Perlea &#8211; primit\u0103 de acesta de la \u00eensu\u0219i celebrul dirijor Arturo Toscanini \u2013 va dirija, miercuri, 29 noiembrie 2023 (de [&hellip;]<\/p>\n","protected":false},"author":1,"featured_media":0,"comment_status":"open","ping_status":"open","sticky":false,"template":"","format":"standard","meta":[],"categories":[3,1],"tags":[],"_links":{"self":[{"href":"https:\/\/semndecarte.metarsis.ro\/index.php?rest_route=\/wp\/v2\/posts\/13102"}],"collection":[{"href":"https:\/\/semndecarte.metarsis.ro\/index.php?rest_route=\/wp\/v2\/posts"}],"about":[{"href":"https:\/\/semndecarte.metarsis.ro\/index.php?rest_route=\/wp\/v2\/types\/post"}],"author":[{"embeddable":true,"href":"https:\/\/semndecarte.metarsis.ro\/index.php?rest_route=\/wp\/v2\/users\/1"}],"replies":[{"embeddable":true,"href":"https:\/\/semndecarte.metarsis.ro\/index.php?rest_route=%2Fwp%2Fv2%2Fcomments&post=13102"}],"version-history":[{"count":0,"href":"https:\/\/semndecarte.metarsis.ro\/index.php?rest_route=\/wp\/v2\/posts\/13102\/revisions"}],"wp:attachment":[{"href":"https:\/\/semndecarte.metarsis.ro\/index.php?rest_route=%2Fwp%2Fv2%2Fmedia&parent=13102"}],"wp:term":[{"taxonomy":"category","embeddable":true,"href":"https:\/\/semndecarte.metarsis.ro\/index.php?rest_route=%2Fwp%2Fv2%2Fcategories&post=13102"},{"taxonomy":"post_tag","embeddable":true,"href":"https:\/\/semndecarte.metarsis.ro\/index.php?rest_route=%2Fwp%2Fv2%2Ftags&post=13102"}],"curies":[{"name":"wp","href":"https:\/\/api.w.org\/{rel}","templated":true}]}}