{"id":13050,"date":"2023-07-11T21:02:46","date_gmt":"2023-07-11T19:02:46","guid":{"rendered":"http:\/\/semndecarte.metarsis.ro\/?p=13050"},"modified":"2023-07-11T21:05:48","modified_gmt":"2023-07-11T19:05:48","slug":"panta-rei-prof-mihai-ilie-suru","status":"publish","type":"post","link":"https:\/\/semndecarte.metarsis.ro\/?p=13050","title":{"rendered":"PANTA REI,"},"content":{"rendered":"\n<p><strong>prof. Mihai Ilie SURU<\/strong><\/p>\n\n\n\n<figure class=\"wp-block-image size-full\"><img loading=\"lazy\" width=\"450\" height=\"226\" src=\"http:\/\/semndecarte.metarsis.ro\/wp-content\/uploads\/2023\/07\/img-cop.jpg\" alt=\"\" class=\"wp-image-13051\" srcset=\"https:\/\/semndecarte.metarsis.ro\/wp-content\/uploads\/2023\/07\/img-cop.jpg 450w, https:\/\/semndecarte.metarsis.ro\/wp-content\/uploads\/2023\/07\/img-cop-160x80.jpg 160w, https:\/\/semndecarte.metarsis.ro\/wp-content\/uploads\/2023\/07\/img-cop-163x82.jpg 163w\" sizes=\"(max-width: 450px) 100vw, 450px\" \/><\/figure>\n\n\n\n<p><strong>Lansare de carte<\/strong><\/p>\n\n\n\n<p>Joi, 13 iulie 2023, ora 17:00, \u00een gr\u0103dina acoperit\u0103 de vi\u021b\u0103 de vie a\u00a0 libr\u0103riei Smn de Carte din Re\u0219i\u021ba, str. Libert\u0103\u021bii 13, va avea loc lansarea volumui PANTA REI semnat prof. Mihai Ilie SURU \u0219i prezentarea bro\u0219urii\u00a0 Zona Turistic\u0103 a Banatului Montan Brebu Nou- G\u0103r\u00e2na a aceluia\u0219i autor.<\/p>\n\n\n\n<p>\u201dJubileul celor 75 de ani de via\u021b\u0103 mi-a oferit ocazia s\u0103 public volumul PANTA REI- care \u00eencheie ciclul celor 10 c\u0103r\u021bi publicate \u00een perioada 2016- 2023\u2026 \u00cen condi\u021biile \u00een care ne confrunt\u0103m cu un adev\u0103rat bombardament informa\u021bional am constat c\u0103 a sc\u0103zut tot mai mult&nbsp; interesul&nbsp; pentru cunoa\u0219terea trecutului&nbsp; istoric \u0219i al celor care, prin activit\u0103\u021bile \u0219i pasiunile lor, au asigurat p\u0103strarea adev\u0103ratelor valori culturale \u0219i spirituale. \u00centr-o lume din ce \u00een ce mai globalizat\u0103 avem obliga\u021bia moral\u0103 de a le face cunoscute genera\u021biilor viitoare prin activit\u0103\u021bi omagiale sau sub orice alt\u0103 form\u0103\u201d declar\u0103 autorul \u00een postfa\u021b\u0103.<\/p>\n\n\n\n<!--more-->\n\n\n\n<p>Prin natura profesiei exercitate, \u00eent\u00e2lnirea cu prof. Mihai Ilie SURU se anun\u021b\u0103 a fi extrem de interesant\u0103, volumul prezentat f\u0103c\u00e2nd referire la MEMORIA DOCUMENTELOR, OAMENI DE SEAM\u0102 AI BANATULUI MONTAN \u0219i STUDII \u0218I ANALIZE.<\/p>\n\n\n\n<p>&nbsp;Apari\u021bia bro\u0219urii Zona Turistic\u0103 a Banatului Montan Brebu Nou \u2013G\u0103r\u00e2na semnat\u0103 prof. Mihai Ilie SURU&nbsp; este datorat\u0103 constat\u0103rii autorului \u201d\u2026 c\u0103 \u00een ultimul timp tot mai mul\u021bi oameni sunt afecta\u021bi de stres, derut\u0103, poluare fizic\u0103 \u0219i moral\u0103, c\u0103ut\u00e2nd locuri de refugiu \u0219i odihn\u0103 pentru a-\u0219i reface for\u021bele\u201d.<\/p>\n\n\n\n<p>Invita\u021bi special: &nbsp;dr. Ada D. Cruceanu, jurnalistul &nbsp;Mario Balint<\/p>\n\n\n\n<p>Moment Muzical:&nbsp; Duo violoncel:&nbsp; Diana Silaghi, Sabin Pascu.<\/p>\n\n\n\n<p>Eveniment organizat de Societatea pentru Cultur\u0103 METARSIS \u2013 activit\u0103\u021bi \u0219i servicii de cultur\u0103 urban\u0103 \u0219i art\u0103 contemporan\u0103.<\/p>\n","protected":false},"excerpt":{"rendered":"<p>prof. Mihai Ilie SURU Lansare de carte Joi, 13 iulie 2023, ora 17:00, \u00een gr\u0103dina acoperit\u0103 de vi\u021b\u0103 de vie a\u00a0 libr\u0103riei Smn de Carte din Re\u0219i\u021ba, str. Libert\u0103\u021bii 13, va avea loc lansarea volumui PANTA REI semnat prof. Mihai Ilie SURU \u0219i prezentarea bro\u0219urii\u00a0 Zona Turistic\u0103 a Banatului Montan Brebu Nou- G\u0103r\u00e2na a aceluia\u0219i [&hellip;]<\/p>\n","protected":false},"author":1,"featured_media":0,"comment_status":"open","ping_status":"open","sticky":false,"template":"","format":"standard","meta":[],"categories":[1],"tags":[],"_links":{"self":[{"href":"https:\/\/semndecarte.metarsis.ro\/index.php?rest_route=\/wp\/v2\/posts\/13050"}],"collection":[{"href":"https:\/\/semndecarte.metarsis.ro\/index.php?rest_route=\/wp\/v2\/posts"}],"about":[{"href":"https:\/\/semndecarte.metarsis.ro\/index.php?rest_route=\/wp\/v2\/types\/post"}],"author":[{"embeddable":true,"href":"https:\/\/semndecarte.metarsis.ro\/index.php?rest_route=\/wp\/v2\/users\/1"}],"replies":[{"embeddable":true,"href":"https:\/\/semndecarte.metarsis.ro\/index.php?rest_route=%2Fwp%2Fv2%2Fcomments&post=13050"}],"version-history":[{"count":0,"href":"https:\/\/semndecarte.metarsis.ro\/index.php?rest_route=\/wp\/v2\/posts\/13050\/revisions"}],"wp:attachment":[{"href":"https:\/\/semndecarte.metarsis.ro\/index.php?rest_route=%2Fwp%2Fv2%2Fmedia&parent=13050"}],"wp:term":[{"taxonomy":"category","embeddable":true,"href":"https:\/\/semndecarte.metarsis.ro\/index.php?rest_route=%2Fwp%2Fv2%2Fcategories&post=13050"},{"taxonomy":"post_tag","embeddable":true,"href":"https:\/\/semndecarte.metarsis.ro\/index.php?rest_route=%2Fwp%2Fv2%2Ftags&post=13050"}],"curies":[{"name":"wp","href":"https:\/\/api.w.org\/{rel}","templated":true}]}}