{"id":13037,"date":"2023-03-30T11:20:21","date_gmt":"2023-03-30T09:20:21","guid":{"rendered":"http:\/\/semndecarte.metarsis.ro\/?p=13037"},"modified":"2023-03-30T11:20:22","modified_gmt":"2023-03-30T09:20:22","slug":"in-memoriam-5","status":"publish","type":"post","link":"https:\/\/semndecarte.metarsis.ro\/?p=13037","title":{"rendered":"IN MEMORIAM"},"content":{"rendered":"\n<figure class=\"wp-block-image size-full is-resized\"><img src=\"http:\/\/semndecarte.metarsis.ro\/wp-content\/uploads\/2023\/03\/21981_481245758694994_4603554166114190822_n-Copy.jpg\" alt=\"\" class=\"wp-image-13039\" height=\"250\" srcset=\"https:\/\/semndecarte.metarsis.ro\/wp-content\/uploads\/2023\/03\/21981_481245758694994_4603554166114190822_n-Copy.jpg 520w, https:\/\/semndecarte.metarsis.ro\/wp-content\/uploads\/2023\/03\/21981_481245758694994_4603554166114190822_n-Copy-160x94.jpg 160w, https:\/\/semndecarte.metarsis.ro\/wp-content\/uploads\/2023\/03\/21981_481245758694994_4603554166114190822_n-Copy-163x96.jpg 163w\" sizes=\"(max-width: 520px) 100vw, 520px\" \/><\/figure>\n\n\n\n<p><strong>Vasile POPOVICI ( 19.03.1969- 09.07.2022)<\/strong><\/p>\n\n\n\n<p>Expo \u0219i relansare de carte<\/p>\n\n\n\n<p>Joi, 30 martie 2023, ora 17:30, \u00een foaierul Casei de Cununii din Re\u0219i\u021ba, Pia\u021ba 1 Decembrie 1918, va avea loc un eveniment IN MEMORIAM Vasile POPOVICI ( 19.03.1969- 09.07.2022): expozi\u021bia de art\u0103 plastic\u0103 \u0219i relansarea volumelor \u201e\u00cenv\u0103luit de magia culorilor\u201d \u0219i \u201eVia\u021ba de artist\u201d. Evenimentul este organizat de Clubul Rotary Re\u0219i\u021ba, Club care i-a sus\u021binut activitatea, a finan\u021bat apari\u021bia \u0219i reapari\u021bia volumelor semnate Vasile Popovici.<\/p>\n\n\n\n<p>Invita\u021bi special: dr.fil. Ada D. Cruceanu, preot paroh Petru Popovici, Biserica Ortodox\u0103 Ucrainean\u0103 Re\u0219i\u021ba. Moment muzical sus\u021binut de Duo violoncel: Diana Silaghi, profesor Liceul de Arte Re\u0219i\u021ba \u0219i Sabin Sebastian Pascu, Filarmonica din Timi\u0219oara.\u00a0<\/p>\n\n\n\n<!--more-->\n\n\n\n<p>Societatea pentru Cultur\u0103 \u201eMetarsis\u201d recomand\u0103 \u0219i sus\u021bine evenimentul dedicat memoriei unui \u00eenving\u0103tor prin art\u0103. &nbsp;<\/p>\n\n\n\n<p><strong>\u201cUnii oameni apar \u00een via\u021ba noastr\u0103 ca o binecuv\u00e2ntare, al\u021bii- ca o lec\u021bie\u201d (Maica Tereza).<\/strong><\/p>\n\n\n\n<p>Ce pu\u021bin ne trebuie ca s\u0103 fim ferici\u021bi! Este lec\u021bia de via\u021b\u0103 pe care ne-a f\u0103cut-o cunoscut\u0103 Vasilic\u0103 POPOVICI, marele nostru prieten cu trup de copil, tr\u0103itor pe marginea pr\u0103pastiei, at\u00e2t de fragil trupe\u0219te \u0219i, totodat\u0103, extrem de puternic prin relevarea sensului propriu al existen\u021bei de sine. \u0218i pentru c\u0103 destinul s-a jucat cu via\u021ba sa, Vasilic\u0103 POPOVICI a \u00eenvins prin art\u0103.<\/p>\n\n\n\n<p>Imobilizat \u00eentr-un scaun cu rotile, Vasilic\u0103 POPOVICI a pictat \u021bin\u00e2nd pensula cu gura \u0219i a scris cu sufletul \u201d \u00ceNV\u0102LUIT \u00ceN MAGIA CULORILOR\u201d, dest\u0103inuind via\u021ba sa de artist ca un testament l\u0103sat nou\u0103- o admirabil\u0103 lec\u021bie de via\u021b\u0103, de \u00eemp\u0103care cu sine \u0219i neabandonare, de curaj \u0219i \u00eencredere, de perseveren\u021b\u0103. Singurul artist naiv cu handicap din \u021bara noastr\u0103,&nbsp; discipol al regretatului Mihai Vintil\u0103 (pre\u0219edinte al Funda\u0163iei Arti\u0219tilor Plastici Naivi \u201eVINTIL\u0102 ARPLANA\u201d) care l-a descoperit \u0219i \u00eendrumat spre performan\u021b\u0103 \u00eenalt\u0103, a fost un \u00eenving\u0103tor. Semnatar a peste 200 de tablouri \u015fi 50 de icoane, a fost prezent, prin arta sa excep\u0163ional\u0103, \u00een aproximativ 50 de expozi\u021bii din care 9 interna\u0163ionale (Fran\u0163a, Italia, Germania, Spania), a primit numeroase premii \u0219i diplome. \u201d\u00cen primul r\u00e2nd participarea mea la numeroase expozi\u021bii nu a fost niciodat\u0103 fizic\u0103, ci doar lucr\u0103rile mele au avut un cuv\u00e2nt de spus. Poate tocmai de aceea primele premii r\u0103m\u00e2n cele mai importante pentru c\u0103 mi-au demonstrat c\u0103 pot s\u0103 realizez ceva. Am primit ajutor din partea multor persoane, dar cel mai mult din partea Clubului Rotary\u201d declara Vasilic\u0103 POPOVICI pentru&nbsp; <a href=\"http:\/\/xn--adevrul-c4a.ro\" target=\"_blank\" rel=\"noreferrer noopener\">adev\u0103rul.ro<\/a>&nbsp; \u00een anul 2011.&nbsp; Om de impact \u00een comunitatea re\u0219i\u021bean\u0103 \u0219i nu numai, a devenit \u201dMembu de onoare al Rotary Club Re\u0219i\u021ba\u201d pentru merite deosebite. Vasile POPOVICI a fost simbolul proiectului districtual \u201dCULORILE&nbsp; CARE DAU VIA\u021a\u0102\u201d&nbsp; ini\u021biat \u00een 2014 de Clubul Rotary Re\u0219i\u021ba \u00een campania END POLYO NOW derulat\u0103 de Rotary Interna\u0163ional al\u0103turi de OMS \u0219i UNICEF (United Nations International Children\u2019s Emergency Fund\/ Fondul Interna\u021bional pentru Urgen\u021be ale Copiilor al Na\u021biunilor Unite). El \u00eensu\u0219i suferind de poliomielit\u0103 invalidant\u0103 \u00een copil\u0103rie, Vasile POPOVICI a donat 2 lucr\u0103ri care, \u00eenso\u021bite de \u201cAlbumul de pictur\u0103 Vasile Popovici\u201d reeditat special pentru acest eveniment au plecat spre Cluburi Rotary din America \u0219i Fran\u021ba. Prin licita\u021bii succesive s-au&nbsp; colectat peste 25.000 $, sumele fiind donate campaniei END POLYO NOW de Districtul 2241, Rom\u00e2nia- Republica Moldova, fiind \u201cAt\u00e2t de Aproape\u201d\/&nbsp; \u201cThis close\u201d p\u00e2n\u0103 la finalizarea proiectului anti-poliomielit\u0103.<\/p>\n\n\n\n<p>Dumnezeu l-a eliberat \u0219i-i va a\u0219eza, cu siguran\u021b\u0103, sufletul chinuit \u0219i curat \u00een loc luminos, \u00een loc cu verdea\u021b\u0103, unde nu exist\u0103 durere, nici \u00eentristare nici suspin ci via\u021b\u0103 f\u0103r\u0103 de sf\u00e2r\u0219it. \u00cei st\u0103m al\u0103turi mamei \u00een suferin\u021ba grea prin care trece, cu g\u00e2nduri de m\u00e2ng\u00e2iere \u0219i sincere condolean\u021be.<\/p>\n\n\n\n<p>Mul\u021bumim Vasile POPOVICI ( 19.03.1969- 09.07.2022) pentru emo\u021biile \u00eemp\u0103rt\u0103\u0219ite sub bolta vi\u021bei de vie la libr\u0103ria Semn de Carte \u0219i la Universitate, pentru prietenie, pentru implicare social\u0103, pentru iubirea de semeni, pentru admirabila lec\u021bie de via\u021b\u0103 \u0219i binecuv\u00e2ntarea de-a te fi cunoscut \u00eenv\u0103luit \u00een magia culorilor vibrante. Drum lin \u00een Lumin\u0103, prieten drag. (Camelia DUCA)<\/p>\n","protected":false},"excerpt":{"rendered":"<p>Vasile POPOVICI ( 19.03.1969- 09.07.2022) Expo \u0219i relansare de carte Joi, 30 martie 2023, ora 17:30, \u00een foaierul Casei de Cununii din Re\u0219i\u021ba, Pia\u021ba 1 Decembrie 1918, va avea loc un eveniment IN MEMORIAM Vasile POPOVICI ( 19.03.1969- 09.07.2022): expozi\u021bia de art\u0103 plastic\u0103 \u0219i relansarea volumelor \u201e\u00cenv\u0103luit de magia culorilor\u201d \u0219i \u201eVia\u021ba de artist\u201d. Evenimentul [&hellip;]<\/p>\n","protected":false},"author":1,"featured_media":0,"comment_status":"open","ping_status":"open","sticky":false,"template":"","format":"standard","meta":[],"categories":[1],"tags":[],"_links":{"self":[{"href":"https:\/\/semndecarte.metarsis.ro\/index.php?rest_route=\/wp\/v2\/posts\/13037"}],"collection":[{"href":"https:\/\/semndecarte.metarsis.ro\/index.php?rest_route=\/wp\/v2\/posts"}],"about":[{"href":"https:\/\/semndecarte.metarsis.ro\/index.php?rest_route=\/wp\/v2\/types\/post"}],"author":[{"embeddable":true,"href":"https:\/\/semndecarte.metarsis.ro\/index.php?rest_route=\/wp\/v2\/users\/1"}],"replies":[{"embeddable":true,"href":"https:\/\/semndecarte.metarsis.ro\/index.php?rest_route=%2Fwp%2Fv2%2Fcomments&post=13037"}],"version-history":[{"count":0,"href":"https:\/\/semndecarte.metarsis.ro\/index.php?rest_route=\/wp\/v2\/posts\/13037\/revisions"}],"wp:attachment":[{"href":"https:\/\/semndecarte.metarsis.ro\/index.php?rest_route=%2Fwp%2Fv2%2Fmedia&parent=13037"}],"wp:term":[{"taxonomy":"category","embeddable":true,"href":"https:\/\/semndecarte.metarsis.ro\/index.php?rest_route=%2Fwp%2Fv2%2Fcategories&post=13037"},{"taxonomy":"post_tag","embeddable":true,"href":"https:\/\/semndecarte.metarsis.ro\/index.php?rest_route=%2Fwp%2Fv2%2Ftags&post=13037"}],"curies":[{"name":"wp","href":"https:\/\/api.w.org\/{rel}","templated":true}]}}