{"id":13033,"date":"2023-03-22T21:20:38","date_gmt":"2023-03-22T19:20:38","guid":{"rendered":"http:\/\/semndecarte.metarsis.ro\/?p=13033"},"modified":"2023-04-26T20:10:27","modified_gmt":"2023-04-26T18:10:27","slug":"concurs-de-reportaje-doru-dinu-glavan","status":"publish","type":"post","link":"https:\/\/semndecarte.metarsis.ro\/?p=13033","title":{"rendered":"CONCURS DE REPORTAJE    \u201eDORU DINU GL\u0102VAN\u201d"},"content":{"rendered":"\n<figure class=\"wp-block-image size-full is-resized\"><img src=\"http:\/\/semndecarte.metarsis.ro\/wp-content\/uploads\/2023\/03\/AFIS-CONCURS-JURNALISM-1.jpg\" alt=\"\" class=\"wp-image-13034\" height=\"200\" srcset=\"https:\/\/semndecarte.metarsis.ro\/wp-content\/uploads\/2023\/03\/AFIS-CONCURS-JURNALISM-1.jpg 520w, https:\/\/semndecarte.metarsis.ro\/wp-content\/uploads\/2023\/03\/AFIS-CONCURS-JURNALISM-1-160x73.jpg 160w, https:\/\/semndecarte.metarsis.ro\/wp-content\/uploads\/2023\/03\/AFIS-CONCURS-JURNALISM-1-163x75.jpg 163w\" sizes=\"(max-width: 520px) 100vw, 520px\" \/><\/figure>\n\n\n\n<figure class=\"wp-block-image size-full is-resized\"><img src=\"http:\/\/semndecarte.metarsis.ro\/wp-content\/uploads\/2023\/03\/AFIS-CONCURS-JURNALISM-2.jpg\" alt=\"\" class=\"wp-image-13035\" height=\"155\" srcset=\"https:\/\/semndecarte.metarsis.ro\/wp-content\/uploads\/2023\/03\/AFIS-CONCURS-JURNALISM-2.jpg 519w, https:\/\/semndecarte.metarsis.ro\/wp-content\/uploads\/2023\/03\/AFIS-CONCURS-JURNALISM-2-160x58.jpg 160w, https:\/\/semndecarte.metarsis.ro\/wp-content\/uploads\/2023\/03\/AFIS-CONCURS-JURNALISM-2-163x59.jpg 163w\" sizes=\"(max-width: 519px) 100vw, 519px\" \/><\/figure>\n\n\n\n<p><strong>\u201eMicii mari jurnali\u015fti&#8221;,&nbsp; ed.l, 2023,&nbsp;&nbsp;&nbsp; \u201eRe\u015fita, dragostea mea\u201d<\/strong><\/p>\n\n\n\n<p>Societatea pentru Cultur\u0103 METARSIS, Uniunea Ziari\u015ftilor Profesioni\u0219ti din Rom\u00e2nia-<br>Filiala Cara\u015f-Severin (UZPR CS), Inspectoratul \u015ecolar Jude\u021bean Cara\u0219-Severin,<br>Biblioteca Jude\u021bean\u0103 \u201ePaul IORGOVICI\u201d Cara\u015f-Severin, Centrul Jude\u021bean pentru<br>Conservarea \u015fi Promovarea Culturii Tradi\u021bionale Cara\u015f-Severin, organizeaz\u0103, la<br>Re\u0219i\u021ba, CONCURS DE REPORTAJE \u201eDORU DINU GL\u0102VAN\u201d &#8211; \u201eMicii mari<br>jurnali\u015fti\u201d, ed.l, 2023, \u201eRe\u015fita, dragostea mea\u201d.<\/p>\n\n\n\n<!--more-->\n\n\n\n<p><br>Reportajele vor fi trimise p\u00e2n\u0103 la 01.06.2023 pe adresa de mail <a href=\"mailto:contact@metarsis.ro\">contact@metarsis.ro<\/a> sau vor fi aduse la libr\u0103ria Semn de Carte, str. Libert\u0103\u021bii 13.<br>Concursul \u00ee\u0219i propune s\u0103 descopere, s\u0103 pun\u0103 \u00een valoare \u0219i s\u0103 promoveze talente<br>provenite din r\u00e2ndul elevilor re\u015fiteni, pe trei categorii:<br>I. Clasele V-VI<br>II. Clasele VII-VIIl<br>III. Clasele IX-XII<br>Recomand\u00e4m ca reportajele s\u0103 se axeze pe realit\u0103\u021bile ora\u015fului Re\u015fita aflat, evident,<br>\u00eentr-o etap\u0103 de redefinire economic\u0103, industrial\u0103, social\u0103 \u0219i cutural\u0103, relevand<br>leg\u0103turile tinerei genera\u021bii cu \u201eCetatea de Foc\u201d \u00een anul 252 al istorie noastre<br>industriale \u0219i s\u0103 surprind\u0103 actualitatea \u00een mod autentic, plastic, cu atitudine.<br>Reportajele av\u00e2nd ca titlu \u201eRe\u015fita, dragostea mea\u201d pot s\u0103 evoce personalit\u0103\u021bi,<br>evenimente sau aspecte din realitatea cotidian\u0103, red\u00e2nd leg\u0103tura emo\u021bional\u0103 a<br>tinerilor cu \u201eOra\u015ful cu Poe\u021bi\u201d.<br>Textele pentru clasele: V-VI vor avea min. 16 randuri- max. 32 randuri, clasele VII-<br>VIII \u015fi IX-XII min. 32 r\u00e2nduri- max. 96 r\u00e2nduri. Acestea vor fi \u00eenso\u021bite de datele de<br>indentificare ale autorului: nume, prenume, clasa, \u015fcoala, profesor coordonator,<br>telefon \u015fi adresa de e-mail. \u015fi vor fi transmise \u00een font 12 Normal, Times New Roman,<br>spa\u021biere 1.5, p\u00e2n\u0103 la data de 01.06.2023 pe adresa de mail: contact@metarsis.ro<br>sau, \u00een scris, pe adresa Societatea pentru Cultur\u0103 METARSIS, Re\u015fi\u021ba, str. Libert\u0103\u021bii<br>13- Libraria Semn de Carte, jud. Cara\u015f-Severin.<br>Un juriu de speciali\u015fti va acorda urm\u0103toarele premii pe categorii de concuren\u021bi:<br>Premii: I, II, III, Men\u021biune<br>Premiul Societ\u0103\u021bii pentru Cultur\u0103 METARSIS<br>Premiul UZPR filiala Cara\u015f-Severin<br>Premiul Bibliotecii Jude\u021bene \u201ePaul IORGOVICI<br>Premiul familiei Cenan- Gl\u0103van<br>Premiile I vor fi publicate \u00een revista \u201eREFLEX- art\u0103 cultur\u0103 civiliza\u021bie\u201d care apare<br>sub egida Uniunii Scriitorilor din Rom\u00e2nia prin grija Centrului Jude\u021bean pentru<br>Conservarea \u015fi Promovarea Culturii Tradi\u021bionale, Cara\u015f-Severin.<\/p>\n\n\n\n<p>Premiile I de la fiecare sec\u021biune&nbsp;vor fi publicate \u00een Revista U.Z.P. Rom\u00e2nia.Premiile II, III \u0219i men\u021biunea&nbsp;de la fiecare sec\u021biune, vor fi publicate, pe r\u00e2nd, pe site-ul UZPR. (<a href=\"http:\/\/uzpr.ro\/\" target=\"_blank\" rel=\"noreferrer noopener\">uzpr.ro<\/a>). Uniunea Ziari\u0219tilor Profesioni\u0219ti din Rom\u00e2nia va oferi diplome (din partea sediului central),&nbsp; Revista UZPR \u0219i c\u0103r\u021bi tuturor premian\u021bilor (premiile I, II, III \u0219i men\u021biune).<\/p>\n\n\n\n<p>Organizatorii vor oferii ca premii c\u0103r\u021bi \u0219i diplome participan\u021bilor \u0219i profesorilor cu elevi \u00eenscri\u0219i \u00een Concurs.<\/p>\n\n\n\n<p>Gala de Premiere a Concursului de Reportaj &#8222;DORU DINU GL\u0102VAN&#8221;, ed.I, &#8222;Micii<br>mari jurnali\u015fti\u201d &#8211; \u201eRe\u015fita, dragostea mea\u201d va avea loc miercuri, 07 iunie 2023, ora<br>17:00, \u00eentr-o loca\u021bie pe care o vom anunta anterior.<br>CONCURS DE REPORTAJE \u201eDORU DINU GL\u0102VAN\u201d (07.06.1946-31.10.2021)<br>este ini\u021biat din respect pentru jurnalistul, reporterul, omul de radio Doru Dinu<br>GL\u0102VAN, cel care a publicat \u00eenc\u0103 de la 14 ani, ini\u021biatorul \u015fi primul director al Radio<br>Rom\u00e2nia RE\u0218I\u021aA (la 8 august 1995, Doru Dinu Glavan, \u00eempreun\u0103 cu tineri<br>entuzia\u015fti constituie Funda\u021bia Radio Caras- Severin \u2013 ini\u021biativ\u0103 sus\u021binut\u0103 \u0219i de<br>aurorita\u021bile locale, cu ajutorul vechiului prietenului din Fran\u021ba, prof. Corneliu Mircea<br>RO\u0218U). Dup\u0103 o munc\u0103 tenace, sus\u021binut\u0103, , exact dup\u0103 un an, la 8 august 1996<br>prime\u015fte statut oficial de post public local al Societ\u0103tii Rom\u00e2ne de Radiodifuziune \u0219i<br>emite primul semnal \u00een eter). Doru Dinu GL\u0102VAN a fost pre\u015fedinte al Uniuni<br>Ziari\u015ftilor Profesioni\u015fti din Rom\u00e2nia, Uniune pe care a propulsat-o la statutul de cea<br>mai mare Uniune din \u021bar\u0103 \u0219i pentru care a ob\u021binut statutul de Uniune de Crea\u021bie \u0219i<br>Utilitate Public\u0103.<br>Ne propunem \u00eencurajarea creatiei jurnalistice \u0219i publicistice ca domeniu distinct al<br>vie\u021bii spirituale, descoperirea de tinere talente pe care s\u0103 le \u00eencuraj\u0103m s\u0103 devin\u0103<br>jurnali\u015fti one\u015fti, creativi, dedica\u021bi publicului larg, ap\u0103r\u0103rtori ai drepturilor, libert\u0103\u021bilor \u015fi<br>demnit\u0103\u021bii profesionale, ai libert\u0103\u021bii de exprimare.<\/p>\n\n\n\n<p>Eveniment organizat de Societate pentru Cultur\u0103 METARSIS- activit\u0103\u021bi \u015fi servicii de<br>cultur\u0103 urban\u0103 \u015fi art\u0103 contemporan\u0103 \u00een parteneriat cu Uniunea Ziari\u015ftilor<br>Profesioni\u015fti din Rom\u00e2nia, filiala Cara\u015f-Severin, Inspectoratul \u015ecolar Cara\u015f-Severin,<br>Centrul Jude\u021bean pentru Conservarea \u015fi Promovarea Culturii Tradi\u021bionale Cara\u015f-<br>Severin, Biblioteca Jude\u021bean\u0103 \u201ePaul IORGOVICI\u201d Cara\u0219-Severin. (Camelia DUCA)<\/p>\n","protected":false},"excerpt":{"rendered":"<p>\u201eMicii mari jurnali\u015fti&#8221;,&nbsp; ed.l, 2023,&nbsp;&nbsp;&nbsp; \u201eRe\u015fita, dragostea mea\u201d Societatea pentru Cultur\u0103 METARSIS, Uniunea Ziari\u015ftilor Profesioni\u0219ti din Rom\u00e2nia-Filiala Cara\u015f-Severin (UZPR CS), Inspectoratul \u015ecolar Jude\u021bean Cara\u0219-Severin,Biblioteca Jude\u021bean\u0103 \u201ePaul IORGOVICI\u201d Cara\u015f-Severin, Centrul Jude\u021bean pentruConservarea \u015fi Promovarea Culturii Tradi\u021bionale Cara\u015f-Severin, organizeaz\u0103, laRe\u0219i\u021ba, CONCURS DE REPORTAJE \u201eDORU DINU GL\u0102VAN\u201d &#8211; \u201eMicii marijurnali\u015fti\u201d, ed.l, 2023, \u201eRe\u015fita, dragostea mea\u201d.<\/p>\n","protected":false},"author":1,"featured_media":0,"comment_status":"open","ping_status":"open","sticky":false,"template":"","format":"standard","meta":[],"categories":[3],"tags":[],"_links":{"self":[{"href":"https:\/\/semndecarte.metarsis.ro\/index.php?rest_route=\/wp\/v2\/posts\/13033"}],"collection":[{"href":"https:\/\/semndecarte.metarsis.ro\/index.php?rest_route=\/wp\/v2\/posts"}],"about":[{"href":"https:\/\/semndecarte.metarsis.ro\/index.php?rest_route=\/wp\/v2\/types\/post"}],"author":[{"embeddable":true,"href":"https:\/\/semndecarte.metarsis.ro\/index.php?rest_route=\/wp\/v2\/users\/1"}],"replies":[{"embeddable":true,"href":"https:\/\/semndecarte.metarsis.ro\/index.php?rest_route=%2Fwp%2Fv2%2Fcomments&post=13033"}],"version-history":[{"count":0,"href":"https:\/\/semndecarte.metarsis.ro\/index.php?rest_route=\/wp\/v2\/posts\/13033\/revisions"}],"wp:attachment":[{"href":"https:\/\/semndecarte.metarsis.ro\/index.php?rest_route=%2Fwp%2Fv2%2Fmedia&parent=13033"}],"wp:term":[{"taxonomy":"category","embeddable":true,"href":"https:\/\/semndecarte.metarsis.ro\/index.php?rest_route=%2Fwp%2Fv2%2Fcategories&post=13033"},{"taxonomy":"post_tag","embeddable":true,"href":"https:\/\/semndecarte.metarsis.ro\/index.php?rest_route=%2Fwp%2Fv2%2Ftags&post=13033"}],"curies":[{"name":"wp","href":"https:\/\/api.w.org\/{rel}","templated":true}]}}