{"id":13030,"date":"2023-02-27T19:59:43","date_gmt":"2023-02-27T17:59:43","guid":{"rendered":"http:\/\/semndecarte.metarsis.ro\/?p=13030"},"modified":"2023-02-27T20:00:34","modified_gmt":"2023-02-27T18:00:34","slug":"martisor-2023","status":"publish","type":"post","link":"https:\/\/semndecarte.metarsis.ro\/?p=13030","title":{"rendered":"M\u0103r\u021bi\u0219or 2023"},"content":{"rendered":"\n<figure class=\"wp-block-image size-full is-style-default\"><img loading=\"lazy\" width=\"500\" height=\"213\" src=\"http:\/\/semndecarte.metarsis.ro\/wp-content\/uploads\/2023\/02\/martisor_01.jpg\" alt=\"\" class=\"wp-image-13031\" srcset=\"https:\/\/semndecarte.metarsis.ro\/wp-content\/uploads\/2023\/02\/martisor_01.jpg 500w, https:\/\/semndecarte.metarsis.ro\/wp-content\/uploads\/2023\/02\/martisor_01-160x68.jpg 160w, https:\/\/semndecarte.metarsis.ro\/wp-content\/uploads\/2023\/02\/martisor_01-163x69.jpg 163w\" sizes=\"(max-width: 500px) 100vw, 500px\" \/><\/figure>\n\n\n\n<p><strong>Art\u0103 fotografic\u0103, poezie, muzic\u0103<\/strong><\/p>\n\n\n\n<p>Mar\u021bi, 28 februarie 2023, ora 16:00, Biblioteca German\u0103 \u201eAlexander Tietz\u201c Re\u0219i\u021ba va fi gazda unui eveniment dedicat M\u0102R\u021aI\u0218ORULUI. Devenit\u0103, deja, tradi\u021bie, \u00eent\u00e2lnirea celebreaz\u0103 triumful prim\u0103verii asupra iernii prin expozi\u021bia de fotografie \u201d Impresii de martie 2022 din Cuba (II)\u201d semnat\u0103 Erwin Josef \u021aIGLA, pre\u0219edinte al Forumului Democratic al Germanilor din Cara\u0219-Severin \u0219i recital violoncel sus\u021binut prof. Diana SILAGHI \u00eempreun\u0103 cu eleva sa Evelina Maria VOICU, clasa a X-a, Liceul de Arte \u201dSabin P\u0102U\u021aA\u201d, Re\u0219i\u021ba. Evenimentul se va bucura de prezen\u021ba poetului Costel STANCU, una dintre vocile inconfundabile ale Cet\u0103\u021bii cu Poe\u021bi.<\/p>\n\n\n\n<!--more-->\n\n\n\n<p>Eveniment organizat de: Societatea pentru Cultur\u0103 METARSIS, FORUMUL DEMOCRATIC&nbsp; al GERMANILOR din Cara\u0219-Severin \u0219i Liceul de Arte \u201dSabin P\u0102U\u021aA\u201d, Re\u0219i\u021ba. (Camelia DUCA)<\/p>\n","protected":false},"excerpt":{"rendered":"<p>Art\u0103 fotografic\u0103, poezie, muzic\u0103 Mar\u021bi, 28 februarie 2023, ora 16:00, Biblioteca German\u0103 \u201eAlexander Tietz\u201c Re\u0219i\u021ba va fi gazda unui eveniment dedicat M\u0102R\u021aI\u0218ORULUI. Devenit\u0103, deja, tradi\u021bie, \u00eent\u00e2lnirea celebreaz\u0103 triumful prim\u0103verii asupra iernii prin expozi\u021bia de fotografie \u201d Impresii de martie 2022 din Cuba (II)\u201d semnat\u0103 Erwin Josef \u021aIGLA, pre\u0219edinte al Forumului Democratic al Germanilor din Cara\u0219-Severin [&hellip;]<\/p>\n","protected":false},"author":1,"featured_media":0,"comment_status":"open","ping_status":"open","sticky":false,"template":"","format":"standard","meta":[],"categories":[3],"tags":[],"_links":{"self":[{"href":"https:\/\/semndecarte.metarsis.ro\/index.php?rest_route=\/wp\/v2\/posts\/13030"}],"collection":[{"href":"https:\/\/semndecarte.metarsis.ro\/index.php?rest_route=\/wp\/v2\/posts"}],"about":[{"href":"https:\/\/semndecarte.metarsis.ro\/index.php?rest_route=\/wp\/v2\/types\/post"}],"author":[{"embeddable":true,"href":"https:\/\/semndecarte.metarsis.ro\/index.php?rest_route=\/wp\/v2\/users\/1"}],"replies":[{"embeddable":true,"href":"https:\/\/semndecarte.metarsis.ro\/index.php?rest_route=%2Fwp%2Fv2%2Fcomments&post=13030"}],"version-history":[{"count":0,"href":"https:\/\/semndecarte.metarsis.ro\/index.php?rest_route=\/wp\/v2\/posts\/13030\/revisions"}],"wp:attachment":[{"href":"https:\/\/semndecarte.metarsis.ro\/index.php?rest_route=%2Fwp%2Fv2%2Fmedia&parent=13030"}],"wp:term":[{"taxonomy":"category","embeddable":true,"href":"https:\/\/semndecarte.metarsis.ro\/index.php?rest_route=%2Fwp%2Fv2%2Fcategories&post=13030"},{"taxonomy":"post_tag","embeddable":true,"href":"https:\/\/semndecarte.metarsis.ro\/index.php?rest_route=%2Fwp%2Fv2%2Ftags&post=13030"}],"curies":[{"name":"wp","href":"https:\/\/api.w.org\/{rel}","templated":true}]}}