{"id":12854,"date":"2022-02-23T20:53:16","date_gmt":"2022-02-23T18:53:16","guid":{"rendered":"http:\/\/semndecarte.metarsis.ro\/?p=12854"},"modified":"2022-02-23T20:53:17","modified_gmt":"2022-02-23T18:53:17","slug":"1-martie","status":"publish","type":"post","link":"https:\/\/semndecarte.metarsis.ro\/?p=12854","title":{"rendered":"1 MARTIE"},"content":{"rendered":"\n<figure class=\"wp-block-image size-full is-resized is-style-default\"><img loading=\"lazy\" src=\"http:\/\/semndecarte.metarsis.ro\/wp-content\/uploads\/2022\/02\/PROGRAMM-FEBRUAR-2022-web-MARTISOR-MARZCHEN.jpg\" alt=\"\" class=\"wp-image-12856\" width=\"520\" height=\"293\" srcset=\"https:\/\/semndecarte.metarsis.ro\/wp-content\/uploads\/2022\/02\/PROGRAMM-FEBRUAR-2022-web-MARTISOR-MARZCHEN.jpg 520w, https:\/\/semndecarte.metarsis.ro\/wp-content\/uploads\/2022\/02\/PROGRAMM-FEBRUAR-2022-web-MARTISOR-MARZCHEN-160x90.jpg 160w, https:\/\/semndecarte.metarsis.ro\/wp-content\/uploads\/2022\/02\/PROGRAMM-FEBRUAR-2022-web-MARTISOR-MARZCHEN-163x92.jpg 163w\" sizes=\"(max-width: 520px) 100vw, 520px\" \/><\/figure>\n\n\n\n<p><strong>Arta plastic\u0103, poezie, muzic\u0103<\/strong><\/p>\n\n\n\n<p>28 februarie &nbsp;2022, ora 16.00, la&nbsp; Biblioteca German\u0103 \u201eAlexander Tietz\u201c Re\u0219i\u021ba vom celebra m\u0103r\u021bi\u0219orul, vestitor al prim\u0103verii.&nbsp; Vernisajul expozi\u021biei de art\u0103 plastic\u0103 a Vioric\u0103i Ana FARCA\u0218&nbsp; membr\u0103 a Cercului de pictur\u0103 \u201eDeutsche Kunst Reschitza\u201d va fi completat de poezie \u0219i muzic\u0103. Vor citi poeme membri ai Cenaclului Literar \u201dSemenicul\u201d.&nbsp; Momentele muzicale vor fi asigurate de Matei IVANOV, an III- pian, Alexandru LIGHEZAN, an V- pian, clasa prof. Lucia GHILEA,&nbsp; Sefora IB\u0102NI\u0218TEANU, an I, jazz- voce , clasa prof. Andrei GHILEA, de la \u0218coala Popular\u0103 de Arte \u201dIon ROM\u00c2NU\u201d din Re\u0219i\u021ba \u0219i absolventul acelea\u0219i Institu\u021bii,&nbsp; Alexandru MOLDOVAN, pian.<\/p>\n\n\n\n<!--more-->\n\n\n\n<p>Un magic \u00eenceput de prim\u0103var\u0103 prin care rena\u0219tem \u0219i intr\u0103m, treptat,&nbsp; \u00een normalitate. (Camelia DUCA)<\/p>\n\n\n\n<p>O manifestare organizat\u0103 \u00een parteneriat de Societatea pentru Cultur\u0103 \u201eMetarsis\u201d Re\u0219i\u021ba cu Biblioteca German\u0103\u00a0 \u201eAlexandru TIETZ\u201d din Re\u0219i\u021ba.<\/p>\n","protected":false},"excerpt":{"rendered":"<p>28 februarie  2022, ora 16.00, la  Biblioteca German\u0103 \u201eAlexander Tietz\u201c Re\u0219i\u021ba vom celebra m\u0103r\u021bi\u0219orul, vestitor al prim\u0103verii. <\/p>\n","protected":false},"author":1,"featured_media":0,"comment_status":"open","ping_status":"open","sticky":false,"template":"","format":"standard","meta":[],"categories":[3],"tags":[725],"_links":{"self":[{"href":"https:\/\/semndecarte.metarsis.ro\/index.php?rest_route=\/wp\/v2\/posts\/12854"}],"collection":[{"href":"https:\/\/semndecarte.metarsis.ro\/index.php?rest_route=\/wp\/v2\/posts"}],"about":[{"href":"https:\/\/semndecarte.metarsis.ro\/index.php?rest_route=\/wp\/v2\/types\/post"}],"author":[{"embeddable":true,"href":"https:\/\/semndecarte.metarsis.ro\/index.php?rest_route=\/wp\/v2\/users\/1"}],"replies":[{"embeddable":true,"href":"https:\/\/semndecarte.metarsis.ro\/index.php?rest_route=%2Fwp%2Fv2%2Fcomments&post=12854"}],"version-history":[{"count":0,"href":"https:\/\/semndecarte.metarsis.ro\/index.php?rest_route=\/wp\/v2\/posts\/12854\/revisions"}],"wp:attachment":[{"href":"https:\/\/semndecarte.metarsis.ro\/index.php?rest_route=%2Fwp%2Fv2%2Fmedia&parent=12854"}],"wp:term":[{"taxonomy":"category","embeddable":true,"href":"https:\/\/semndecarte.metarsis.ro\/index.php?rest_route=%2Fwp%2Fv2%2Fcategories&post=12854"},{"taxonomy":"post_tag","embeddable":true,"href":"https:\/\/semndecarte.metarsis.ro\/index.php?rest_route=%2Fwp%2Fv2%2Ftags&post=12854"}],"curies":[{"name":"wp","href":"https:\/\/api.w.org\/{rel}","templated":true}]}}