{"id":12849,"date":"2022-02-11T20:56:26","date_gmt":"2022-02-11T18:56:26","guid":{"rendered":"http:\/\/semndecarte.metarsis.ro\/?p=12849"},"modified":"2022-02-11T20:56:27","modified_gmt":"2022-02-11T18:56:27","slug":"la-multi-ani-sabin-pautza-5","status":"publish","type":"post","link":"https:\/\/semndecarte.metarsis.ro\/?p=12849","title":{"rendered":"LA MUL\u021aI ANI, Sabin PAUTZA!"},"content":{"rendered":"\n<figure class=\"wp-block-image size-full is-resized is-style-default\"><img loading=\"lazy\" src=\"http:\/\/semndecarte.metarsis.ro\/wp-content\/uploads\/2022\/02\/79-Pautza.jpg\" alt=\"\" class=\"wp-image-12850\" width=\"577\" height=\"204\"\/><\/figure>\n\n\n\n<p><strong>\u201e \u00cen Re\u0219i\u021ba se nasc ceremonii\/ De pe B\u00e2rzava, dealuri-ve\u0219nicii.\/ La Re\u0219i\u021ba d\u0103 floarea vie\u021bii-n spic\/ Precum izvoarele \u00een Semenic.\u201d Imnul Re\u0219i\u021bei, text Octavian\u00a0 DOCLIN, muzica Sabin PAUTZA<\/strong><\/p>\n\n\n\n<p>Mar\u021bi, 8 februarie 2022, sala LIRA a Liceului de Arte din Re\u0219i\u021ba, institu\u021bie de prestigiu care-i poart\u0103 numele, a fost gazda unui minirecital \u00een onoarea maestrului Sabin PAUTZA la \u00eemplinirea v\u00e2rstei de 79 de ani. Ca preambul la amplele manifest\u0103ri de anul viitor c\u00e2nd \u00eel vom aniversa la 80 de ani, ceremonia a debutat cu Imnul Re\u0219i\u021bei, text Octavian DOCLIN, muzica Sabin PAUTZA&nbsp; \u00een interpretarea corurilor ARMONIA \u0219i Allegretto ale Liceului de Arte, dirijor prof. Emanuela MOLDOVAN, la pian prof. Lucia GHILEA. Dariana COCORA, elev\u0103 \u00een clasa a X-a, o sopran\u0103 \u00een formare, cea care studiaz\u0103 canto cu prof. Cornelia BALOGH REMELEI doar de un an fiind, \u00een acest scurt r\u0103stimp laureat\u0103 a mai multor concursuri- ultimul, premiul I la \u201dEmil MON\u021aIA\u201d, Arad, a interpretat Cezar FRANCK \u201dPanis Angelicum\u201d \u0219i Gherase DENDRINO &nbsp;\u201dC\u00e2nd trandafirii au \u00eenflorit\u201d, acompaniat\u0103 la pian de prof. Lorand BALOGH REMELEI. Au \u021binut s\u0103-l felicite prof. Tudor PANI\u021a\u0102, director al Liceului \u0219i pre\u0219edinta \u00een exerci\u021biu al Clubului Rotary Re\u0219i\u021ba, ec, Mihaela AZAP, Sabin PAUTZA fiind rotaryan.<\/p>\n\n\n\n<!--more-->\n\n\n\n<p>V\u0103dit emo\u021bionat atunci c\u00e2nd viitorii muzicieni i-au c\u00e2ntat compozi\u021bia \u201dLA MULTI ANI\u201d, Maestrul a urcat pe scen\u0103 \u00een aplauzele viitorilor muzicieni. Tortul aniversar \u0219i un candy bar delicios au fost asigurate de Cofet\u0103ria MIHANDRA prin grija Andradei \u0219i a Anc\u0103i GAITA.<\/p>\n\n\n\n<p>Reper important al culturii, amprent\u0103 distinct\u0103 a Re\u0219i\u021bei, Sabin PAUTZA, este considerat \u015fi confirmat de critici respectabili ai lumii ca fiind Leonard Bernstein al Rom\u00e2niei plec\u00e2nd de la realitatea c\u0103 \u00een ultima jum\u0103tate de secol pu\u0163ini compozitori au reu\u015fit s\u0103-\u015fi dirijeze cu m\u0103iestrie propriile compozi\u0163ii fiind, \u00een acela\u015fi timp, \u015fi interpre\u0163i. Profesor universitar, doctor \u00een muzic\u0103, primul \u00een lume care a folosit muzica lui Jimi Hendrix \u015fi Rolling Stones pentru a preda armonia la Conservatorul din Ia\u015fi, Sabin PAUTZA, stabilit din 1984 \u00een America unde, urm\u00e2ndu-\u015fi destinul, devine dirijor \u0219i director muzical al celei mai vechi orchestre simfonice a SUA, Plainfield Symphony Orchestra, revine, dup\u0103 1990, \u00een casa bunicilor din Moniom-Re\u015fi\u0163a, readus acas\u0103 de DOR. \u201cMi-e DOR de Rom\u00e2nia chiar \u015fi c\u00e2nd sunt \u00een Rom\u00e2nia\u201d afirm\u0103, cu t\u0103rie \u015fi m\u00e2ndrie, Sabin PAUTZA. \u00centre Rom\u00e2nia \u015fi America \u2013 unde este CONDUCTOR EMERITUS, pe via\u0163\u0103, la Plainfield Symphony Orchestra, pe mari scene ale lumii la pupitrul unor orchestre renumite, Sabin PAUTZA, prin spiritul s\u0103u viu \u015fi neobosit, continu\u0103, din fericire, s\u0103 fac\u0103 dovada talentului s\u0103u excep\u0163ional la o \u00eenalt\u0103 cot\u0103 profesionl\u0103. (Camelia DUCA)<\/p>\n","protected":false},"excerpt":{"rendered":"<p>Mar\u021bi, 8 februarie 2022, sala LIRA a Liceului de Arte din Re\u0219i\u021ba, institu\u021bie de prestigiu care-i poart\u0103 numele, a fost gazda unui minirecital \u00een onoarea maestrului Sabin PAUTZA la \u00eemplinirea v\u00e2rstei de 79 de ani. <\/p>\n","protected":false},"author":1,"featured_media":0,"comment_status":"open","ping_status":"open","sticky":false,"template":"","format":"standard","meta":[],"categories":[7],"tags":[422],"_links":{"self":[{"href":"https:\/\/semndecarte.metarsis.ro\/index.php?rest_route=\/wp\/v2\/posts\/12849"}],"collection":[{"href":"https:\/\/semndecarte.metarsis.ro\/index.php?rest_route=\/wp\/v2\/posts"}],"about":[{"href":"https:\/\/semndecarte.metarsis.ro\/index.php?rest_route=\/wp\/v2\/types\/post"}],"author":[{"embeddable":true,"href":"https:\/\/semndecarte.metarsis.ro\/index.php?rest_route=\/wp\/v2\/users\/1"}],"replies":[{"embeddable":true,"href":"https:\/\/semndecarte.metarsis.ro\/index.php?rest_route=%2Fwp%2Fv2%2Fcomments&post=12849"}],"version-history":[{"count":0,"href":"https:\/\/semndecarte.metarsis.ro\/index.php?rest_route=\/wp\/v2\/posts\/12849\/revisions"}],"wp:attachment":[{"href":"https:\/\/semndecarte.metarsis.ro\/index.php?rest_route=%2Fwp%2Fv2%2Fmedia&parent=12849"}],"wp:term":[{"taxonomy":"category","embeddable":true,"href":"https:\/\/semndecarte.metarsis.ro\/index.php?rest_route=%2Fwp%2Fv2%2Fcategories&post=12849"},{"taxonomy":"post_tag","embeddable":true,"href":"https:\/\/semndecarte.metarsis.ro\/index.php?rest_route=%2Fwp%2Fv2%2Ftags&post=12849"}],"curies":[{"name":"wp","href":"https:\/\/api.w.org\/{rel}","templated":true}]}}