{"id":12786,"date":"2021-10-21T15:42:22","date_gmt":"2021-10-21T13:42:22","guid":{"rendered":"http:\/\/semndecarte.metarsis.ro\/?p=12786"},"modified":"2021-10-21T15:42:24","modified_gmt":"2021-10-21T13:42:24","slug":"fisp-viii-resita-250-5","status":"publish","type":"post","link":"https:\/\/semndecarte.metarsis.ro\/?p=12786","title":{"rendered":"FISP VIII, RESITA 250"},"content":{"rendered":"\n<figure class=\"wp-block-image size-full is-resized is-style-default\"><img src=\"http:\/\/semndecarte.metarsis.ro\/wp-content\/uploads\/2021\/10\/22-OCTOMBRIEmic.jpg\" alt=\"\" class=\"wp-image-12787\" height=\"650\" srcset=\"https:\/\/semndecarte.metarsis.ro\/wp-content\/uploads\/2021\/10\/22-OCTOMBRIEmic.jpg 600w, https:\/\/semndecarte.metarsis.ro\/wp-content\/uploads\/2021\/10\/22-OCTOMBRIEmic-113x160.jpg 113w, https:\/\/semndecarte.metarsis.ro\/wp-content\/uploads\/2021\/10\/22-OCTOMBRIEmic-115x163.jpg 115w\" sizes=\"(max-width: 600px) 100vw, 600px\" \/><\/figure>\n\n\n\n<p><strong>Sabin PAUTZA \u0219i George ENESCU. Sabin PAUTZA \u0219i Bossa Nova<\/strong><\/p>\n\n\n\n<p>Motto: \u201e \u00cen Re\u0219i\u021ba se nasc ceremonii\/ De pe B\u00e2rzava, dealuri-ve\u0219nicii.\/ La Re\u0219i\u021ba d\u0103 floarea vie\u021bii-n spic\/ Precum izvoarele \u00een Semenic.\u201d Imnul Re\u0219i\u021bei, text Octavian&nbsp; DOCLIN, muzica Sabin PAUTZA<\/p>\n\n\n\n<p>Festivalul Interna\u0163ional SABIN PAUTZA (FISP)&nbsp; edi\u0163ia a VIII-a, 2021, 29 sept.- 24 oct. 2021,&nbsp; onoreaz\u0103&nbsp; RE\u0218I\u021aA la 250 de istorie industrial\u0103.<\/p>\n\n\n\n<p>Vineri, 22 octombrie 2021, ora 18:30, Liceul de Arte din Re\u0219i\u021ba va fi gazda unei expozi\u021bii omagiale. \u201eGeorge Enescu 140\u201d este titlul generic al unor evenimente complexe derulate cu ocazia \u00eemplinirii a 140 de ani de la na\u0219terea compozitorului rom\u00e2n, organizate de Muzeul Na\u021bional \u201dGeorge Enescu\u201d din Bucure\u0219ti. \u00cen semn de omagiu, acesta prezint\u0103 o expozi\u021bie foto-documentar\u0103 ce aduce \u00een prim plan imagini ale muzicianului din diverse etape ale vie\u021bii sale, punct\u00e2nd aspecte esen\u021biale ale activit\u0103\u021bii creatoare. Fotografiile au fost selectate \u0219i puse \u00een pagin\u0103 de realizatorii Adina Sibianu (muzeograf), Irina Ni\u021bu (cercet\u0103tor \u0219tiin\u021bific) \u0219i graficianul Horia Andrei Ni\u021bu, expozi\u021bia fiind vernisat\u0103 la Ambasada Suediei din Stockholm \u00een luna august a. c., sub egida Institutului Cultural Rom\u00e2n.<\/p>\n\n\n\n<p>Tot vineri, 22 octombrie 2021, ora 19:00, la sala LIRA a Liceului de Arte din Re\u0219i\u021ba \u201dcopilul\u201d Sabin PAUTZA va intra \u00een dialog direct cu \u201dmo\u0219ul\u201d Florian LUNGU. Fo\u0219ti colegi de Conservator, cei doi vor prezenta \u201dmiracolul Bossa Nova\u201d. Vom asculta cele trei Bossa Nove scrise \u0219i interpretate de Sabin PAUTZA. Florian Lungu va vorbi despre geneza bossa novei la Rio de Janeiro \u2013 acum mai bine de o jum\u0103tate de veac \u2013 \u015fi va face cunoscute, prin semnificative ilustr\u0103ri video \u015fi audio, numele unor muzicieni reprezentativi precum Ant\u00f4nio Carlos Jobim, Sergio Mendes, Gal Costa, Djavan, Joao Donato, Roberto Menescal, Oscar Castro Neves, Lenny Andrade, Ivan Lins, Joao Bosco, Eliane Elias, Yamandu Costa, grupul \u201eOs Cariocas\u201d etc.\u00a0 Melomanii re\u0219i\u021beni se vor \u00eent\u00e2lni cu autorii reu\u015fitului album discografic \u201eTempo de amor\u201d, vocalista Gabriela Costa \u015fi chitaristul Alex Man.<\/p>\n\n\n\n<!--more-->\n\n\n\n<p> Cei doi ne vor oferi un m\u0103nunchi de celebre piese \u00eentruchip\u00e2nd semnificativ miracolul muzicii braziliene. D\u0103rui\u0163ii interpre\u0163i rom\u00e2ni lansez\u0103 prin expresivitatea artei lor o ampl\u0103 punte c\u0103tre \u00eendep\u0103rtata \u0163ar\u0103 din America Latin\u0103, Brazilia. Ascult\u00e2ndu-i pe Gabriela Costa \u0219i Alex Man ajungi s\u0103 nutre\u015fti convingerea c\u0103 ei sunt n\u0103scu\u0163i \u015fi nu f\u0103cu\u0163i pentru bossa nova, pentru samba, pentru choro \u2013 specii muzicale exotice cu care cei doi se identific\u0103 afectiv \u015fi profesional \u00een totalitate. (Camelia DUCA)<\/p>\n\n\n\n<p>Evenimentul se va desf\u0103\u0219ura cu respectarea tuturor restric\u021biilor impuse&nbsp; de SARS-CoV-2:&nbsp; ocuparea salii 50% din capacitate, intrarea f\u0103c\u00e2ndu-se \u00een ordinea sosirii, pe baz\u0103 de: certificat verde, dovada medical\u0103 de trecere prin boal\u0103, test covid. Organizatorii pun la dispozi\u021bia participan\u021bilor dezinfectante \u0219i m\u0103\u0219ti de protec\u021bie.<\/p>\n","protected":false},"excerpt":{"rendered":"<p>Sabin PAUTZA \u0219i George ENESCU. Sabin PAUTZA \u0219i Bossa Nova Motto: \u201e \u00cen Re\u0219i\u021ba se nasc ceremonii\/ De pe B\u00e2rzava, dealuri-ve\u0219nicii.\/ La Re\u0219i\u021ba d\u0103 floarea vie\u021bii-n spic\/ Precum izvoarele \u00een Semenic.\u201d Imnul Re\u0219i\u021bei, text Octavian&nbsp; DOCLIN, muzica Sabin PAUTZA Festivalul Interna\u0163ional SABIN PAUTZA (FISP)&nbsp; edi\u0163ia a VIII-a, 2021, 29 sept.- 24 oct. 2021,&nbsp; onoreaz\u0103&nbsp; RE\u0218I\u021aA [&hellip;]<\/p>\n","protected":false},"author":1,"featured_media":0,"comment_status":"open","ping_status":"open","sticky":false,"template":"","format":"standard","meta":[],"categories":[3],"tags":[739],"_links":{"self":[{"href":"https:\/\/semndecarte.metarsis.ro\/index.php?rest_route=\/wp\/v2\/posts\/12786"}],"collection":[{"href":"https:\/\/semndecarte.metarsis.ro\/index.php?rest_route=\/wp\/v2\/posts"}],"about":[{"href":"https:\/\/semndecarte.metarsis.ro\/index.php?rest_route=\/wp\/v2\/types\/post"}],"author":[{"embeddable":true,"href":"https:\/\/semndecarte.metarsis.ro\/index.php?rest_route=\/wp\/v2\/users\/1"}],"replies":[{"embeddable":true,"href":"https:\/\/semndecarte.metarsis.ro\/index.php?rest_route=%2Fwp%2Fv2%2Fcomments&post=12786"}],"version-history":[{"count":0,"href":"https:\/\/semndecarte.metarsis.ro\/index.php?rest_route=\/wp\/v2\/posts\/12786\/revisions"}],"wp:attachment":[{"href":"https:\/\/semndecarte.metarsis.ro\/index.php?rest_route=%2Fwp%2Fv2%2Fmedia&parent=12786"}],"wp:term":[{"taxonomy":"category","embeddable":true,"href":"https:\/\/semndecarte.metarsis.ro\/index.php?rest_route=%2Fwp%2Fv2%2Fcategories&post=12786"},{"taxonomy":"post_tag","embeddable":true,"href":"https:\/\/semndecarte.metarsis.ro\/index.php?rest_route=%2Fwp%2Fv2%2Ftags&post=12786"}],"curies":[{"name":"wp","href":"https:\/\/api.w.org\/{rel}","templated":true}]}}