{"id":12755,"date":"2021-10-06T15:07:07","date_gmt":"2021-10-06T13:07:07","guid":{"rendered":"http:\/\/semndecarte.metarsis.ro\/?p=12755"},"modified":"2021-11-05T21:34:49","modified_gmt":"2021-11-05T19:34:49","slug":"kirchweih-wolfsberg-garana-banatul-montan","status":"publish","type":"post","link":"https:\/\/semndecarte.metarsis.ro\/?p=12755","title":{"rendered":"KIRCHWEIH Wolfsberg \/ G\u0103r\u00e2na, Banatul Montan"},"content":{"rendered":"\n<figure class=\"wp-block-image size-full is-resized is-style-default\"><img src=\"http:\/\/semndecarte.metarsis.ro\/wp-content\/uploads\/2021\/10\/afis-kirchweih-garana-2021-mic.jpg\" alt=\"\" class=\"wp-image-12756\" height=\"280\" srcset=\"https:\/\/semndecarte.metarsis.ro\/wp-content\/uploads\/2021\/10\/afis-kirchweih-garana-2021-mic.jpg 519w, https:\/\/semndecarte.metarsis.ro\/wp-content\/uploads\/2021\/10\/afis-kirchweih-garana-2021-mic-160x96.jpg 160w, https:\/\/semndecarte.metarsis.ro\/wp-content\/uploads\/2021\/10\/afis-kirchweih-garana-2021-mic-163x98.jpg 163w\" sizes=\"(max-width: 519px) 100vw, 519px\" \/><\/figure>\n\n\n\n<p>\u201cNu aspira s\u0103 fii binef\u0103c\u0103torul \u00eentregii omeniri, ci mul\u0163ume\u015fte-te s\u0103 faci bine persoanelor \u00een mijlocul c\u0103rora tr\u0103ie\u015fti.\u201d Sf. Tereza de AvilaSfin\u021bit\u0103 \u00een octombrie 1870 de c\u0103tre episcopul Alexander Bonnaz, Biserica Romano-Catolic\u0103 de la G\u0103r\u00e2na \/ Wolfsberg, micu\u0163a localitate din Banatul Montan a fost a\u0219ezat\u0103 sub hramul Sfintei Tereza de Avila (1515-1582) \u2013 Maestr\u0103 de Rug\u0103ciune, Reformatoarea Ordinului Carmelitan, Doctor al Bisericii. Inima comunit\u0103\u021bii germane din micu\u021ba a\u0219ezare de la poalele mun\u021bilor Semenic, Biserica este \u00een s\u0103rb\u0103toare la mijloc de octombrie de 141 de ani.KIRCHWEIH s\u00e2mb\u0103t\u0103, 9 octombrie 2021, dup\u0103 urm\u0103torul program:<\/p>\n\n\n\n<!--more-->\n\n\n\n<p>10:00 \u2013 Vernisajul expozi\u021biei de art\u0103 plastic\u0103 \u201cFlori din G\u0103r\u00e2na\u201d semnat\u0103 de Viorica Ana FARKA\u0218- \u00een fa\u021ba Bisericii Romano-Catolice Sf. Tereza de Avila.10:20 \u2013 Intermezzo muzical cu fanfara Bergwerkskapelle din Steierdorf \u2013 \u00een fa\u021ba Bisericii Romano-Catolice Sf. Tereza de Avila..<\/p>\n\n\n\n<p>10:30 \u2013 Biserica Romano-catolic\u0103 Sf. Tereza de Avila- Sf\u00e2nta liturghie de hram oficiat\u0103 de Monseniorul Johann DIRSCHL, parinte vicar general al Diecezei Romano-Catolice Timi\u0219oara \u0219i p\u0103rintele Beniamin P\u0103lie, preot paroh al Bisericii Romano-Catolice Maria Z\u0103pezii (Re\u0219i\u021ba), av\u00e2ndu-l ca oaspete pe p\u0103rintele evanghelic Mag. Frank Schlessmann (Mattighofen, Austria Superioar\u0103) <\/p>\n\n\n\n<p>11:30 \u2013 Procesiune de hram cu fanfara Bergwerkscapelle din Steierdorf de la Biseric\u0103 la Gasthaus CRISTEL \u0219i parada pomului de Kirchweih c\u0103tre locul de ridicare din fa\u021ba Bisericii.<\/p>\n\n\n\n<p>12:45 \u2013 Program de dansuri populare germane sus\u021binut de forma\u021bii ale Forumului Democratic al Germanilor din jude\u021bele Cara\u0219-Severin \u0219i Timi\u0219. Program muzical cu fanfara Bergwerkskapelle.<\/p>\n\n\n\n<p>Evenimentul va avea loc cu respectarea restric\u021biilor impuse pentru prevenirea r\u0103sp\u00e2ndirii coronavirusului. Organizatorii roag\u0103 participan\u021bii s\u0103 respecte distan\u021barea, s\u0103 foloseasc\u0103 dezinfectantele puse la dispozi\u021bie \u0219i s\u0103 poarte masc\u0103. V\u0103 mul\u021bumim pentru \u00een\u021belegere. Organizator: Societatea pentru Cultur\u0103 METARSIS, activit\u0103\u021bi \u0219i servicii de cultur\u0103 urban\u0103 \u0219i art\u0103 contemporan\u0103\u00cen colaborare cu: Consiliul Judetean Caras-Severin, Diecezea Romano-Catolica Timisoara, Biserica Romano-Catolic\u0103 Sf. Tereza de Avila G\u0103r\u00e2na, Biserica Romano-Catolic\u0103 Maria Z\u0103pezii Re\u0219i\u021ba, Forumul Democratic al Germanilor din jude\u021bele Timi\u0219 \u0219i Cara\u0219-Severin, Ocolul Silvic V\u0103liug, Gradimex, Refill, Socepan, Pensiunea \u201cHeidi\u201c, Gasthaus \u201cCristel\u201c, Pensiunea \u201cRaz\u0103 de soare\u201c.<\/p>\n","protected":false},"excerpt":{"rendered":"<p>\u201cNu aspira s\u0103 fii binef\u0103c\u0103torul \u00eentregii omeniri, ci mul\u0163ume\u015fte-te s\u0103 faci bine persoanelor \u00een mijlocul c\u0103rora tr\u0103ie\u015fti.\u201d Sf. Tereza de AvilaSfin\u021bit\u0103 \u00een octombrie 1870 de c\u0103tre episcopul Alexander Bonnaz, Biserica Romano-Catolic\u0103 de la G\u0103r\u00e2na \/ Wolfsberg, micu\u0163a localitate din Banatul Montan a fost a\u0219ezat\u0103 sub hramul Sfintei Tereza de Avila (1515-1582) \u2013 Maestr\u0103 de Rug\u0103ciune, [&hellip;]<\/p>\n","protected":false},"author":1,"featured_media":0,"comment_status":"open","ping_status":"open","sticky":false,"template":"","format":"standard","meta":[],"categories":[1],"tags":[],"_links":{"self":[{"href":"https:\/\/semndecarte.metarsis.ro\/index.php?rest_route=\/wp\/v2\/posts\/12755"}],"collection":[{"href":"https:\/\/semndecarte.metarsis.ro\/index.php?rest_route=\/wp\/v2\/posts"}],"about":[{"href":"https:\/\/semndecarte.metarsis.ro\/index.php?rest_route=\/wp\/v2\/types\/post"}],"author":[{"embeddable":true,"href":"https:\/\/semndecarte.metarsis.ro\/index.php?rest_route=\/wp\/v2\/users\/1"}],"replies":[{"embeddable":true,"href":"https:\/\/semndecarte.metarsis.ro\/index.php?rest_route=%2Fwp%2Fv2%2Fcomments&post=12755"}],"version-history":[{"count":0,"href":"https:\/\/semndecarte.metarsis.ro\/index.php?rest_route=\/wp\/v2\/posts\/12755\/revisions"}],"wp:attachment":[{"href":"https:\/\/semndecarte.metarsis.ro\/index.php?rest_route=%2Fwp%2Fv2%2Fmedia&parent=12755"}],"wp:term":[{"taxonomy":"category","embeddable":true,"href":"https:\/\/semndecarte.metarsis.ro\/index.php?rest_route=%2Fwp%2Fv2%2Fcategories&post=12755"},{"taxonomy":"post_tag","embeddable":true,"href":"https:\/\/semndecarte.metarsis.ro\/index.php?rest_route=%2Fwp%2Fv2%2Ftags&post=12755"}],"curies":[{"name":"wp","href":"https:\/\/api.w.org\/{rel}","templated":true}]}}