{"id":12752,"date":"2021-10-03T19:27:36","date_gmt":"2021-10-03T17:27:36","guid":{"rendered":"http:\/\/semndecarte.metarsis.ro\/?p=12752"},"modified":"2021-11-05T21:23:45","modified_gmt":"2021-11-05T19:23:45","slug":"valeriu-sepi-mitologii-personale-ii","status":"publish","type":"post","link":"https:\/\/semndecarte.metarsis.ro\/?p=12752","title":{"rendered":"Valeriu SEPI- Mitologii personale, II"},"content":{"rendered":"\n<figure class=\"wp-block-image size-full is-resized is-style-default\"><img src=\"http:\/\/semndecarte.metarsis.ro\/wp-content\/uploads\/2021\/10\/cop-Valeriu-SEPI.jpg\" alt=\"\" class=\"wp-image-12753\" height=\"200\" srcset=\"https:\/\/semndecarte.metarsis.ro\/wp-content\/uploads\/2021\/10\/cop-Valeriu-SEPI.jpg 520w, https:\/\/semndecarte.metarsis.ro\/wp-content\/uploads\/2021\/10\/cop-Valeriu-SEPI-160x77.jpg 160w, https:\/\/semndecarte.metarsis.ro\/wp-content\/uploads\/2021\/10\/cop-Valeriu-SEPI-163x78.jpg 163w\" sizes=\"(max-width: 520px) 100vw, 520px\" \/><\/figure>\n\n\n\n<p style=\"font-size:18px\"><strong>FISP VIII, RE\u0218I\u021aA 250, 29 sept.- 24 oct. 2021<\/strong><\/p>\n\n\n\n<p>Valeriu Sepi revine acas\u0103 <\/p>\n\n\n\n<p>Mar\u021bi, &nbsp;05 octombrie 2021, ora 18:00, Muzeul Banatului Montan din Re\u0219i\u021ba va g\u0103zdui vernisajul expozi\u021biei de art\u0103 plastic\u0103 \u201dMitologii personale, II\u201d cu lucr\u0103ri semnate Valeriu SEPI.<\/p>\n\n\n\n<p>\u0218i dac\u0103 libr\u0103ria Semn de Cartea fost martora \u00eentoarcerii la Re\u0219i\u021ba a artistului vizual VALERIU SEPI \u00een iulie 2014 cu o prim\u0103 \u201dpersonal\u0103\u201d, mar\u021bi, dup\u0103 7 ani, &nbsp;\u00een an jubiliar RE\u0218I\u021aA 250 artistul revine \u00een locul na\u0219terii \u0219i al copilariei p\u00e2n\u0103 spre adolescen\u021ba t\u00e2rzie cu \u201dMitologiilor personale II\u201d. O expozi\u021bie de excep\u021bie semnat\u0103 de un \u201cabsolvent de inginerie la Re\u0219i\u021ba\u201d \u0219i al Facult\u0103\u021bii de Art\u0103 Plastic\u0103 din Timi\u0219oara, stabilit \u00een Germania \u00een 1985 \u0219i din 1991 \u00een Singapore, un artist plastic autentic, cu expozi\u021bii \u00een Dubai, Nepal, Brazilia, Columbia, Germania, Singapore, cel care a c\u00e2ntat cu trupa Phoenix pentru care a \u0219i conceput copertele c\u00e2torva discuri, printre care neuitatul album &nbsp;\u201dCanta fabule\u201d.<\/p>\n\n\n\n<!--more-->\n\n\n\n<p>Expozi\u021bia se va bucura de prezen\u021bele renumitului sculptor Nicolae FLEISSIG (Fran\u021ba) &nbsp;prin 2 sculpturi \u0219i a poetului Dimitrie GRAMA (Suedia), re\u0219i\u021bean, medic chirurg, poet, stabilit la Stockholm.<\/p>\n\n\n\n<p>Moment muzical: prof. Diana SZUIOGAN, violoncel, Liceul de Arte Sabin PAUTZA, Re\u0219i\u021ba cu Preludiu \u0219i Saraband\u0103 din Suita a II-a de Johann Sebastian BACH<\/p>\n\n\n\n<p>Evenimentul de \u00eenscrie sub genericul \u201dSabin PAUTZA \u0219i genera\u021bia sa\u201d \u00een cea de-a VIII-a edi\u021bie a Festivalului Interna\u021bional Sabin PAUTZA, Re\u0219i\u021ba 250, 29 sept.- 24 oct. 2021.<\/p>\n\n\n\n<p>Organizator: Societatea pentru Cultur\u0103 METARSIS \u2013 activit\u0103\u021bi \u0219i servicii de cultur\u0103 urban\u0103 \u0219i art\u0103 contemporan\u0103<\/p>\n\n\n\n<p>Parteneri culturali: Consiliului Jude\u021bean Cara\u0219-Severin, Prim\u0103ria \u0219i Consiliul Local Re\u0219i\u021ba, Inspectoratul \u0218colar Cara\u0219-Severin, Centrul Universitar UBB Re\u0219i\u021ba, Muzeul Banatului Montan, Biserica Romano-Catolic\u0103 \u201eMaria Z\u0103pezii\u201d, TMK Re\u0219i\u021ba, Club Rotary Re\u0219i\u021ba,&nbsp; Lion\u2019s Onix Re\u0219i\u021ba, Colegiul Farmaci\u0219tilor din Cara\u0219-Severin, Liceul de Art\u0103 Sabin P\u0103u\u021ba, \u015ecoala Popular\u0103 de Arte \u015fi Meserii Ion Rom\u00e2nu, Muzeul Na\u021bional \u201dGeorge Enescu\u201d Bucure\u0219ti, Muzeul Cineastului Amator, Cara\u0219 S.A., Magaziile Refill, Cartierul Francez, Libr\u0103ria Semn de Carte.<\/p>\n","protected":false},"excerpt":{"rendered":"<p>Mar\u021bi,  05 octombrie 2021, ora 18:00, Muzeul Banatului Montan din Re\u0219i\u021ba Valeriu Sepi revine acas\u0103, \u00een Banatul Montan,  va g\u0103zdui vernisajul expozi\u021biei de art\u0103 plastic\u0103 \u201dMitologii personale, II\u201d cu lucr\u0103ri semnate Valeriu SEPI.<\/p>\n","protected":false},"author":1,"featured_media":0,"comment_status":"open","ping_status":"open","sticky":false,"template":"","format":"standard","meta":[],"categories":[3],"tags":[242,241],"_links":{"self":[{"href":"https:\/\/semndecarte.metarsis.ro\/index.php?rest_route=\/wp\/v2\/posts\/12752"}],"collection":[{"href":"https:\/\/semndecarte.metarsis.ro\/index.php?rest_route=\/wp\/v2\/posts"}],"about":[{"href":"https:\/\/semndecarte.metarsis.ro\/index.php?rest_route=\/wp\/v2\/types\/post"}],"author":[{"embeddable":true,"href":"https:\/\/semndecarte.metarsis.ro\/index.php?rest_route=\/wp\/v2\/users\/1"}],"replies":[{"embeddable":true,"href":"https:\/\/semndecarte.metarsis.ro\/index.php?rest_route=%2Fwp%2Fv2%2Fcomments&post=12752"}],"version-history":[{"count":0,"href":"https:\/\/semndecarte.metarsis.ro\/index.php?rest_route=\/wp\/v2\/posts\/12752\/revisions"}],"wp:attachment":[{"href":"https:\/\/semndecarte.metarsis.ro\/index.php?rest_route=%2Fwp%2Fv2%2Fmedia&parent=12752"}],"wp:term":[{"taxonomy":"category","embeddable":true,"href":"https:\/\/semndecarte.metarsis.ro\/index.php?rest_route=%2Fwp%2Fv2%2Fcategories&post=12752"},{"taxonomy":"post_tag","embeddable":true,"href":"https:\/\/semndecarte.metarsis.ro\/index.php?rest_route=%2Fwp%2Fv2%2Ftags&post=12752"}],"curies":[{"name":"wp","href":"https:\/\/api.w.org\/{rel}","templated":true}]}}