{"id":12740,"date":"2021-10-01T21:15:30","date_gmt":"2021-10-01T19:15:30","guid":{"rendered":"http:\/\/semndecarte.metarsis.ro\/?p=12740"},"modified":"2021-11-05T21:39:58","modified_gmt":"2021-11-05T19:39:58","slug":"concert-vocal-simfonic-aniversar-resita-250","status":"publish","type":"post","link":"https:\/\/semndecarte.metarsis.ro\/?p=12740","title":{"rendered":"Concert vocal simfonic aniversar RE\u0218I\u021aA 250"},"content":{"rendered":"\n<figure class=\"wp-block-image size-full is-resized is-style-default\"><img src=\"http:\/\/semndecarte.metarsis.ro\/wp-content\/uploads\/2021\/10\/243489524_281887707274288_1356548771452665634_b.jpg\" alt=\"\" class=\"wp-image-12741\" height=\"250\" srcset=\"https:\/\/semndecarte.metarsis.ro\/wp-content\/uploads\/2021\/10\/243489524_281887707274288_1356548771452665634_b.jpg 906w, https:\/\/semndecarte.metarsis.ro\/wp-content\/uploads\/2021\/10\/243489524_281887707274288_1356548771452665634_b-160x71.jpg 160w, https:\/\/semndecarte.metarsis.ro\/wp-content\/uploads\/2021\/10\/243489524_281887707274288_1356548771452665634_b-163x72.jpg 163w, https:\/\/semndecarte.metarsis.ro\/wp-content\/uploads\/2021\/10\/243489524_281887707274288_1356548771452665634_b-768x340.jpg 768w\" sizes=\"(max-width: 906px) 100vw, 906px\" \/><\/figure>\n\n\n\n<p class=\"has-medium-font-size\"><strong>FISP VIII, 29 sept.- 24 oct. 2021<\/strong><\/p>\n\n\n\n<p>Miercuri, 29 septembrie 2021, Biserica Romano-Catolic\u0103 Maria Z\u0103pezii a g\u0103zduit, \u00eencep\u00e2nd cu ora 18:00,&nbsp; Concertul vocal- simfonic dedicat Re\u0219i\u021bei, la 250 de istorie industrial\u0103.<\/p>\n\n\n\n<p>Aprinse la 3 iulie 1771, cele dou\u0103 furnale Josephus \u0219i Franciskus au amprentat ad\u00e2nc dezvoltarea ora\u0219ului de pe B\u00e2rzava, Re\u0219i\u021ba devenind etalon al industriei rom\u00e2ne\u0219ti \u00eentr-o continu\u0103 dezvoltare p\u00e2n\u0103 \u00een 1989 c\u00e2nd intr\u0103 \u00eentr-un nemeritat declin. <\/p>\n\n\n\n<!--more-->\n\n\n\n<p>Flac\u0103ra nestins\u0103 a Re\u0219i\u021bei este \u00eentre\u021binut\u0103 de\u00a0 fostul Combinat Siderurgic (CSR) devenit parte important\u0103 a Concernului\u00a0 TMK (Truvnaya Metallurgieskaya Kompanya).\u00a0 \u201d2021 este anul \u00een care marc\u0103m dou\u0103 anivers\u0103ri- 250 de ani de la \u00eenceperea produc\u021biei metalurgice la Re\u0219i\u021ba \u0219i 20 de ani de la \u00eenfiin\u021barea Companiei metalurgice de \u021bevi din care, de mai bine de 15 ani, face parte uzina TMK-Re\u0219i\u021ba. \u00cen ciuda tinere\u021bii sale, TMK a parcurs de-a lungul acestor 2 decenii o important\u0103 cale spre pozi\u021bia de lider pe pia\u021ba produc\u021biei de \u021bevi de \u00eenalt\u0103 tehnologie. Compania a adunat la un loc principalele \u00eentreprinderi de \u021bevi din Rusia \u0219i a realizat modernizarea pe scar\u0103 larg\u0103 a acestora. Au fost reconstruite capacit\u0103\u021bile de produc\u021bie, vechile cuptoare Martin fiind \u00eenlocuite cu complexe de elaborare a o\u021belului \u00een cuptoare cu arc, mai ecologice \u0219i mai eficiente, au fost lansate unit\u0103\u021bi moderne de laminare a \u021bevilor, implementate sisteme de reciclarea apei, precum \u0219i noi facilit\u0103\u021bi de tratare care asigur\u0103 purificarea aerului cu eficien\u021b\u0103 99%. [\u2026] TMK a parcurs aproape tot acest drum \u00eempreun\u0103 cu \u00eentreprinderile sale rom\u00e2ne\u0219ti care au dezvoltat produc\u021bia \u0219i tehnologiile, \u0219i-au extins prezen\u021ba pe pie\u021be \u0219i au r\u0103spuns provoc\u0103rilor economice al\u0103turi de \u00eentreaga companie. Uzina metalurgic\u0103 din Re\u0219i\u021ba s-a al\u0103turat familiei noastre \u00een 2004. \u00cempreun\u0103 cu TMK- Artrom din Slatina a format un singur complex industrial care a devenit un important juc\u0103tor pe pia\u021ba european\u0103 \u0219i nu numai. \u00cen \u00eentreprinderile din Re\u0219i\u021ba \u0219i Slatina \u00a0au fost instalate echipamente noi, implementate tehnologii de produc\u021bie, a fost elaborat un lan\u021b valoric eficient. Uzinele TMK din Rom\u00e2nia produc ast\u0103zi \u021bevi pentru pentru industria auto, cilindri hidraulici, \u021bevi laminate la rece de cea mai \u00eenalt\u0103 calitate, fapt care permite acestor \u00eentreprinderi s\u0103 concureze cu succes pe pie\u021bele interna\u021bionale. Odat\u0103 cu intrarea \u00een componen\u021ba TMK, un nou nivel au atins indicatorii ecologici ai uzinelor noastre din Rom\u00e2nia. \u00cen cadrul acestora se deschid noi platforme de produc\u021bie, sunt create locuri de munc\u0103, ceea ce face ca \u00eentreprinderile TMK Re\u0219i\u021ba \u0219i Slatina s\u0103 fie considerate motoare ale dezvolt\u0103rii socio-economice \u00een regiuni. \u00cempreun\u0103 am dep\u0103\u0219it cu brio perioadele dificile, inclusiv criza economic\u0103 din 2008-2010 \u0219i consecin\u021bele pandemiei COVID-19. [\u2026] \u00centreprinderile TMK din Rom\u00eenia continu\u0103 s\u0103-\u0219i consolideze pozi\u021biile pe pia\u021b\u0103. Vor fi deschise noi orizonturi \u00een domeniul produc\u021biei \u0219i tehnologiei. \u00cen anul dublei noastre anivers\u0103ri, programul pentru investi\u021bii strategice al uzinelor TMK \u00een Rom\u00e2nia se \u00eencheie cu fuziunea facilit\u0103\u021bilor de produc\u021bie rom\u00e2ne\u0219ti nu numai \u00eentr-un complex tehnologic unic, ci \u00eentr-o singur\u0103 entitate juridic\u0103. Vom continua, de asemenea, s\u0103 dezvolt\u0103m cele mai avansate practici pentru a reduce amprenta de carbon, s\u0103 investim \u00een produse novatoare pentru energia pe baz\u0103 de hidrogen \u0219i generarea de energie regenerabil\u0103. Iar pentru a realiza aceste deziderate este important s\u0103 fim con\u0219tien\u021bi de originile noastre, s\u0103 ne amintim trecutul pentru a ne baza pe experien\u021ba colosal\u0103 acumulat\u0103 de predecesorii no\u0219tri. Anume dinacest motiv consider\u0103m extrem de important\u0103 publicarea monografiei dedicate celor 250 de ani de activitate metalurgic\u0103 ne\u00eentrerupt\u0103 a uzinei din Re\u0219i\u021ba care aminte\u0219te cititorului istoria celei mai vechi &lt;&lt;forjerii>> din Rom\u00e2nia \u0219i uneia dintre cele mai vechi industrii din Europa. [\u2026] La mul\u021bi ani, Re\u0219i\u021ba! La mul\u021bi ani, TMK! \u201d Dmitry PUMPYANSKIY, Pre\u0219edinte al Consiliului de Administra\u021bie al PAO TMK, \u00een prefa\u021ba volumului \u201d250 de ani de siderurgie \u00een Uzina de Fier din Re\u0219i\u021ba 1771-2021\u201d semnat Romulus Vasile IOAN, ed. TIM Re\u0219i\u021ba, 2021, o carte-document dedicat\u0103, conform autorului \u201dcelor care au muncit, muncesc \u0219i vor munci \u00een Uzina de Fier de la Re\u0219i\u021ba\u201d.<\/p>\n\n\n\n<figure class=\"wp-block-embed is-type-video is-provider-youtube wp-block-embed-youtube wp-embed-aspect-16-9 wp-has-aspect-ratio\"><div class=\"wp-block-embed__wrapper\">\n<iframe title=\"Concert aniversar &quot;Re\u0219i\u021ba 250 - Flac\u0103ra din inimi \u0219i cuptoare&quot;, Partea l\" width=\"500\" height=\"281\" src=\"https:\/\/www.youtube.com\/embed\/RO6Cxygce_8?feature=oembed\" frameborder=\"0\" allow=\"accelerometer; autoplay; clipboard-write; encrypted-media; gyroscope; picture-in-picture\" allowfullscreen><\/iframe>\n<\/div><\/figure>\n\n\n\n<p>Cocertul vocal- simfonic aniversar RE\u0218I\u021aA 250 din 29 septembrie 2021 din Biserica Romano-Catolic\u0103 Maria Z\u0103pezii din Re\u0219i\u021ba, sub genericul \u201e\u00cen noi arde un foc nestins\u201d a fost un omagiu adus Re\u0219i\u021bei &nbsp;\u0219i tuturor celor care au amprentat ad\u00e2nc inima Banatului Montan. Rom\u00e2ni, germani, maghiari, s\u00e2rbi, croa\u021bi, cehi, ucraineni, evrei, \u021bigani, francezi, italieni, um\u0103r l\u00e2ng\u0103 um\u0103r, &nbsp;\u00een trecut, \u00een prezent \u0219i pentru viitor, \u00eentr-o perfect\u0103 armonie foc-aer-ap\u0103-cer- p\u0103m\u00e2nt. A fost primul eveniment din seria celor cuprinse \u00een cadrul celei de-a VIII-a edi\u021bii a Festivalului Interna\u021bional Sabin PAUTZA, ini\u0163iat \u00een 2014 din pre\u0163uire fa\u0163\u0103 de una dintre valorile de necontestat ale Banatului Montan \u2013 \u015fi nu numai \u2013 &nbsp;dirijorul, compozitorul \u0219i universitarul Sabin PAUTZA. \u00cen anul 2021, an jubiliar, &nbsp;Sabin PAUTZA &nbsp;a \u00eemplinit 78 de ani de via\u021b\u0103 \u0219i 60 de ani de activitate.<\/p>\n\n\n\n<figure class=\"wp-block-gallery columns-1 is-cropped\"><ul class=\"blocks-gallery-grid\"><li class=\"blocks-gallery-item\"><figure><img loading=\"lazy\" width=\"931\" height=\"621\" src=\"http:\/\/semndecarte.metarsis.ro\/wp-content\/uploads\/2021\/10\/243434830_407555347550890_3540216130913451677_c.jpg\" alt=\"\" data-id=\"12743\" data-full-url=\"http:\/\/semndecarte.metarsis.ro\/wp-content\/uploads\/2021\/10\/243434830_407555347550890_3540216130913451677_c.jpg\" data-link=\"http:\/\/semndecarte.metarsis.ro\/?attachment_id=12743\" class=\"wp-image-12743\" srcset=\"https:\/\/semndecarte.metarsis.ro\/wp-content\/uploads\/2021\/10\/243434830_407555347550890_3540216130913451677_c.jpg 931w, https:\/\/semndecarte.metarsis.ro\/wp-content\/uploads\/2021\/10\/243434830_407555347550890_3540216130913451677_c-160x107.jpg 160w, https:\/\/semndecarte.metarsis.ro\/wp-content\/uploads\/2021\/10\/243434830_407555347550890_3540216130913451677_c-163x109.jpg 163w, https:\/\/semndecarte.metarsis.ro\/wp-content\/uploads\/2021\/10\/243434830_407555347550890_3540216130913451677_c-768x512.jpg 768w\" sizes=\"(max-width: 931px) 100vw, 931px\" \/><\/figure><\/li><li class=\"blocks-gallery-item\"><figure><img loading=\"lazy\" width=\"956\" height=\"637\" src=\"http:\/\/semndecarte.metarsis.ro\/wp-content\/uploads\/2021\/10\/243542825_841678326524138_3956640910597016460_n.jpg\" alt=\"\" data-id=\"12744\" data-full-url=\"http:\/\/semndecarte.metarsis.ro\/wp-content\/uploads\/2021\/10\/243542825_841678326524138_3956640910597016460_n.jpg\" data-link=\"http:\/\/semndecarte.metarsis.ro\/?attachment_id=12744\" class=\"wp-image-12744\" srcset=\"https:\/\/semndecarte.metarsis.ro\/wp-content\/uploads\/2021\/10\/243542825_841678326524138_3956640910597016460_n.jpg 956w, https:\/\/semndecarte.metarsis.ro\/wp-content\/uploads\/2021\/10\/243542825_841678326524138_3956640910597016460_n-160x107.jpg 160w, https:\/\/semndecarte.metarsis.ro\/wp-content\/uploads\/2021\/10\/243542825_841678326524138_3956640910597016460_n-163x109.jpg 163w, https:\/\/semndecarte.metarsis.ro\/wp-content\/uploads\/2021\/10\/243542825_841678326524138_3956640910597016460_n-768x512.jpg 768w\" sizes=\"(max-width: 956px) 100vw, 956px\" \/><\/figure><\/li><\/ul><\/figure>\n\n\n\n<p>Motto-ul FISP VIII nu a fost ales \u00eent\u00e2mpl\u0103tor: \u201e \u00cen Re\u0219i\u021ba se nasc ceremonii\/ De pe B\u00e2rzava, dealuri-ve\u0219nicii,\/ La Re\u0219i\u021ba d\u0103 floarea vie\u021bii-n spic\/ Precum izvoarele \u00een Semenic.\u201d &nbsp;&nbsp;Imnului Re\u0219i\u021bei, text Octavian DOCLIN, muzica Sabin PAUTZA.<\/p>\n\n\n\n<p>Dup\u0103 cuv\u00e2ntul de \u00eent\u00e2mpinare adresat celor prezen\u021bi de preotul paroh Veniamin P\u0102LIE , \u201dImnul Re\u0219i\u021bei\u201d, \u00een interpretarea Corului Academic al Filarmonicii din Arad, dirijor Robert Daniel R\u0102DOIA\u0218 c\u0103ruia i s-a al\u0103turat&nbsp; Corul Liceului de Arte Sabin PAUTZA, dirijor prof. Emanuela MOLDOVAN \u0219i Orchestra Filarmonicii de Stat din Arad, dirijor Sabin PAUTZA a deschis concertul jubiliar. 12 lieduri scrise de Sabin PAUTZA pe versurile poe\u021bilor re\u0219i\u021beni: Liubi\u021ba RAICHICI, Alexandra GORGHIU, Miruna CLARA \u0219i Costel SIMEDREA au fost interpretate de: prof. Adina COVACI (coordonator), Selia AL\u0102Z\u0102ROAIE (cl. A X-a), Alexandra GRIGORA\u0218 (cl. A XI-a), Jeaneth HASAN (cl. A XI-a) de la Liceul \u201dIon VIDU\u201d,&nbsp; Casiana CIOAT\u0102 (cl. a XII-a), Colegiul B\u0103n\u0103\u021bean \u0219i Sebastian COVACI (an.I) Facultatea de Muzic\u0103, Timi\u0219oara.<\/p>\n\n\n\n<p>Ultima parte s-a constituit \u00eentr-o premier\u0103 absolut\u0103, \u00een interpretarea corului \u0219i orchestrei Filarmonicii Arad av\u00e2ndu-i ca soli\u0219ti pe: Denisa B\u0102D\u0102I \u2013 sopran, Sarah HANDARIC- alto, Ioan MO\u021aIU- tenor, David BUZG\u0102U- bariton, \u201dRECVIEM BAROC\u201d scris \u0219i dirijat de Sabin PAUTZA. Cele 12 p\u0103r\u021bi ale lucr\u0103rii, de o for\u021b\u0103 dramatic\u0103 \u0219i expresivitate considerabile \u00eentr-o interpretarea emo\u021bional\u0103 \u0219i, mai ales, &nbsp;emo\u021bionant\u0103, &nbsp;au fost dedicate memoriei tuturor celor care \u0219i-au \u00eempletit destinele cu focul nestins de 250 de ani al Re\u0219i\u021bei.<\/p>\n\n\n\n<p>O surpriz\u0103 excelent\u0103 pentru Maestru \u0219i pentru noi a fost prezen\u021ba, la Re\u0219i\u021ba, a&nbsp; jurnalistului Corneliu MURE\u0218AN, redactor muzical la TV Apollonia Ia\u0219i, fost realizator- coordonator Redac\u021bia Muzical\u0103 Studioul Radio Ia\u0219i, student la clasa de Dirijat-Compozi\u021bie-Muzicologie, unul dintre studen\u021bii lui Sabin PAUTZA la Conservatorul de Muzic\u0103 \u201dCiprian Porumbescu\u201d din Ia\u0219i. Corneliu MURE\u0218AN, re\u0219i\u021bean prin n\u0103\u0219tere, a parcurs, \u00eempreun\u0103 cu familia, 750 de km pentru aceast\u0103 \u00eent\u00e2lnire de suflet.<\/p>\n\n\n\n<p>\u00cen \u00eencheiere, preotul paroh al Bisericii Romano-Catolice Maria Z\u0103pezii Veniamin P\u0102LIE \u0219i-a exprimat gratitudinea pentru concertul extraordinar, felicit\u00e2nd&nbsp;arti\u0219tii, afirm\u00e2nd c\u0103 a fost extrem de emo\u021bionat \u0219i c\u0103, \u00een&nbsp;cei 44 de ani de c\u00eend este preot nu i-a fost dat s\u0103 asculte un concert at\u00e2t de \u00een\u0103l\u021b\u0103tor, un recviem ceremonial de excep\u021bie incheind&nbsp;cu versul latinesc: \u201dRequiem aeternam dona eis, Domine\u201d.<\/p>\n\n\n\n<p>Au fost respectate &nbsp;restric\u021biile impuse ca m\u0103sur\u0103 de limitare a r\u0103sp\u00e2ndirii coronavirusului. Concertul s-a desf\u0103\u0219urat cu ocuparea Bisericii 50% din capacitate, intrarea f\u0103c\u00e2ndu-se \u00een ordinea sosirii, pe baz\u0103 de: certificat verde, dovada medical\u0103 de trecere prin boal\u0103, test anticovid. Organizatorii au rugat participan\u021bii s\u0103 poarte masc\u0103 \u0219i s\u0103 foloseasc\u0103 dezinfectantele puse la dispozi\u021bie. (Camelia DUCA)<\/p>\n\n\n\n<p>Organizator: Societatea pentru Cultur\u0103 METARSIS cu sprijinul Prim\u0103riei Re\u0219i\u021ba \u0219i TMK Re\u0219i\u021ba<\/p>\n\n\n\n<p>Parteneri culturali: Consiliului Jude\u021bean Cara\u0219-Severin, Consiliul Local Re\u0219i\u021ba, Inspectoratul \u0218colar Cara\u0219-Severin, Centrul Universitar UBB Re\u0219i\u021ba, Muzeul Banatului Montan, Biserica Romano-Catolic\u0103 \u201eMaria Z\u0103pezii\u201d, Club Rotary Re\u0219i\u021ba,&nbsp; Lion\u2019s Onix Re\u0219i\u021ba, Colegiul Farmaci\u0219tilor din Cara\u0219-Severin, Liceul de Art\u0103 Sabin P\u0103u\u021ba, \u015ecoala Popular\u0103 de Arte \u015fi Meserii Ion Rom\u00e2nu, Muzeul Na\u021bional \u201dGeorge Enescu\u201d Bucure\u0219ti, Muzeul Cineastului Amator, Cara\u0219 S.A., Magaziile Refill, Cartierul Francez, Libr\u0103ria Semn de Carte.<\/p>\n\n\n\n<p>Servicii profesionale: PIPERIU ARTE, <a href=\"http:\/\/piperiu.eu\" target=\"_blank\" rel=\"noreferrer noopener\">piperiu.eu<\/a><\/p>\n","protected":false},"excerpt":{"rendered":"<p>FISP VIII, 29 sept.- 24 oct. 2021 Miercuri, 29 septembrie 2021, Biserica Romano-Catolic\u0103 Maria Z\u0103pezii a g\u0103zduit, \u00eencep\u00e2nd cu ora 18:00,&nbsp; Concertul vocal- simfonic dedicat Re\u0219i\u021bei, la 250 de istorie industrial\u0103. Aprinse la 3 iulie 1771, cele dou\u0103 furnale Josephus \u0219i Franciskus au amprentat ad\u00e2nc dezvoltarea ora\u0219ului de pe B\u00e2rzava, Re\u0219i\u021ba devenind etalon al industriei [&hellip;]<\/p>\n","protected":false},"author":1,"featured_media":0,"comment_status":"open","ping_status":"open","sticky":false,"template":"","format":"standard","meta":[],"categories":[1],"tags":[],"_links":{"self":[{"href":"https:\/\/semndecarte.metarsis.ro\/index.php?rest_route=\/wp\/v2\/posts\/12740"}],"collection":[{"href":"https:\/\/semndecarte.metarsis.ro\/index.php?rest_route=\/wp\/v2\/posts"}],"about":[{"href":"https:\/\/semndecarte.metarsis.ro\/index.php?rest_route=\/wp\/v2\/types\/post"}],"author":[{"embeddable":true,"href":"https:\/\/semndecarte.metarsis.ro\/index.php?rest_route=\/wp\/v2\/users\/1"}],"replies":[{"embeddable":true,"href":"https:\/\/semndecarte.metarsis.ro\/index.php?rest_route=%2Fwp%2Fv2%2Fcomments&post=12740"}],"version-history":[{"count":0,"href":"https:\/\/semndecarte.metarsis.ro\/index.php?rest_route=\/wp\/v2\/posts\/12740\/revisions"}],"wp:attachment":[{"href":"https:\/\/semndecarte.metarsis.ro\/index.php?rest_route=%2Fwp%2Fv2%2Fmedia&parent=12740"}],"wp:term":[{"taxonomy":"category","embeddable":true,"href":"https:\/\/semndecarte.metarsis.ro\/index.php?rest_route=%2Fwp%2Fv2%2Fcategories&post=12740"},{"taxonomy":"post_tag","embeddable":true,"href":"https:\/\/semndecarte.metarsis.ro\/index.php?rest_route=%2Fwp%2Fv2%2Ftags&post=12740"}],"curies":[{"name":"wp","href":"https:\/\/api.w.org\/{rel}","templated":true}]}}