{"id":12738,"date":"2021-09-30T19:27:04","date_gmt":"2021-09-30T17:27:04","guid":{"rendered":"http:\/\/semndecarte.metarsis.ro\/?p=12738"},"modified":"2021-11-05T21:41:52","modified_gmt":"2021-11-05T19:41:52","slug":"kirchweih-hramul-bisericii","status":"publish","type":"post","link":"https:\/\/semndecarte.metarsis.ro\/?p=12738","title":{"rendered":"KIRCHWEIH \u2013 Hramul bisericii"},"content":{"rendered":"\n<p style=\"font-size:35px\"><strong>Franzdorf- V\u0103liug<\/strong><\/p>\n\n\n\n<p>Duminic\u0103, 3 octombrie 2021, \u00een localitatea c\u0103r\u0103\u015fan\u0103 V\u0103liug \/ Franzdorf, va avea loc S\u0103rbatoarea Bisericii Romano-Catolice, KIRCHWEIH\/ HRAM. Ridicat\u0103 \u00een anul 1861 \u00een stil neo-romanic cu influen\u0163e neo-gotice de c\u0103tre coloni\u015ftii Imperiului trimi\u015fi aici pentru ap\u0103rarea grani\u0163elor de est, Biserica din micu\u0163a localitate a\u015fezat\u0103 la poalele mun\u0163ilor Semenic este patronat\u0103 de&nbsp; Sf. Francisc de Assisi, ocrotitorul \u00eentregii comunit\u0103\u0163i.<\/p>\n\n\n\n<p>&nbsp;Programul cuprinde:<\/p>\n\n\n\n<p>Ora 14:30 &nbsp;Biserica Romano-Catolic\u0103 Sf. Francisc de Assisi<\/p>\n\n\n\n<ul><li>Program sus\u0163inut de Fanfara BERGWERKSKAPELLE, Steierdorf- Anina<\/li><\/ul>\n\n\n\n<p>Ora 15:00 &nbsp;Biserica Romano-Catolic\u0103 Sf. Francisc de Assisi<\/p>\n\n\n\n<ul><li>Sf\u00e2nta Liturghie cu prilejul celui de-al 160-lea hram al Bisericii Romano-Catolice Sf. Francisc de Assisi oficiat\u0103 de pr. Veniamin P\u0102LIE, parohul Bisericii Romano-Catolice Maria Z\u0103pezii din Re\u0219i\u021ba<\/li><\/ul>\n\n\n\n<p>Ora 16:15 &nbsp;Pia\u021beta din fa\u021ba Prim\u0103riei<\/p>\n\n\n\n<ul><li>Ceremonia de ridicare a pomului de Kirchweih<\/li><\/ul>\n\n\n\n<ul><li>Reprezenta\u021bie de dansuri populare germane cu forma\u021bia Enzian\/ Gen\u021biana din Re\u0219i\u021ba a Forumului Democratic al Germanilor din Banatul Montan.<\/li><\/ul>\n\n\n\n<p>V\u0103 invit\u0103m la Kirchweih-ul de la V\u0103liug, la s\u0103rbatoarea Sf. Francisc de Assisi (1181 sau 1182 -3 octombrie 1226), \u00een anul \u00een care comemor\u0103m 840 de ani de la na\u0219terea Sa.<\/p>\n\n\n\n<p>Evenimenul este organizat de Prim\u0103ria \u015fi Consiliul Local V\u0103liug<\/p>\n\n\n\n<p>&nbsp;Parteneri: Parohia Romano-Catolic\u0103 Maria Z\u0103pezii Re\u015fi\u0163a, Biserica Romano-Catolic\u0103 Francisc de Asissi V\u0103liug, Forumul Democratic al Germanilor din Banatul Montan \u015fi Societatea pentru Cultur\u0103 METARSIS- activit\u0103\u0163i \u015fi servicii de cultur\u0103 urban\u0103 \u015fi art\u0103 contemporan\u0103.<\/p>\n\n\n\n<figure class=\"wp-block-image size-full is-resized is-style-default\"><img src=\"http:\/\/semndecarte.metarsis.ro\/wp-content\/uploads\/2021\/09\/afis-mic-kirchweih-2021-Valiug.jpg\" alt=\"\" class=\"wp-image-12739\" height=\"600\" srcset=\"https:\/\/semndecarte.metarsis.ro\/wp-content\/uploads\/2021\/09\/afis-mic-kirchweih-2021-Valiug.jpg 520w, https:\/\/semndecarte.metarsis.ro\/wp-content\/uploads\/2021\/09\/afis-mic-kirchweih-2021-Valiug-112x160.jpg 112w, https:\/\/semndecarte.metarsis.ro\/wp-content\/uploads\/2021\/09\/afis-mic-kirchweih-2021-Valiug-114x163.jpg 114w\" sizes=\"(max-width: 520px) 100vw, 520px\" \/><\/figure>\n","protected":false},"excerpt":{"rendered":"<p>Franzdorf- V\u0103liug Duminic\u0103, 3 octombrie 2021, \u00een localitatea c\u0103r\u0103\u015fan\u0103 V\u0103liug \/ Franzdorf, va avea loc S\u0103rbatoarea Bisericii Romano-Catolice, KIRCHWEIH\/ HRAM. Ridicat\u0103 \u00een anul 1861 \u00een stil neo-romanic cu influen\u0163e neo-gotice de c\u0103tre coloni\u015ftii Imperiului trimi\u015fi aici pentru ap\u0103rarea grani\u0163elor de est, Biserica din micu\u0163a localitate a\u015fezat\u0103 la poalele mun\u0163ilor Semenic este patronat\u0103 de&nbsp; Sf. Francisc [&hellip;]<\/p>\n","protected":false},"author":1,"featured_media":0,"comment_status":"open","ping_status":"open","sticky":false,"template":"","format":"standard","meta":[],"categories":[1],"tags":[],"_links":{"self":[{"href":"https:\/\/semndecarte.metarsis.ro\/index.php?rest_route=\/wp\/v2\/posts\/12738"}],"collection":[{"href":"https:\/\/semndecarte.metarsis.ro\/index.php?rest_route=\/wp\/v2\/posts"}],"about":[{"href":"https:\/\/semndecarte.metarsis.ro\/index.php?rest_route=\/wp\/v2\/types\/post"}],"author":[{"embeddable":true,"href":"https:\/\/semndecarte.metarsis.ro\/index.php?rest_route=\/wp\/v2\/users\/1"}],"replies":[{"embeddable":true,"href":"https:\/\/semndecarte.metarsis.ro\/index.php?rest_route=%2Fwp%2Fv2%2Fcomments&post=12738"}],"version-history":[{"count":0,"href":"https:\/\/semndecarte.metarsis.ro\/index.php?rest_route=\/wp\/v2\/posts\/12738\/revisions"}],"wp:attachment":[{"href":"https:\/\/semndecarte.metarsis.ro\/index.php?rest_route=%2Fwp%2Fv2%2Fmedia&parent=12738"}],"wp:term":[{"taxonomy":"category","embeddable":true,"href":"https:\/\/semndecarte.metarsis.ro\/index.php?rest_route=%2Fwp%2Fv2%2Fcategories&post=12738"},{"taxonomy":"post_tag","embeddable":true,"href":"https:\/\/semndecarte.metarsis.ro\/index.php?rest_route=%2Fwp%2Fv2%2Ftags&post=12738"}],"curies":[{"name":"wp","href":"https:\/\/api.w.org\/{rel}","templated":true}]}}