{"id":12734,"date":"2021-09-29T12:06:44","date_gmt":"2021-09-29T10:06:44","guid":{"rendered":"http:\/\/semndecarte.metarsis.ro\/?p=12734"},"modified":"2021-11-05T21:43:18","modified_gmt":"2021-11-05T19:43:18","slug":"addenda","status":"publish","type":"post","link":"https:\/\/semndecarte.metarsis.ro\/?p=12734","title":{"rendered":"ADDENDA"},"content":{"rendered":"\n<p>Cu sau far\u0103 corona, mai ales \u00een pandemie, \u00een noi arde un foc. Nestins de 250 de ani! Vom fi \u0219i azi, \u00eempreun\u0103, um\u0103r l\u00e2ng\u0103 um\u0103r, \u00een trecut, \u00een prezent \u0219i pentru viitor. Autorit\u0103\u021bile statul rom\u00e2n impun restric\u021bii ca m\u0103sur\u0103 sanitar\u0103 contra r\u0103sp\u00e2ndirii coronavirusului limit\u00e2nd accesul liber al oamenilor \u00een Biserica Catolic\u0103 Maria Z\u0103pezii la Concertul vocal simfonic dedicat Re\u0219i\u021bei, la 250 de ani de istorie industrial\u0103. Regret\u0103m profund cre\u0219terea ratei de infectare \u0219i ne adapt\u0103m condi\u021biilor \u00eentru buna desf\u0103\u0219urare a FISP VIII.&nbsp;Concertul din aceast\u0103 sear\u0103 se va desf\u0103\u0219ura cu ocuparea Bisericii 50% din capacitate. Intrarea se va face, \u00een ordinea sosirii, pe baz\u0103 de: certificat verde, dovada medical\u0103 de trecere prin boal\u0103, test anticovid. Organizatorii roag\u0103 participan\u021bii s\u0103 poarte masc\u0103 \u0219i s\u0103 foloseaasc\u0103 dezinfectantele puse la dispozi\u021bie. Intrare liber\u0103. V\u0103 mul\u021bumim \u0219i v\u0103 a\u0219tept\u0103m cu drag! &nbsp;<\/p>\n\n\n\n<figure class=\"wp-block-image size-full is-resized\"><img src=\"http:\/\/semndecarte.metarsis.ro\/wp-content\/uploads\/2021\/09\/Afis-deschidere-RESITA-250-2-1.jpg\" alt=\"\" class=\"wp-image-12736\" height=\"600\" srcset=\"https:\/\/semndecarte.metarsis.ro\/wp-content\/uploads\/2021\/09\/Afis-deschidere-RESITA-250-2-1.jpg 520w, https:\/\/semndecarte.metarsis.ro\/wp-content\/uploads\/2021\/09\/Afis-deschidere-RESITA-250-2-1-113x160.jpg 113w, https:\/\/semndecarte.metarsis.ro\/wp-content\/uploads\/2021\/09\/Afis-deschidere-RESITA-250-2-1-115x163.jpg 115w\" sizes=\"(max-width: 520px) 100vw, 520px\" \/><\/figure>\n","protected":false},"excerpt":{"rendered":"<p>Cu sau far\u0103 corona, mai ales \u00een pandemie, \u00een noi arde un foc. Nestins de 250 de ani! Vom fi \u0219i azi, \u00eempreun\u0103, um\u0103r l\u00e2ng\u0103 um\u0103r, \u00een trecut, \u00een prezent \u0219i pentru viitor. Autorit\u0103\u021bile statul rom\u00e2n impun restric\u021bii ca m\u0103sur\u0103 sanitar\u0103 contra r\u0103sp\u00e2ndirii coronavirusului limit\u00e2nd accesul liber al oamenilor \u00een Biserica Catolic\u0103 Maria Z\u0103pezii la [&hellip;]<\/p>\n","protected":false},"author":1,"featured_media":0,"comment_status":"open","ping_status":"open","sticky":false,"template":"","format":"standard","meta":[],"categories":[1],"tags":[],"_links":{"self":[{"href":"https:\/\/semndecarte.metarsis.ro\/index.php?rest_route=\/wp\/v2\/posts\/12734"}],"collection":[{"href":"https:\/\/semndecarte.metarsis.ro\/index.php?rest_route=\/wp\/v2\/posts"}],"about":[{"href":"https:\/\/semndecarte.metarsis.ro\/index.php?rest_route=\/wp\/v2\/types\/post"}],"author":[{"embeddable":true,"href":"https:\/\/semndecarte.metarsis.ro\/index.php?rest_route=\/wp\/v2\/users\/1"}],"replies":[{"embeddable":true,"href":"https:\/\/semndecarte.metarsis.ro\/index.php?rest_route=%2Fwp%2Fv2%2Fcomments&post=12734"}],"version-history":[{"count":0,"href":"https:\/\/semndecarte.metarsis.ro\/index.php?rest_route=\/wp\/v2\/posts\/12734\/revisions"}],"wp:attachment":[{"href":"https:\/\/semndecarte.metarsis.ro\/index.php?rest_route=%2Fwp%2Fv2%2Fmedia&parent=12734"}],"wp:term":[{"taxonomy":"category","embeddable":true,"href":"https:\/\/semndecarte.metarsis.ro\/index.php?rest_route=%2Fwp%2Fv2%2Fcategories&post=12734"},{"taxonomy":"post_tag","embeddable":true,"href":"https:\/\/semndecarte.metarsis.ro\/index.php?rest_route=%2Fwp%2Fv2%2Ftags&post=12734"}],"curies":[{"name":"wp","href":"https:\/\/api.w.org\/{rel}","templated":true}]}}