{"id":12729,"date":"2021-09-27T21:04:11","date_gmt":"2021-09-27T19:04:11","guid":{"rendered":"http:\/\/semndecarte.metarsis.ro\/?p=12729"},"modified":"2021-11-05T21:29:03","modified_gmt":"2021-11-05T19:29:03","slug":"festivalul-international-sabin-pautza-29-sept-24-oct-2021-ed-a-viii-a-resita-250","status":"publish","type":"post","link":"https:\/\/semndecarte.metarsis.ro\/?p=12729","title":{"rendered":"FESTIVALUL INTERNA\u021aIONAL SABIN PAUTZA,  29 sept. &#8211; 24 oct. 2021, ed. a VIII-a, RE\u0218I\u021aA 250"},"content":{"rendered":"\n<figure class=\"wp-block-image size-full is-resized is-style-default\"><img src=\"http:\/\/semndecarte.metarsis.ro\/wp-content\/uploads\/2021\/09\/cop-cover-fisp-general.jpg\" alt=\"\" class=\"wp-image-12731\" height=\"200\" srcset=\"https:\/\/semndecarte.metarsis.ro\/wp-content\/uploads\/2021\/09\/cop-cover-fisp-general.jpg 520w, https:\/\/semndecarte.metarsis.ro\/wp-content\/uploads\/2021\/09\/cop-cover-fisp-general-160x80.jpg 160w, https:\/\/semndecarte.metarsis.ro\/wp-content\/uploads\/2021\/09\/cop-cover-fisp-general-163x81.jpg 163w\" sizes=\"(max-width: 520px) 100vw, 520px\" \/><\/figure>\n\n\n\n<p>Motto:<\/p>\n\n\n\n<p>\u201e \u00cen Re\u0219i\u021ba se nasc ceremonii\/ De pe B\u00e2rzava, dealuri-ve\u0219nicii.\/ La Re\u0219i\u021ba d\u0103 floarea vie\u021bii-n spic\/ Precum izvoarele \u00een Semenic.\u201d Imnul Re\u0219i\u021bei, text Octavian&nbsp; DOCLIN, muzica Sabin PAUTZA<\/p>\n\n\n\n<p>Proiectul pornit cu pasiune \u0219i \u00eendr\u0103zneal\u0103 \u00een mai 2014, prin care m\u0103rturisim admira\u021bia \u0219i respectul fa\u021b\u0103 de pedagogul, interpretul, dirijorul \u0219i compozitorul re\u0219i\u021bean SABIN PAUTZA \u0219i, totodata, dragostea noastra pentru muzica de calitate, merge mai departe.<\/p>\n\n\n\n<p>Festivalul Interna\u0163ional SABIN PAUTZA (FISP) &nbsp;edi\u0163ia a VIII-a, 2021, 29 sept.- 24 oct. 2021, &nbsp;onoreaz\u0103&nbsp; RE\u0218I\u021aA la 250 de istorie industrial\u0103. &nbsp;Sub genericul \u201e\u00cen noi arde un foc nestins\u201d&nbsp; evenimentul va cuprinde: expozi\u0163ii, lansare de carte, concerte, recitaluri \u015fi Concursul de Interpretare Pianistic\u0103 \u015fi Compozi\u0163ie SABIN PAUTZA ed. a VII-a, dup\u0103 urmatorul program:<\/p>\n\n\n\n<!--more-->\n\n\n\n<p><strong>Deschiderea FESTIVALULUI INTERNA\u021aIONAL SABIN PAUTZA, edi\u021bia a VIII-a, 2021, RE\u0218I\u021aA 250<\/strong><\/p>\n\n\n\n<p><strong>&nbsp;\u201eFlac\u0103ra din inimi \u0219i cuptoare\u201d<\/strong><\/p>\n\n\n\n<p><strong>BISERICA CATOLIC\u0102 MARIA Z\u0102PEZII, Re\u0219i\u021ba<\/strong><\/p>\n\n\n\n<p>Miercuri, 29 septembrie 2021, ora 18:00<\/p>\n\n\n\n<p><strong>Sabin PAUTZA \u00een ORA\u0218UL CU POE\u021aI<\/strong><\/p>\n\n\n\n<p><strong>CONCERT VOCAL SIMFONIC ANIVERSAR &#8211; RE\u0218I\u021aA 250<\/strong><\/p>\n\n\n\n<p>Corul Academic al Filarmonicii din Arad, dirijor Robert Daniel R\u0102DOIA\u0218<\/p>\n\n\n\n<p>Corul Liceului de Arte \u201eSabin P\u0102U\u021aA\u201d Re\u0219i\u021ba, dirijor Emanuela MOLDOVAN<\/p>\n\n\n\n<p>Orchestra Filarmonicii de Stat din Arad- Dirijor: Sabin PAUTZA<\/p>\n\n\n\n<p>Sabin PAUTZA- Imnul Re\u0219i\u021bei pe versurile poetului re\u0219i\u021bean Octavian DOCLIN<\/p>\n\n\n\n<p>Sabin PAUTZA- 12 lieduri pe versurile poe\u021bilor re\u0219i\u021beni: Liubi\u021ba RAICHICI, Miruna CLARA, Alexandra GORGHIU, Costel SIMEDREA<\/p>\n\n\n\n<p>Soli\u0219ti: prof. Adina COVACI (coordonator), Selia ALAZAROAIE (cl.a X-a), Alexandra GRIGORA\u0218 (cl.a XI-a), Jeaneth HASAN (cl. a XI-a) Liceul de Art\u0103 \u201eIon Vidu\u201d, Timi\u0219oara, Casiana CIOAT\u0102 (cl.a XII-a) Colegiul B\u0103n\u0103\u021bean, Re\u0219i\u021ba, Sebastian COVACI (an I) Facultatea de Muzic\u0103, Timi\u0219oara.<\/p>\n\n\n\n<p><strong>Sabin PAUTZA- RECVIEM BAROC, prim\u0103 audi\u021bie<\/strong><\/p>\n\n\n\n<p>Soli\u0219ti:&nbsp; Denisa B\u0102D\u0102I- sopran\u0103, Sarah HANDARIC- alto, Ioan MO\u021aIU- tenor, David BUZG\u0102U- bariton<\/p>\n\n\n\n<p><strong>MUZEUL BANATULUI MONTAN<\/strong><\/p>\n\n\n\n<p>Mar\u021bi, 5 octombrie 2021, ora 18:00<\/p>\n\n\n\n<p><strong>Sabin PAUTZA \u0219i genera\u021bia sa<\/strong><\/p>\n\n\n\n<p><strong>Expozi\u021bie art\u0103 plastic\u0103&nbsp;&nbsp; MITOLOGII II, Valeriu SEPI, Timi\u0219oara<\/strong><\/p>\n\n\n\n<p><strong>Micro recital Diana SZUIOGAN, violoncel, Re\u0219i\u021ba<\/strong><strong><\/strong><\/p>\n\n\n\n<h1 class=\"has-normal-font-size\">MUZEUL BANATULUI MONTAN<\/h1>\n\n\n\n<h1 class=\"has-normal-font-size\">Mar\u021bi, 12 octombrie 2021, ora 17:00<\/h1>\n\n\n\n<p><strong>Sabin PAUTZA, b\u0103n\u0103\u021beanul<\/strong><\/p>\n\n\n\n<p><strong>Lansare carte:&nbsp;&nbsp;&nbsp; Din mormanul cu \u021boale, Anca BOLDAN, Timi\u0219oara<\/strong><\/p>\n\n\n\n<p>Recital cameral: Maria BOLDAN mezzosoprana (an III), Darius GRUI\u021a\u0102 bariton (an I)&nbsp; Facultatea de Muzic\u0103, Timi\u0219oara<\/p>\n\n\n\n<p>&nbsp;<strong>BIBLIOTECA GERMANA ALEXANDER TIETZ<\/strong><\/p>\n\n\n\n<p>13 octombrie 2021, ora 17:00<\/p>\n\n\n\n<p><strong>Sabin PAUTZA- Who\u2019s who in music<\/strong><\/p>\n\n\n\n<p><strong>Expozi\u021bie documentar\u0103<\/strong><\/p>\n\n\n\n<p><strong>Recital&nbsp; Remus HOSZ, pian, Re\u0219i\u021ba<\/strong>&#8211; L.W.Beethoven- Sonata lunii<\/p>\n\n\n\n<p><strong>VILA PROTOCOL TMK<\/strong>, <\/p>\n\n\n\n<p>15 oct.2021, ora 19:00<\/p>\n\n\n\n<p><strong>Sabin PAUTZA \u0219i muzica de film<\/strong><\/p>\n\n\n\n<p><strong>Noaptea galeriilor.<\/strong><\/p>\n\n\n\n<p>Muzeul Cineastului Amator, proiec\u021bie- colaj RE\u0218I\u021aA 250<\/p>\n\n\n\n<p>Audi\u021bie Sabin PAUTZA- Jocuri IX, Nova Viva Muzica Ia\u0219i<\/p>\n\n\n\n<p><strong>CENTRUL UNIVERSITAR UBB RESITA<\/strong>, <\/p>\n\n\n\n<p>S\u00e2mb\u0103t\u0103, 16 octombrie 2021, ora 19:00<\/p>\n\n\n\n<p><strong>Sabin PAUTZA \u0219i muzica de film<\/strong><\/p>\n\n\n\n<p>Muzic\u0103 live pe proiec\u021bie&nbsp; de film RE\u0218I\u021aA 250<\/p>\n\n\n\n<p>Alexandru Emanuel MOLDOVAN- pian, Re\u0219i\u021ba<\/p>\n\n\n\n<p>Muzeul Cineastului Amator, colaj RE\u0218I\u021aA<\/p>\n\n\n\n<p><strong>CENTRUL UNIVERSITAR UBB RE\u0218I\u021aA, Aula MAGNA<\/strong><\/p>\n\n\n\n<p>Joi, 21 octombrie 2021, ora 11:00<\/p>\n\n\n\n<p><strong>Sabin PAUTZA \u0219i copiii<\/strong><\/p>\n\n\n\n<p>&nbsp;Corul ALLEGRETTO al Liceului de Arte Sabin P\u0103u\u021ba&nbsp; Re\u0219i\u021ba, dirijor: Emanuela MOLDOVAN, Corul POCOAPOCO al Liceului de Arte Sabin P\u0103u\u021ba Re\u0219i\u021ba, dirijor: Adelina BILAN, Corul STELU\u021aE al \u0218colii Gimnaziale Marius \u0218ANDRU, Re\u0219i\u021ba, dirijor: Mariana BREBENARIU<\/p>\n\n\n\n<p><strong>LICEUL DE ARTE SABIN P\u0102U\u021aA, Sala LIRA<\/strong><\/p>\n\n\n\n<p>Vineri, 22 octombrie 2021, Ora 10:00- 16:00<\/p>\n\n\n\n<p>CONCURSUL INTERNA\u021aIONAL DE INTERPRETARE &nbsp;PIANISTIC\u0102 \u0218I COMPOZI\u021aIE SABIN PAUTZA, edi\u021bia a VII-a<\/p>\n\n\n\n<p> ora 18:30, <strong>Sabin PAUTZA \u0219i George ENESCU<\/strong><\/p>\n\n\n\n<p><strong>Expozitie documentar\u0103 MNGE Bucure\u0219ti: George ENESCU, 140 ani de la na\u0219tere<\/strong><\/p>\n\n\n\n<p>ora 19:00, <strong>Sabin PAUTZA \u0219i Bossa Nova<\/strong><\/p>\n\n\n\n<p>\u201eMo\u0219ul\u201d Florian LUNGU \u00een dialog cu \u201dcopilul\u201d Sabin PAUTZA<\/p>\n\n\n\n<p>Bossa Nova 1,2,3 \u2013 autor \u0219i interpret Sabin PAUTZA<\/p>\n\n\n\n<p>\u201eTempo de amor\u201d cu&nbsp; Gabriela Costa- voce \u0219i Alex Man-chitar\u0103, Bucure\u0219ti<\/p>\n\n\n\n<p>Prezentarea juriului Concursului Interna\u021bional de Interpretare Pianistic\u0103 \u0219i Compozi\u021bie SABIN PAUTZA 2021:<\/p>\n\n\n\n<p>Prof. univ. dr. Sabin PAUTZA \u2013 Pre\u0219edinte onorific, compozitor, dirijor<\/p>\n\n\n\n<p>Prof.univ.dr. Daniel GOI\u021aI \u2013 Conservatorul Gheorghe DIMA Cluj Napoca, pianist concertist<\/p>\n\n\n\n<p>Conf. univ. dr. Sorin DOGARU \u2013 Universitatea de Vest Timi\u0219oara, Facultatea de Muzic\u0103, pianist&nbsp;concertist<\/p>\n\n\n\n<p>Cercet\u0103tor dr. Irina NI\u021aU \u2013 Muzeul Na\u021bional George ENESCU, Bucure\u0219ti <\/p>\n\n\n\n<p>Prof. Adrian ROIBAN, Inspector, Inspectoratul \u0218colar Cara\u0219-Severin<\/p>\n\n\n\n<p><strong>LICEUL DE ARTE SABIN P\u0102U\u021aA, Sala LIRA<\/strong>, <\/p>\n\n\n\n<p>S\u00e2mbata, 23 octombrie 2021, ora 10:00- 16:00<\/p>\n\n\n\n<p>CONCURSUL INTERNA\u021aIONAL DE INTERPRETARE PIANISTIC\u0102 \u0218I COMPOZI\u021aIE SABIN PAUTZA, edi\u021bia a VII-a<\/p>\n\n\n\n<p>ora 19:00, <strong>Recital extraordinar<\/strong>&#8211; Mihaly CRISTEA, pian, Re\u0219i\u021ba<\/p>\n\n\n\n<p><strong>Duminic\u0103, 24 octombrie 2021<\/strong><\/p>\n\n\n\n<p><strong>LICEUL DE ARTE SABIN P\u0102U\u021aA, Sala LIRA<\/strong><\/p>\n\n\n\n<p>CONCURSUL INTERNA\u021aIONAL DE INTERPRETARE&nbsp; PIANISTIC\u0102 \u0218I COMPOZI\u021aIE SABIN PAUTZA, edi\u021bia a VII-a<\/p>\n\n\n\n<p>ora 10:00- 12:00<\/p>\n\n\n\n<p><strong>LICEUL DE ARTE SABIN P\u0102U\u021aA, Sala LIRA<\/strong><\/p>\n\n\n\n<p>ora 18:00<\/p>\n\n\n\n<p><strong>\u00cenchiderea FISP VIII.<\/strong><\/p>\n\n\n\n<p>Gala laurea\u021bilor Concursului de Interptretare Pianistic\u0103 \u0219i Compozi\u021bie ed. a VII-a, 2021<\/p>\n\n\n\n<p>Orchestra Filarmonicii de Stat din Arad, dirijor Sabin PAUTZA<\/p>\n\n\n\n<p>Organizator: Societatea pentru Cultur\u0103 METARSIS.<\/p>\n\n\n\n<p>Parteneri culturali: Parteneri culturali: Consiliului Jude\u021bean Cara\u0219-Severin, Prim\u0103ria \u0219i Consiliul Local Re\u0219i\u021ba, Inspectoratul \u0218colar Cara\u0219-Severin, Centrul Universitar UBB Re\u0219i\u021ba, Liceul de Art\u0103 Sabin P\u0103u\u021ba, Muzeul Banatului Montan, TMK Re\u0219i\u021ba, Forumul Democratic al Germanilor din Cara\u0219-Severin, Biserica Romano-Catolica Maria Zapezii, Club Rotary Re\u0219i\u021ba, Lion\u2019s Onix Re\u0219i\u021ba, Colegiul Farmaci\u0219tilor din Cara\u0219-Severin, Muzeul Na\u021bional George Enescu Bucure\u0219ti, Muzeul Cineastului Amator, Cara\u0219 S.A., Magaziile Refill, Cartierul Francez, Libr\u0103ria Semn de Carte.<\/p>\n\n\n\n<p>Parteneri media: Uniunea Ziari\u0219tilor Profesioni\u0219ti din Rom\u00e2nia, Banat TV, Banat FM, Vest TV, Radio Rom\u00e2nia Timi\u0219oara, Radio Rom\u00e2nia Re\u0219i\u021ba, Jurnal de Cara\u0219- Severin, Argument CS, Reper 24, Express de Banat.<\/p>\n\n\n\n<p>Servicii profesionale: PIPERIU ARTE, piperiueu<strong><\/strong><\/p>\n","protected":false},"excerpt":{"rendered":"<p>Motto: \u201e \u00cen Re\u0219i\u021ba se nasc ceremonii\/ De pe B\u00e2rzava, dealuri-ve\u0219nicii.\/ La Re\u0219i\u021ba d\u0103 floarea vie\u021bii-n spic\/ Precum izvoarele \u00een Semenic.\u201d Imnul Re\u0219i\u021bei, text Octavian&nbsp; DOCLIN, muzica Sabin PAUTZA Proiectul pornit cu pasiune \u0219i \u00eendr\u0103zneal\u0103 \u00een mai 2014, prin care m\u0103rturisim admira\u021bia \u0219i respectul fa\u021b\u0103 de pedagogul, interpretul, dirijorul \u0219i compozitorul re\u0219i\u021bean SABIN PAUTZA \u0219i, [&hellip;]<\/p>\n","protected":false},"author":1,"featured_media":0,"comment_status":"open","ping_status":"open","sticky":false,"template":"","format":"standard","meta":[],"categories":[3],"tags":[257],"_links":{"self":[{"href":"https:\/\/semndecarte.metarsis.ro\/index.php?rest_route=\/wp\/v2\/posts\/12729"}],"collection":[{"href":"https:\/\/semndecarte.metarsis.ro\/index.php?rest_route=\/wp\/v2\/posts"}],"about":[{"href":"https:\/\/semndecarte.metarsis.ro\/index.php?rest_route=\/wp\/v2\/types\/post"}],"author":[{"embeddable":true,"href":"https:\/\/semndecarte.metarsis.ro\/index.php?rest_route=\/wp\/v2\/users\/1"}],"replies":[{"embeddable":true,"href":"https:\/\/semndecarte.metarsis.ro\/index.php?rest_route=%2Fwp%2Fv2%2Fcomments&post=12729"}],"version-history":[{"count":0,"href":"https:\/\/semndecarte.metarsis.ro\/index.php?rest_route=\/wp\/v2\/posts\/12729\/revisions"}],"wp:attachment":[{"href":"https:\/\/semndecarte.metarsis.ro\/index.php?rest_route=%2Fwp%2Fv2%2Fmedia&parent=12729"}],"wp:term":[{"taxonomy":"category","embeddable":true,"href":"https:\/\/semndecarte.metarsis.ro\/index.php?rest_route=%2Fwp%2Fv2%2Fcategories&post=12729"},{"taxonomy":"post_tag","embeddable":true,"href":"https:\/\/semndecarte.metarsis.ro\/index.php?rest_route=%2Fwp%2Fv2%2Ftags&post=12729"}],"curies":[{"name":"wp","href":"https:\/\/api.w.org\/{rel}","templated":true}]}}