{"id":12563,"date":"2020-12-19T21:21:13","date_gmt":"2020-12-19T19:21:13","guid":{"rendered":"http:\/\/semndecarte.metarsis.ro\/?p=12563"},"modified":"2020-12-20T09:20:38","modified_gmt":"2020-12-20T07:20:38","slug":"fisp-vii-2020-la-final","status":"publish","type":"post","link":"https:\/\/semndecarte.metarsis.ro\/?p=12563","title":{"rendered":"FISP VII 2020, la final"},"content":{"rendered":"<p><strong><a href=\"http:\/\/semndecarte.metarsis.ro\/wp-content\/uploads\/2020\/12\/Fil-ARAD.jpg\" rel=\"lightbox[12563]\"><img loading=\"lazy\" class=\"alignleft size-full wp-image-12564\" src=\"http:\/\/semndecarte.metarsis.ro\/wp-content\/uploads\/2020\/12\/Fil-ARAD.jpg\" alt=\"Fil ARAD\" width=\"520\" height=\"234\" srcset=\"https:\/\/semndecarte.metarsis.ro\/wp-content\/uploads\/2020\/12\/Fil-ARAD.jpg 520w, https:\/\/semndecarte.metarsis.ro\/wp-content\/uploads\/2020\/12\/Fil-ARAD-160x72.jpg 160w, https:\/\/semndecarte.metarsis.ro\/wp-content\/uploads\/2020\/12\/Fil-ARAD-163x73.jpg 163w\" sizes=\"(max-width: 520px) 100vw, 520px\" \/><\/a>Ziua Interna\u021bional\u0103 a Solidarit\u0103\u021bii. Dar din Dar se face Rai.<\/strong><\/p>\n<p style=\"text-align: justify;\">Am ajuns la finalul celei de-a VII-a edi\u021bii a Festivalului Interna\u021bional Sabin PAUTZA, Re\u0219i\u021ba, octombrie-decembrie 2020. Obiectivul propus, cel de-al onora pe Maestru la 77 de ani prin 7 evenimente desf\u0103\u0219urate \u00een 7 loca\u021bii diferite \u00een 7 zile diferite a fost atins. Duminic\u0103, 20 decembrie 2020, or\u0103 17:00, \u00een curtea Muzeului Banatului Montan vom marca \u00eenchiderea FISP VII printr-un concert de colinde \u00eenregistrat si proiectat pe ecran, sus\u021binut de Corul Academic al Filarmonicii de Stat din Arad, dirijor Daniel R\u0102DOIA\u0218. Data nu a fost aleas\u0103 \u00eentampl\u0103tor, 20 decembrie fiind Ziua Interna\u021bional\u0103 a Solidarit\u0103\u021bii Umane, solidaritate de care avem nevoie, azi, mai mult ca oric\u00e2nd, pentru a putea trece cu bine aceste vremuri pandemice. <!--more-->Colindele interpretate de muzicienii ar\u0103deni ne vor fi oferite, \u00eentru m\u00e2ng\u00e2iere sufleteasc\u0103, lumin\u0103, \u00a0alinare \u0219i \u00eenc\u00e2ntare, Dar din Dar s\u0103 ne fac\u0103 Rai. (Camelia DUCA)<\/p>\n<ul>\n<li>\u00a0Organizator: METARSIS- activit\u0103\u021bi \u0219i servicii de cultur\u0103 urban\u0103 \u0219i art\u0103 contemporan\u0103<\/li>\n<li>Cu sprijinul: \u0218coala Popular\u0103 de Arte Ion ROM\u00c2NU Re\u0219i\u021ba, Rotary Club \u0219i Rotary Community Corps Re\u0219i\u021ba, Colegiul Farmaci\u0219tilor din Banatul Montan, Lions Onix Re\u0219i\u021ba, Forumul Democratic al Germanilor din Cara\u0219-Severin, Biblioteca Jude\u021bean\u0103 Paul Iorgovici.<\/li>\n<li>Parteneri culturali:\u00a0Centrul Universitar UBB Re\u0219i\u021ba, Inspectoratul \u0218colar Jude\u021bean Cara\u0219-Severin, Liceul de Arte Sabin PAUTZA Re\u0219i\u021ba, Muzeul Banatului Montan, Parohia Romano- Catolica Maria Z\u0103pezii Re\u0219i\u021ba, Muzeul Cineastului Amator, Asocia\u021bia German\u0103 Pentru Cultur\u0103 \u0219i Educa\u021bie a Adul\u021bilor Re\u0219i\u021ba, Banat TV, Magazinele Reffil, Gradimex.<\/li>\n<\/ul>\n","protected":false},"excerpt":{"rendered":"<p>Am ajuns la finalul celei de-a VII-a edi\u021bii a Festivalului Interna\u021bional Sabin PAUTZA, Re\u0219i\u021ba, octombrie-decembrie 2020. Obiectivul propus, cel de-al onora pe Maestru la 77 de ani prin 7 evenimente desf\u0103\u0219urate \u00een 7 loca\u021bii diferite \u00een 7 zile diferite a fost atins. Duminic\u0103, 20 decembrie 2020, \u00een curtea Muzeului Banatului Montan vom marca \u00eenchiderea FISP VII printr-un concert de colinde \u00eenregistrat si proiectat pe ecran, sus\u021binut de Corul Academic al Filarmonicii de Stat din Arad, dirijor Daniel R\u0102DOIA\u0218.<\/p>\n","protected":false},"author":1,"featured_media":0,"comment_status":"open","ping_status":"open","sticky":false,"template":"","format":"standard","meta":[],"categories":[3],"tags":[700,735,732],"_links":{"self":[{"href":"https:\/\/semndecarte.metarsis.ro\/index.php?rest_route=\/wp\/v2\/posts\/12563"}],"collection":[{"href":"https:\/\/semndecarte.metarsis.ro\/index.php?rest_route=\/wp\/v2\/posts"}],"about":[{"href":"https:\/\/semndecarte.metarsis.ro\/index.php?rest_route=\/wp\/v2\/types\/post"}],"author":[{"embeddable":true,"href":"https:\/\/semndecarte.metarsis.ro\/index.php?rest_route=\/wp\/v2\/users\/1"}],"replies":[{"embeddable":true,"href":"https:\/\/semndecarte.metarsis.ro\/index.php?rest_route=%2Fwp%2Fv2%2Fcomments&post=12563"}],"version-history":[{"count":0,"href":"https:\/\/semndecarte.metarsis.ro\/index.php?rest_route=\/wp\/v2\/posts\/12563\/revisions"}],"wp:attachment":[{"href":"https:\/\/semndecarte.metarsis.ro\/index.php?rest_route=%2Fwp%2Fv2%2Fmedia&parent=12563"}],"wp:term":[{"taxonomy":"category","embeddable":true,"href":"https:\/\/semndecarte.metarsis.ro\/index.php?rest_route=%2Fwp%2Fv2%2Fcategories&post=12563"},{"taxonomy":"post_tag","embeddable":true,"href":"https:\/\/semndecarte.metarsis.ro\/index.php?rest_route=%2Fwp%2Fv2%2Ftags&post=12563"}],"curies":[{"name":"wp","href":"https:\/\/api.w.org\/{rel}","templated":true}]}}