{"id":12559,"date":"2020-12-17T23:44:05","date_gmt":"2020-12-17T21:44:05","guid":{"rendered":"http:\/\/semndecarte.metarsis.ro\/?p=12559"},"modified":"2020-12-18T00:34:21","modified_gmt":"2020-12-17T22:34:21","slug":"fisp-vii-2020","status":"publish","type":"post","link":"https:\/\/semndecarte.metarsis.ro\/?p=12559","title":{"rendered":"FISP VII, 2020"},"content":{"rendered":"<p><strong>Sabin PAUTZA \u0219i folclorul.<\/strong><\/p>\n<p><a href=\"http:\/\/semndecarte.metarsis.ro\/wp-content\/uploads\/2020\/12\/I-Racz.jpg\" rel=\"lightbox[12559]\"><img loading=\"lazy\" class=\"alignleft size-full wp-image-12560\" src=\"http:\/\/semndecarte.metarsis.ro\/wp-content\/uploads\/2020\/12\/I-Racz.jpg\" alt=\"I Racz\" width=\"520\" height=\"283\" srcset=\"https:\/\/semndecarte.metarsis.ro\/wp-content\/uploads\/2020\/12\/I-Racz.jpg 520w, https:\/\/semndecarte.metarsis.ro\/wp-content\/uploads\/2020\/12\/I-Racz-160x87.jpg 160w, https:\/\/semndecarte.metarsis.ro\/wp-content\/uploads\/2020\/12\/I-Racz-163x89.jpg 163w\" sizes=\"(max-width: 520px) 100vw, 520px\" \/><\/a>Jozsef RACZ, saxofon sopran<\/p>\n<p style=\"text-align: justify;\">Vineri, 18 decembrie 2020, ora 16:00, v\u0103 invit\u0103m la un recital on line sus\u021binut de prof. Joszef RACZ- saxofon sopran acompaniat de un virtuoz al acordeonului din Banat: Cristian Paul IANO\u0218IG\u0102. Folclorul- filon de inspira\u021bie pentru muzicieni de elit\u0103, l-a inspirat pe Sabin PAUTZA \u00een crea\u021bia sa, Maestrul fiind \u00eendrum\u0103tor avizat \u0219i sus\u021bin\u0103tor fervent al autenticit\u0103\u021bii acestui gen. T\u00e2n\u0103rul Ioji RACZ \u2013 un nume care, cu certitudine, va confirma \u00een timp, se bucur\u0103 de sus\u021binerea Maestrului. \u201d Rar mi-a fost dat s\u0103 ascult un muzician at\u00e2t de autentic, un talent \u00een\u0103scut, un sufl\u0103tor care s\u0103 duc\u0103 dou\u0103 fraze\u00a0 muzicale dintr-o singur\u0103 respira\u021bie\u201d spunea, \u00een FISP VI Sabin PAUTZA despre t\u00een\u0103rul Jozsef RACZ.<\/p>\n<p style=\"text-align: justify;\">Recitalul va putea fi urm\u0103rit pe contul de Facebook, Libraria Semn de Carte si YouTube, librariasemndecarte<!--more--><\/p>\n<p style=\"text-align: justify;\">Indr\u0103gostit iremediabil de Banatul Montan \u0219i de folclor, Jozsef RACZ, Ioji pentru prieteni, s-a n\u0103scut la Re\u0219i\u021ba \u00een 27 decembrie 1995. Studiaz\u0103 primele 9 clase \u00een limba german\u0103 la Colegiul Diaconovici-Tietz din Re\u0219i\u021ba. Din clasa a X-a devine elev al Liceului Traian Vuia \u0219i-\u0219i descoper\u0103 voca\u021bia: muzica! Devine cursant al \u0218colii Populare de Arte \u0219i Meserii \u201dIon ROM\u00c2NU\u201d preg\u0103tindu-se, \u00een paralel, pentru admiterea la Conservator. \u0218i reu\u0219e\u0219te. Nici nu se putea altfel, maestrul Sabin PAUTZA fiind unul dintre cei care au contribuit substan\u021bial la succesul t\u00e2n\u0103rului re\u0219i\u021bean. Intr\u0103 la Conservatorul \u201dGheorghe DIMA\u201d din Cluj la clasa prof. Zoltan REHMAN, devine absolvent fiind, azi, masterand anul II-instrumente de suflat- saxofon clasic. Membru \u00een Ansamblul Studen\u021besc \u201dM\u0103r\u021bi\u0219orul\u201d \u00a0al Casei de Cultur\u0103 a Studen\u021bilor din Cluj-Napoca, particip\u0103 la festivaluri de gen din \u021bar\u0103 (laureat multiplu) \u0219i str\u0103in\u0103tate: Fran\u021ba, Ungaria, Filipine, Honduras, SUA. Este profesor la catedra de suflat a Liceului de Arte \u201dSigismund TODU\u021a\u0102\u201d din Deva.\u00a0 (Camelia DUCA)<\/p>\n<p style=\"text-align: justify;\">Organizator: METARSIS- activit\u0103\u021bi \u0219i servicii de cultur\u0103 urban\u0103 \u0219i art\u0103 contemporan\u0103<\/p>\n<p style=\"text-align: justify;\">Cu sprijinul: \u0218coala Popular\u0103 de Arte Ion ROM\u00c2NU Re\u0219i\u021ba, Rotary Club \u0219i Rotary Community Corps Re\u0219i\u021ba, Colegiul Farmaci\u0219tilor din Banatul Montan, Lions Onix Re\u0219i\u021ba, Forumul Democratic al Germanilor din Cara\u0219-Severin, Biblioteca Jude\u021bean\u0103 Paul Iorgovici.<\/p>\n<p style=\"text-align: justify;\">Parteneri culturali: Centrul Universitar UBB Re\u0219i\u021ba, Inspectoratul \u0218colar Jude\u021bean Cara\u0219-Severin, Liceul de Arte Sabin PAUTZA Re\u0219i\u021ba, Muzeul Banatului Montan, Parohia Romano- Catolica Maria Z\u0103pezii Re\u0219i\u021ba, Muzeul Cineastului Amator, Asocia\u021bia German\u0103 Pentru Cultur\u0103 \u0219i Educa\u021bie a Adul\u021bilor Re\u0219i\u021ba, Banat TV, Magazinele Reffil, Gradimex.<\/p>\n","protected":false},"excerpt":{"rendered":"<p>Vineri, 18 decembrie 2020, ora 16:00, v\u0103 invit\u0103m la un recital on line sus\u021binut de prof. Joszef RACZ- clariinet acompaniat de un virtuoz al acordeonului din Banat: Cristian Paul IANO\u0218IG\u0102. Folclorul- filon de inspira\u021bie pentru muzicieni de elit\u0103, l-a inspirat pe Sabin PAUTZA \u00een crea\u021bia sa, Maestrul fiind \u00eendrum\u0103tor avizat \u0219i sus\u021bin\u0103tor fervent al autenticit\u0103\u021bii acestui gen. T\u00e2n\u0103rul Ioji RACZ \u2013 un nume care, cu certitudine, va confirma \u00een timp, se bucur\u0103 de sus\u021binerea Maestrului. \u201d Rar mi-a fost dat s\u0103 ascult un muzician at\u00e2t de autentic, un talent \u00een\u0103scut, un sufl\u0103tor care s\u0103 duc\u0103 dou\u0103 fraze  muzicale dintr-o singur\u0103 respira\u021bie\u201d spunea, \u00een FISP VI Sabin PAUTZA despre t\u00een\u0103rul Jozsef RACZ.<\/p>\n","protected":false},"author":1,"featured_media":0,"comment_status":"open","ping_status":"open","sticky":false,"template":"","format":"standard","meta":[],"categories":[3],"tags":[733],"_links":{"self":[{"href":"https:\/\/semndecarte.metarsis.ro\/index.php?rest_route=\/wp\/v2\/posts\/12559"}],"collection":[{"href":"https:\/\/semndecarte.metarsis.ro\/index.php?rest_route=\/wp\/v2\/posts"}],"about":[{"href":"https:\/\/semndecarte.metarsis.ro\/index.php?rest_route=\/wp\/v2\/types\/post"}],"author":[{"embeddable":true,"href":"https:\/\/semndecarte.metarsis.ro\/index.php?rest_route=\/wp\/v2\/users\/1"}],"replies":[{"embeddable":true,"href":"https:\/\/semndecarte.metarsis.ro\/index.php?rest_route=%2Fwp%2Fv2%2Fcomments&post=12559"}],"version-history":[{"count":0,"href":"https:\/\/semndecarte.metarsis.ro\/index.php?rest_route=\/wp\/v2\/posts\/12559\/revisions"}],"wp:attachment":[{"href":"https:\/\/semndecarte.metarsis.ro\/index.php?rest_route=%2Fwp%2Fv2%2Fmedia&parent=12559"}],"wp:term":[{"taxonomy":"category","embeddable":true,"href":"https:\/\/semndecarte.metarsis.ro\/index.php?rest_route=%2Fwp%2Fv2%2Fcategories&post=12559"},{"taxonomy":"post_tag","embeddable":true,"href":"https:\/\/semndecarte.metarsis.ro\/index.php?rest_route=%2Fwp%2Fv2%2Ftags&post=12559"}],"curies":[{"name":"wp","href":"https:\/\/api.w.org\/{rel}","templated":true}]}}