{"id":12557,"date":"2020-12-17T18:24:16","date_gmt":"2020-12-17T16:24:16","guid":{"rendered":"http:\/\/semndecarte.metarsis.ro\/?p=12557"},"modified":"2020-12-17T18:24:16","modified_gmt":"2020-12-17T16:24:16","slug":"fisp-vii-resita-octombrie-decembrie-2020","status":"publish","type":"post","link":"https:\/\/semndecarte.metarsis.ro\/?p=12557","title":{"rendered":"FISP VII, Re\u0219i\u021ba, octombrie- decembrie 2020"},"content":{"rendered":"<p><strong>Daria TUDOR ( Germania), \u00a0pian &#8211; Marele Premiu FISP II, 2015<\/strong><\/p>\n<p><strong><a href=\"http:\/\/semndecarte.metarsis.ro\/wp-content\/uploads\/2020\/12\/Oradea_-mic.jpg\" rel=\"lightbox[12557]\"><img loading=\"lazy\" class=\"alignleft size-full wp-image-12558\" src=\"http:\/\/semndecarte.metarsis.ro\/wp-content\/uploads\/2020\/12\/Oradea_-mic.jpg\" alt=\"Oradea_ mic\" width=\"520\" height=\"234\" srcset=\"https:\/\/semndecarte.metarsis.ro\/wp-content\/uploads\/2020\/12\/Oradea_-mic.jpg 520w, https:\/\/semndecarte.metarsis.ro\/wp-content\/uploads\/2020\/12\/Oradea_-mic-160x72.jpg 160w, https:\/\/semndecarte.metarsis.ro\/wp-content\/uploads\/2020\/12\/Oradea_-mic-163x73.jpg 163w\" sizes=\"(max-width: 520px) 100vw, 520px\" \/><\/a>Recital on line. In program: Johannes Brahms, Shostakovich, Paladi\u00a0 <\/strong><a href=\"https:\/\/youtu.be\/rlWyfRmgyT0\" data-saferedirecturl=\"https:\/\/www.google.com\/url?q=https:\/\/youtu.be\/rlWyfRmgyT0&amp;source=gmail&amp;ust=1608306480026000&amp;usg=AFQjCNHyDKKMcE74aYT2FtJlDY_oPpj1sA\">https:\/\/youtu.be\/rlWyfRmgyT0<\/a><\/p>\n<p style=\"text-align: justify;\">\u201c&#8230;f\u0103r\u0103 niciun dubiu va fi o pianist\u0103 de prim\u0103 clas\u0103. \u00cen ciuda tinere\u0163ii, interpretarea sa relev\u0103 o personalitate puternic\u0103 care reu\u015fe\u015fte s\u0103 transmit\u0103, cu convingere, adev\u0103rate emo\u0163ii muzicale. \u00cen plus, ea atrage imediat aten\u0163ia prin extraordinara tehnic\u0103 pianistic\u0103 \u015fi putin\u0163a de a aborda cu usurin\u0163\u0103 orice tip de repertoriu, inteligen\u0163\u0103 \u015fi deschidere vie\u00a0 spre formare \u015fi instruire&#8230; .\u201d \u2013\u00a0 prof. Pascal Devoyon (\u201cUniversit\u00e4t der K\u00fcnste\u201d \u2013 UdK, Berlin) \/ 2014<\/p>\n<p style=\"text-align: justify;\">\u201c&#8230;\u00a0 Are voca\u0163ie artistic\u0103, \u015ftie ce \u00ee\u015fi dore\u015fte \u00een tot ceea ce face \u015fi \u00ee\u015fi construie\u015fte personalitatea cu perseveren\u0163\u0103 &#8230;\u201d &#8211; prof.univ.dr. \u015eerban &#8211; Dimitrie Soreanu (Universitatea Na\u0163ional\u0103 de Muzic\u0103, Bucure\u015fti) \/ 2012<!--more--><\/p>\n<p style=\"text-align: justify;\">Daria Tudor s-a n\u0103scut pe 25 iulie 1997 la Ploie\u015fti, Rom\u00e2nia. A \u00eenceput s\u0103 c\u00e2nte la pian \u00een ora\u015ful natal, la v\u00e2rsta de 4 ani, cu Anca Florentina Borcea. Din 2004 p\u00e2n\u0103 \u00een 2014 a studiat cu profesorii \u015eerban-Dimitrie Soreanu de la Universitatea Na\u0163ional\u0103 de Muzic\u0103 Bucure\u015fti \u015fi Adriana Boc\u0103neanu de la Colegiul Na\u0163ional \u201eDinu Lipatti\u201d &#8211; Bucure\u015fti. \u00cen februarie 2015, a fost acceptat\u0103 la Universit\u00e4t der K\u00fcnste Berlin la clasa prof. Pascal Devoyon \u015fi Rikako Murata. Din octombrie 2018 studiaz\u0103 cu prof. Bj\u00f6rn Lehmann, la aceea\u015fi universitate.<\/p>\n<p style=\"text-align: justify;\">\u00cencep\u00e2nd din mai 2015, Daria lucreaz\u0103 la Universit\u00e4t der K\u00fcnste Berlin, \u00een calitate de docent la clasele de Lied contemporan ale prof. Axel Bauni \u015fi Eric Schneider, precum \u015fi ca acompaniator al clasei de violoncel \u2013 prof. Konstantin Heidrich.<\/p>\n<p style=\"text-align: justify;\">A participat la festivaluri din Finlanda, Germania \u015fi Austria: Alpenarte &#8211; Schwarzenberg, octombrie 2018; Kissinger Sommer &#8211; Baden Kissingen, iunie 2017; Mozartfest &#8211; W\u00fcrzburg, iunie 2016; Festivalul Crescendo &#8211; Berlin, mai 2016, 2017.<\/p>\n<p style=\"text-align: justify;\">A participat, de asemenea, la prima edi\u0163ie a Festivalului L\u2019esprit de joie (Radialsystem V &#8211; Berlin, aprilie 2017) interpret\u00e2nd, al\u0103turi de prof. Eric Schneider, la dou\u0103 piane, Vision de l\u2019Amen de O. Messiaen.<\/p>\n<p style=\"text-align: justify;\">Din 2017 lucreaz\u0103 ca acompaniatoar oficial\u00a0 la Rutesheim Cello Academy, Germania.<\/p>\n<p style=\"text-align: justify;\">A urmat masterclass-uri cu: Maria Jo\u00e3o Pires, Elisabeth Leonskaja, Grigory Gruzman, Pavel Gililov, Boris Petrushansky, Michel B\u00e9roff, Petras Geniusas, Graeme McNaught, Aaron Shor, Claudio Marinez Mehner,Jacques Rouvier, Leon Fleisher, Andrei Gavrilov, Cristian Beldi, Hakon Astubo.<\/p>\n<p style=\"text-align: justify;\">Este membr\u0103 al Trio-ului Sternin (\u00eempreun\u0103 cu violonista Georgeta Iordache \u015fi violoncelistul Andrei Ioni\u0163\u0103), al Duo Presto (\u00eempreun\u0103 cu violonista Mao Konishi), al Trio Pyxis (\u00eempreun\u0103 cu violonista Mao Konishi \u015fi violoncelistul Haruma Sato) \u015fi al IMO Duo(\u00eempreun\u0103 cu violoncelistul Constantin Borodin). \u00cempreun\u0103 cu Florian Mitrea formeaz\u0103 un duo pianistic.<\/p>\n<p style=\"text-align: justify;\">Primul ei concert cu orchestr\u0103 a avut loc la doar 9 ani, \u00eempreun\u0103 cu Orchestra Na\u0163ional\u0103 de Camer\u0103 Radio, \u00een Sala Mihail Jora a Societ\u0103\u0163ii Rom\u00e2ne de Radiodifuziune.<\/p>\n<p style=\"text-align: justify;\">P\u00e2n\u0103 \u00een 2016, Daria a c\u00e2\u015ftigat c\u00e2teva premii importante la concursurile na\u021bionale (Festivalul Interna\u021bional Sabin Pautza, Re\u0219i\u021ba, 2015-marele premiu) \u0219i \u00a0interna\u021bionale: octombrie 2017 \u015fi 2019- Concursul Interna\u0163ional\u201dPaula Salomon-Linberg\u201d \u2013 Premiul pentru cel mai bun pianist; august 2016 &#8211; Concursul de pian Valsesia Musica &#8211; Premiul special \u201eGiovani Turcotti\u201d; Mai 2016 &#8211; Premiul II la Concursul Interna\u0163ional de debut pe scena Filarmonicii din Berlin; Aprilie 2015 &#8211; edi\u0163ia a XVIII-a a Concursului interna\u0163ional de pian de la Montrond les Bains &#8211; Fran\u0163a, sec\u0163iunea \u201eMarele Premiu\u201d &#8211; Premiul I; Februarie 2015 &#8211; a XII-a edi\u0163ie a Concursului interna\u0163ional de pian \u201eCitta di Padova\u201d &#8211; sec\u0163iunea \u201eSoli\u015fti cu orchestr\u0103\u201d &#8211; Premiul I; 2005 &#8211; Concursul european Antonino Miserendino, Palermo &#8211; Premiul I; 2004 &#8211; Concursul interna\u0163ional de pian Jeunesses Musicales, Bucure\u015fti &#8211; Premiul I.<\/p>\n<p style=\"text-align: justify;\"><a href=\"https:\/\/www.youtube.com\/watch?v=rlWyfRmgyT0&amp;feature=youtu.be\">Recital on line. In program: Johannes Brahms, Shostakovich, Paladi<\/a>\u00a0A c\u00e2ntat, ca solist\u0103, cu importante orchestre (Orchestrele Filarmonicilor de Stat din Rom\u00e2nia, cu Orchestra belgian\u0103 Prima la Musica &#8211; \u00een Sala Mare a Teatrului Regal La Monnaie din Bruxelles \u015fi cu Orchestra Filarmonic\u0103 din Padova \u015fi Vene\u0163ia) \u015fi cu dirijorii Dirk Vermeulen, Maffeo Scarpis, Horia Andreescu, Vladimir Onufriev, Ilarion Ionescu-Gala\u0163i, Ovidiu B\u0103lan, Sabin Pautza, Vlad Conta, Radu Post\u0103varu, Fakhradin Kerimov, etc).<\/p>\n<p style=\"text-align: justify;\">A mai colaborat cu artisti precum Zakhar Bron, Julia Sophie Wagner, Marie-Luise Dressen, Julian Freibot, Ludwig Mittelhammer, Iida Antola, Vashti Hunter, Christel Lee, Alexandra Paladi, M\u0103lina Ciobanu, A.G. Weinberger, Ulpiu Vlad, Fred Popovici, Aribert Reiman.<\/p>\n<p style=\"text-align: justify;\">A c\u00e2ntat \u00een c\u00e2teva s\u0103li importante din Rom\u00e2nia \u015fi din str\u0103in\u0103tate: \u00een Sala Mare \u015fi \u00een Sala Studio a Ateneului Rom\u00e2n, \u00een Sala Mihail Jora a Societ\u0103\u0163ii Rom\u00e2ne de Radiodifuziune, la ICR-Berlin, \u00een Sala Mare a Teatrului Givatayim &#8211; Tel Aviv, la St.Martin in the Fields \u2013 Londra, \u00een Sala Akishino \u2013 Kyoto, \u00een Sala Atelier a Teatrului Na\u0163ional &#8211; Bucure\u015fti; \u00een Sala Mare a Conservatorului Koninklijik \u2013 Bruxelles, \u00een s\u0103lile Argenta \u015fi Pereda ale Palatului Festivalelor din Catambria \u2013 Santander.<\/p>\n<p style=\"text-align: justify;\">Interpretarea Dariei a Sonatei nr.2 de D. Shostakovich a fost inclus\u0103 \u00een fonoteca Societ\u0103\u0163ii Rom\u00e2ne de Radiodifuziune, la fel ca o serie de lucr\u0103ri camerale (interpretate, \u00een 2013, \u00eempreun\u0103 cu Trio Sternin) de L.v. Beethoven, S. Rachmaninov \u015fi D. Bughici.<\/p>\n<p style=\"text-align: justify;\">Cotidianul Na\u0163ional \u201cAdev\u0103rul\u201d\u00a0 a ales-o \u201cOmul Zilei\u201d, pe data de 24 februarie 2008,\u00a0 cu ocazia sus\u0163inerii Concertului\u00a0 nr.9 \u00een Mi bemol major, K 271 &#8211; \u201cJeunehomme\u201d de Wolfgang Amadeus Mozart, concert ce a avut loc \u00een sala \u201cAuditorium\u201d a Muzeului Na\u0163ional de Art\u0103 al Rom\u00e2niei din Bucure\u015fti.<\/p>\n","protected":false},"excerpt":{"rendered":"<p>Daria Tudor s-a n\u0103scut pe 25 iulie 1997 la Ploie\u015fti, Rom\u00e2nia. A \u00eenceput s\u0103 c\u00e2nte la pian \u00een ora\u015ful natal, la v\u00e2rsta de 4 ani, cu Anca Florentina Borcea. Din 2004 p\u00e2n\u0103 \u00een 2014 a studiat cu profesorii \u015eerban-Dimitrie Soreanu de la Universitatea Na\u0163ional\u0103 de Muzic\u0103 Bucure\u015fti \u015fi Adriana Boc\u0103neanu de la Colegiul Na\u0163ional \u201eDinu Lipatti\u201d &#8211; Bucure\u015fti. \u00cen februarie 2015, a fost acceptat\u0103 la Universit\u00e4t der K\u00fcnste Berlin la clasa prof. Pascal Devoyon \u015fi Rikako Murata. Din octombrie 2018 studiaz\u0103 cu prof. Bj\u00f6rn Lehmann, la aceea\u015fi universitate.<\/p>\n","protected":false},"author":1,"featured_media":0,"comment_status":"open","ping_status":"open","sticky":false,"template":"","format":"standard","meta":[],"categories":[3],"tags":[483],"_links":{"self":[{"href":"https:\/\/semndecarte.metarsis.ro\/index.php?rest_route=\/wp\/v2\/posts\/12557"}],"collection":[{"href":"https:\/\/semndecarte.metarsis.ro\/index.php?rest_route=\/wp\/v2\/posts"}],"about":[{"href":"https:\/\/semndecarte.metarsis.ro\/index.php?rest_route=\/wp\/v2\/types\/post"}],"author":[{"embeddable":true,"href":"https:\/\/semndecarte.metarsis.ro\/index.php?rest_route=\/wp\/v2\/users\/1"}],"replies":[{"embeddable":true,"href":"https:\/\/semndecarte.metarsis.ro\/index.php?rest_route=%2Fwp%2Fv2%2Fcomments&post=12557"}],"version-history":[{"count":0,"href":"https:\/\/semndecarte.metarsis.ro\/index.php?rest_route=\/wp\/v2\/posts\/12557\/revisions"}],"wp:attachment":[{"href":"https:\/\/semndecarte.metarsis.ro\/index.php?rest_route=%2Fwp%2Fv2%2Fmedia&parent=12557"}],"wp:term":[{"taxonomy":"category","embeddable":true,"href":"https:\/\/semndecarte.metarsis.ro\/index.php?rest_route=%2Fwp%2Fv2%2Fcategories&post=12557"},{"taxonomy":"post_tag","embeddable":true,"href":"https:\/\/semndecarte.metarsis.ro\/index.php?rest_route=%2Fwp%2Fv2%2Ftags&post=12557"}],"curies":[{"name":"wp","href":"https:\/\/api.w.org\/{rel}","templated":true}]}}