{"id":12553,"date":"2020-12-16T21:28:13","date_gmt":"2020-12-16T19:28:13","guid":{"rendered":"http:\/\/semndecarte.metarsis.ro\/?p=12553"},"modified":"2020-12-16T21:28:13","modified_gmt":"2020-12-16T19:28:13","slug":"ludwig-van-beethoven-250-ani","status":"publish","type":"post","link":"https:\/\/semndecarte.metarsis.ro\/?p=12553","title":{"rendered":"Ludwig van BEETHOVEN, 250 ani"},"content":{"rendered":"<p><strong><a href=\"http:\/\/semndecarte.metarsis.ro\/wp-content\/uploads\/2020\/12\/FISP-VII.jpg\" rel=\"lightbox[12553]\"><img loading=\"lazy\" class=\"alignleft size-full wp-image-12555\" src=\"http:\/\/semndecarte.metarsis.ro\/wp-content\/uploads\/2020\/12\/FISP-VII.jpg\" alt=\"FISP VII\" width=\"520\" height=\"193\" srcset=\"https:\/\/semndecarte.metarsis.ro\/wp-content\/uploads\/2020\/12\/FISP-VII.jpg 520w, https:\/\/semndecarte.metarsis.ro\/wp-content\/uploads\/2020\/12\/FISP-VII-160x59.jpg 160w, https:\/\/semndecarte.metarsis.ro\/wp-content\/uploads\/2020\/12\/FISP-VII-163x60.jpg 163w\" sizes=\"(max-width: 520px) 100vw, 520px\" \/><\/a>FESTIVALUL INTERNATIONAL SABIN PAUTZA<\/strong>, \u00a0ed. a VII-a, Re\u0219i\u021ba, octombrie-decembrie 2020<\/p>\n<p>Joi, 17 decembrie 2020, ora 12:00, v\u0103 invit\u0103m s\u0103-l celebr\u0103m, \u00eempreun\u0103, pe Ludwig van BEETHOVEN \u00a0la 250 de ani de la na\u0219tere, printr-un eveniment on line al c\u0103rui protagonist este pianistul re\u0219i\u021bean Alexandru Ionu\u021b HERGANE. Vom asculta, \u00eempreun\u0103, \u00eentr-o interpretare remarcabil\u0103, Sonata nr.8 \u00een do minor, op.13- Pathetica \u0219i Concertul pentru\u00a0 pian nr.3 \u00een do minor, op.37 , de Ludwig van BEETHOVEN cu Orchestra Studen\u021bilor Conservatorului Gheorghe DIMA din Cluj, dirijor Theo WOLTHERS, la pian Alexandru Ionu\u021b HERGANE. \u00a0<!--more--><\/p>\n<p class=\"gmql0nx0 l94mrbxd p1ri9a11 lzcic4wl bp9cbjyn j83agx80\" dir=\"auto\"><a href=\"http:\/\/semndecarte.metarsis.ro\/wp-content\/uploads\/2020\/12\/LOGO-BEETHOVEN-250-mic.jpg\" rel=\"lightbox[12553]\"><img loading=\"lazy\" class=\"alignleft size-large wp-image-12556\" src=\"http:\/\/semndecarte.metarsis.ro\/wp-content\/uploads\/2020\/12\/LOGO-BEETHOVEN-250-mic-163x92.jpg\" alt=\"LOGO BEETHOVEN 250 mic\" width=\"163\" height=\"92\" srcset=\"https:\/\/semndecarte.metarsis.ro\/wp-content\/uploads\/2020\/12\/LOGO-BEETHOVEN-250-mic-163x92.jpg 163w, https:\/\/semndecarte.metarsis.ro\/wp-content\/uploads\/2020\/12\/LOGO-BEETHOVEN-250-mic-160x90.jpg 160w, https:\/\/semndecarte.metarsis.ro\/wp-content\/uploads\/2020\/12\/LOGO-BEETHOVEN-250-mic.jpg 800w\" sizes=\"(max-width: 163px) 100vw, 163px\" \/><\/a>Cocertul de pr\u00e2nz va putea fi urm\u0103rit pe conturile Facebook: <span class=\"d2edcug0 hpfvmrgz qv66sw1b c1et5uql rrkovp55 a8c37x1j keod5gw0 nxhoafnm aigsh9s9 embtmqzv fe6kdd0r mau55g9w c8b282yb hrzyx87i m6dqt4wy h7mekvxk hnhda86s oo9gr5id hzawbc8m\" dir=\"auto\">Demokratisches Forum der Banater Berglanddeutschen \u0219i <\/span>Libraria Semn de Carte<\/p>\n<p class=\"gmql0nx0 l94mrbxd p1ri9a11 lzcic4wl d2edcug0 hpfvmrgz\" dir=\"auto\" tabindex=\"-1\">\n<p>N\u0103scut la Re\u0219i\u021ba \u00een 1990, absolvent al Consevatorului Gheorghe Dima din Cluj, stabilit \u00een Germania, Alexandru Ionu\u021b HERGANE este pianist concertist, \u00a0profesor la Musikschulle din Lahr \u0219i \u00eemp\u0103rt\u0103\u0219e\u0219te cu noi emo\u021bii creative pe canalul s\u0103u de you tube Cinematic Piano.<\/p>\n<p>Evenimentul este cuprins \u00een cadrul \u00a0celei de-a VII-a edi\u021bii a Festivalului Interna\u021bional Sabin PAUTZA \u0219i se \u00eenscrie \u00een seria \u00a0manifest\u0103rilor organizate de Biblioteca German\u0103 Alexander TIETZ \u00a0\u00een anul jubiliar \u00a0BEETHOVEN, 250 de ani.<\/p>\n<p>Organizator: Societatea pentru Cultur\u0103 METARSIS \u00een colaborare cu Biblioteca German\u0103 Alexander TIEZ din Re\u0219i\u021ba \u0219i Asocia\u021bia German\u0103 pentru Cultur\u0103 \u0219i Educa\u021bie a Adul\u021bilor Re\u0219i\u021ba.<\/p>\n","protected":false},"excerpt":{"rendered":"<p>Joi, 17 decembrie 2020, ora 12:00, v\u0103 invit\u0103m s\u0103-l celebr\u0103m, \u00eempreun\u0103, pe Ludwig van BEETHOVEN  la 250 de ani de la na\u0219tere<\/p>\n","protected":false},"author":1,"featured_media":0,"comment_status":"open","ping_status":"open","sticky":false,"template":"","format":"standard","meta":[],"categories":[3],"tags":[731,732],"_links":{"self":[{"href":"https:\/\/semndecarte.metarsis.ro\/index.php?rest_route=\/wp\/v2\/posts\/12553"}],"collection":[{"href":"https:\/\/semndecarte.metarsis.ro\/index.php?rest_route=\/wp\/v2\/posts"}],"about":[{"href":"https:\/\/semndecarte.metarsis.ro\/index.php?rest_route=\/wp\/v2\/types\/post"}],"author":[{"embeddable":true,"href":"https:\/\/semndecarte.metarsis.ro\/index.php?rest_route=\/wp\/v2\/users\/1"}],"replies":[{"embeddable":true,"href":"https:\/\/semndecarte.metarsis.ro\/index.php?rest_route=%2Fwp%2Fv2%2Fcomments&post=12553"}],"version-history":[{"count":0,"href":"https:\/\/semndecarte.metarsis.ro\/index.php?rest_route=\/wp\/v2\/posts\/12553\/revisions"}],"wp:attachment":[{"href":"https:\/\/semndecarte.metarsis.ro\/index.php?rest_route=%2Fwp%2Fv2%2Fmedia&parent=12553"}],"wp:term":[{"taxonomy":"category","embeddable":true,"href":"https:\/\/semndecarte.metarsis.ro\/index.php?rest_route=%2Fwp%2Fv2%2Fcategories&post=12553"},{"taxonomy":"post_tag","embeddable":true,"href":"https:\/\/semndecarte.metarsis.ro\/index.php?rest_route=%2Fwp%2Fv2%2Ftags&post=12553"}],"curies":[{"name":"wp","href":"https:\/\/api.w.org\/{rel}","templated":true}]}}