{"id":12487,"date":"2020-10-12T18:00:54","date_gmt":"2020-10-12T16:00:54","guid":{"rendered":"http:\/\/semndecarte.metarsis.ro\/?p=12487"},"modified":"2020-10-12T18:11:09","modified_gmt":"2020-10-12T16:11:09","slug":"fisp-vii","status":"publish","type":"post","link":"https:\/\/semndecarte.metarsis.ro\/?p=12487","title":{"rendered":"FISP VII"},"content":{"rendered":"<p><strong>Festivalul Interna\u021bional Sabin PAUTZA, ed. a VII-a. Re\u0219i\u021ba, oct.-dec. 2020.<\/strong><\/p>\n<p><strong><a href=\"http:\/\/semndecarte.metarsis.ro\/wp-content\/uploads\/2020\/10\/cop-conc.jpg\" rel=\"lightbox[12487]\"><img loading=\"lazy\" class=\"size-full wp-image-12488 alignleft\" src=\"http:\/\/semndecarte.metarsis.ro\/wp-content\/uploads\/2020\/10\/cop-conc.jpg\" alt=\"cop conc\" width=\"520\" height=\"250\" srcset=\"https:\/\/semndecarte.metarsis.ro\/wp-content\/uploads\/2020\/10\/cop-conc.jpg 520w, https:\/\/semndecarte.metarsis.ro\/wp-content\/uploads\/2020\/10\/cop-conc-160x77.jpg 160w, https:\/\/semndecarte.metarsis.ro\/wp-content\/uploads\/2020\/10\/cop-conc-163x78.jpg 163w\" sizes=\"(max-width: 520px) 100vw, 520px\" \/><\/a>Decada Culturii Germane \u00een Banatul Montan, ed. a XXX-a, oct.2020<\/strong><\/p>\n<p>\u201dM\u0103 simt fericit ori de c\u00e2te ori pot s\u0103 m\u0103 ridic asupra unui obstacol\u201d L.v. Beethoven<\/p>\n<p><iframe width=\"500\" height=\"281\" src=\"https:\/\/www.youtube.com\/embed\/3rerzVGOC9M?feature=oembed\" frameborder=\"0\" allow=\"accelerometer; autoplay; clipboard-write; encrypted-media; gyroscope; picture-in-picture\" allowfullscreen><\/iframe><\/p>\n<p style=\"text-align: justify;\">Duminic\u0103, 11 octombrie 2020, ora 16.00, Biserica\u00a0 Romano-Catolic\u0103 \u201dMaria Z\u0103pezii\u201d din Re\u0219i\u021ba a fost gazda primitoare a concertului de org\u0103 sus\u021binut de Cristian RO\u0218OAG\u0102.- al treilea eveniment din seria celor 7 propuse \u00een Fesivalul Interna\u021bional Sabin PAUTZA, Re\u0219i\u021ba, octombrie-decembrie 2020 sub genericul: Sabin PAUTZA \u0219i Wegenstein\u201d.\u00a0 Doctorand al\u00a0 Conservatorului Gheorghe DIMA din Cluj-Napoca, profesor al Liceului de Arte Sabin P\u0103u\u021ba din Resi\u021ba, t\u00e2n\u0103rul organist a delectat publicul prezent cu un program extrem de bine conturat,\u00a0 purt\u00e2ndu-ne, prin improviza\u021biile stilistice,\u00a0 de la \u201dPreludiu \u00een stil Baroc Nord German\u201d \u00a0la \u201dConcerto Grosso\u201d\u00a0 cu cele trei p\u0103r\u021bi-partea I: Allegro, partea a II-a: Adagio, a III-a: Allegro, de la varia\u021biuni pe linia melodic\u0103 a coralului \u201dLobe den Herren, den\u00a0 m\u00e4chtigen K\u00f6nig\u201d, la suita pentru org\u0103 format\u0103 din: Preludiu \u2013 pe o tem\u0103 din\u201dSimfonia a IX-a\u201d de Ludwig van Beethoven, Andante- pe o tem\u0103 din lucrarea muzical\u0103\u00a0 \u201dOur Father\u201d de Sabin Pautza, Scherzo pe o tem\u0103 din \u201dConcertul pentru Vioar\u0103 \u0219i Orchestr\u0103\u201d de Ludwig van Beethoven, Toccata- pe o tem\u0103 din \u201dImnul Re\u0219i\u021bei\u201d de Sabin Pautza.<!--more--> <a href=\"http:\/\/semndecarte.metarsis.ro\/wp-content\/uploads\/2020\/10\/Recital-orga_004.jpg\" rel=\"lightbox[12487]\"><img loading=\"lazy\" class=\"alignright size-thumbnail wp-image-12489\" src=\"http:\/\/semndecarte.metarsis.ro\/wp-content\/uploads\/2020\/10\/Recital-orga_004-95x95.jpg\" alt=\"Recital orga_004\" width=\"95\" height=\"95\" \/><\/a> <a href=\"http:\/\/semndecarte.metarsis.ro\/wp-content\/uploads\/2020\/10\/Recital-orga_005.jpg\" rel=\"lightbox[12487]\"><img loading=\"lazy\" class=\"alignright size-thumbnail wp-image-12490\" src=\"http:\/\/semndecarte.metarsis.ro\/wp-content\/uploads\/2020\/10\/Recital-orga_005-95x95.jpg\" alt=\"Recital orga_005\" width=\"95\" height=\"95\" \/><\/a> <a href=\"http:\/\/semndecarte.metarsis.ro\/wp-content\/uploads\/2020\/10\/Recital-orga_010.jpg\" rel=\"lightbox[12487]\"><img loading=\"lazy\" class=\"alignright size-thumbnail wp-image-12491\" src=\"http:\/\/semndecarte.metarsis.ro\/wp-content\/uploads\/2020\/10\/Recital-orga_010-95x95.jpg\" alt=\"Recital orga_010\" width=\"95\" height=\"95\" \/><\/a> <a href=\"http:\/\/semndecarte.metarsis.ro\/wp-content\/uploads\/2020\/10\/Recital-orga_012.jpg\" rel=\"lightbox[12487]\"><img loading=\"lazy\" class=\"alignright size-thumbnail wp-image-12492\" src=\"http:\/\/semndecarte.metarsis.ro\/wp-content\/uploads\/2020\/10\/Recital-orga_012-95x95.jpg\" alt=\"Recital orga_012\" width=\"95\" height=\"95\" \/><\/a> <a href=\"http:\/\/semndecarte.metarsis.ro\/wp-content\/uploads\/2020\/10\/Recital-orga_013.jpg\" rel=\"lightbox[12487]\"><img loading=\"lazy\" class=\"alignright size-thumbnail wp-image-12493\" src=\"http:\/\/semndecarte.metarsis.ro\/wp-content\/uploads\/2020\/10\/Recital-orga_013-95x95.jpg\" alt=\"Recital orga_013\" width=\"95\" height=\"95\" \/><\/a> <a href=\"http:\/\/semndecarte.metarsis.ro\/wp-content\/uploads\/2020\/10\/Recital-orga_018.jpg\" rel=\"lightbox[12487]\"><img loading=\"lazy\" class=\"alignright size-thumbnail wp-image-12494\" src=\"http:\/\/semndecarte.metarsis.ro\/wp-content\/uploads\/2020\/10\/Recital-orga_018-95x95.jpg\" alt=\"Recital orga_018\" width=\"95\" height=\"95\" \/><\/a> <a href=\"http:\/\/semndecarte.metarsis.ro\/wp-content\/uploads\/2020\/10\/Recital-orga_028.jpg\" rel=\"lightbox[12487]\"><img loading=\"lazy\" class=\"alignright size-thumbnail wp-image-12498\" src=\"http:\/\/semndecarte.metarsis.ro\/wp-content\/uploads\/2020\/10\/Recital-orga_028-95x95.jpg\" alt=\"Recital orga_028\" width=\"95\" height=\"95\" \/><\/a><a href=\"http:\/\/semndecarte.metarsis.ro\/wp-content\/uploads\/2020\/10\/Recital-orga_019.jpg\" rel=\"lightbox[12487]\"><img loading=\"lazy\" class=\"alignright size-thumbnail wp-image-12495\" src=\"http:\/\/semndecarte.metarsis.ro\/wp-content\/uploads\/2020\/10\/Recital-orga_019-95x95.jpg\" alt=\"Recital orga_019\" width=\"95\" height=\"95\" srcset=\"https:\/\/semndecarte.metarsis.ro\/wp-content\/uploads\/2020\/10\/Recital-orga_019-95x95.jpg 95w, https:\/\/semndecarte.metarsis.ro\/wp-content\/uploads\/2020\/10\/Recital-orga_019-160x160.jpg 160w, https:\/\/semndecarte.metarsis.ro\/wp-content\/uploads\/2020\/10\/Recital-orga_019-163x163.jpg 163w, https:\/\/semndecarte.metarsis.ro\/wp-content\/uploads\/2020\/10\/Recital-orga_019.jpg 800w\" sizes=\"(max-width: 95px) 100vw, 95px\" \/><\/a><a href=\"http:\/\/semndecarte.metarsis.ro\/wp-content\/uploads\/2020\/10\/Recital-orga_024.jpg\" rel=\"lightbox[12487]\"><img loading=\"lazy\" class=\"alignright size-thumbnail wp-image-12497\" src=\"http:\/\/semndecarte.metarsis.ro\/wp-content\/uploads\/2020\/10\/Recital-orga_024-95x95.jpg\" alt=\"Recital orga_024\" width=\"95\" height=\"95\" \/><\/a><a href=\"http:\/\/semndecarte.metarsis.ro\/wp-content\/uploads\/2020\/10\/Recital-orga_021.jpg\" rel=\"lightbox[12487]\"><img loading=\"lazy\" class=\"alignright size-thumbnail wp-image-12496\" src=\"http:\/\/semndecarte.metarsis.ro\/wp-content\/uploads\/2020\/10\/Recital-orga_021-95x95.jpg\" alt=\"Recital orga_021\" width=\"95\" height=\"95\" \/><\/a>Un concert excelent \u00a0cu un t\u00e2n\u0103r organist extrem de talentat- Cristian RO\u0218OAG\u0102, orga Wegenstein construit\u0103 \u00een anul 1929 de Leopold Wegenstein &amp; Fiii \u0219i restaurat\u0103 \u00een 2010,\u00a0 un timp al reg\u0103sirii de sine \u00eentr-un spa\u021biu divin acum, \u00a0c\u00e2nd avem nevoie, mai mult ca niciodat\u0103, de \u00eencredere c\u0103 totul va fi bine \u0219i speran\u021ba c\u0103 ne vom ridica, to\u021bi, deasupra obstacolelor din aceste vremuri pandemice. Evenimentul, \u00a0al III-lea din seria celor 7 propuse \u00een FISP, ed. a VII-a, \u00een anul \u00een care re\u0219i\u021beanul Sabin PAUTZA- \u201dConductor Emeritus\u201d al celei mai vechi orchestre simfonice din SUA- Plainfield Symphony Orchestra &#8211; a \u00eemplinit 77 ani \u00a0s-a \u00a0desf\u0103\u0219urat \u00een cadrul\u00a0 edi\u021biei\u00a0 a XXX-a din Decada Culturii Germane \u00een Banatul Montan, manifestare marcant\u0103 a spa\u021biului cultural din Banatul Montan. (Camelia DUCA)<\/p>\n<p style=\"text-align: justify;\">Evenimentul,\u00a0 organizat de Metarsis \u00een parteneriat cu Forumul Democratic al Germanilor din Jude\u021bul Cara\u0219-Severin, Asocia\u021bia German\u0103 de Cultur\u0103 \u0219i Educa\u021bie a Adul\u021bilor Re\u0219i\u021ba cu sprijinul Parohiei Romano-Catolice \u201dMaria Z\u0103pezii\u201d\u00a0 Re\u0219i\u021ba,\u00a0 s-a desf\u0103\u0219urat cu respectarea tutror restric\u021biilor \u00eempuse de starea de alert\u0103.<\/p>\n","protected":false},"excerpt":{"rendered":"<p>Duminic\u0103, 11 octombrie 2020, ora 16.00, Biserica  Romano-Catolic\u0103 \u201dMaria Z\u0103pezii\u201d din Re\u0219i\u021ba a fost gazda primitoare a concertul ui de org\u0103 sus\u021binut de Cristian RO\u0218OAG\u0102.- al treilea eveniment din seria celor 7 propuse \u00een Fesivalul Interna\u021bional Sabin PAUTZA, Re\u0219i\u021ba, oct.-dece. 2020 sun genericul: Sabin PAUTZA \u0219i Wegenstein\u201d.<\/p>\n","protected":false},"author":1,"featured_media":0,"comment_status":"open","ping_status":"open","sticky":false,"template":"","format":"standard","meta":[],"categories":[7],"tags":[600,730,377],"_links":{"self":[{"href":"https:\/\/semndecarte.metarsis.ro\/index.php?rest_route=\/wp\/v2\/posts\/12487"}],"collection":[{"href":"https:\/\/semndecarte.metarsis.ro\/index.php?rest_route=\/wp\/v2\/posts"}],"about":[{"href":"https:\/\/semndecarte.metarsis.ro\/index.php?rest_route=\/wp\/v2\/types\/post"}],"author":[{"embeddable":true,"href":"https:\/\/semndecarte.metarsis.ro\/index.php?rest_route=\/wp\/v2\/users\/1"}],"replies":[{"embeddable":true,"href":"https:\/\/semndecarte.metarsis.ro\/index.php?rest_route=%2Fwp%2Fv2%2Fcomments&post=12487"}],"version-history":[{"count":0,"href":"https:\/\/semndecarte.metarsis.ro\/index.php?rest_route=\/wp\/v2\/posts\/12487\/revisions"}],"wp:attachment":[{"href":"https:\/\/semndecarte.metarsis.ro\/index.php?rest_route=%2Fwp%2Fv2%2Fmedia&parent=12487"}],"wp:term":[{"taxonomy":"category","embeddable":true,"href":"https:\/\/semndecarte.metarsis.ro\/index.php?rest_route=%2Fwp%2Fv2%2Fcategories&post=12487"},{"taxonomy":"post_tag","embeddable":true,"href":"https:\/\/semndecarte.metarsis.ro\/index.php?rest_route=%2Fwp%2Fv2%2Ftags&post=12487"}],"curies":[{"name":"wp","href":"https:\/\/api.w.org\/{rel}","templated":true}]}}