{"id":12484,"date":"2020-10-07T15:03:49","date_gmt":"2020-10-07T13:03:49","guid":{"rendered":"http:\/\/semndecarte.metarsis.ro\/?p=12484"},"modified":"2020-10-07T15:03:49","modified_gmt":"2020-10-07T13:03:49","slug":"festivalul-international-sabin-pautza","status":"publish","type":"post","link":"https:\/\/semndecarte.metarsis.ro\/?p=12484","title":{"rendered":"Festivalul Interna\u021bional Sabin PAUTZA"},"content":{"rendered":"<p>Festivalul Interna\u021bional Sabin PAUTZA, ed. a VII-a. Re\u0219i\u021ba, oct.-dec. 2020.<\/p>\n<p><a href=\"http:\/\/semndecarte.metarsis.ro\/wp-content\/uploads\/2020\/10\/cop-concert-orga-2020.jpg\" rel=\"lightbox[12484]\"><img loading=\"lazy\" class=\"alignleft size-full wp-image-12485\" src=\"http:\/\/semndecarte.metarsis.ro\/wp-content\/uploads\/2020\/10\/cop-concert-orga-2020.jpg\" alt=\"cop concert orga 2020\" width=\"520\" height=\"230\" srcset=\"https:\/\/semndecarte.metarsis.ro\/wp-content\/uploads\/2020\/10\/cop-concert-orga-2020.jpg 520w, https:\/\/semndecarte.metarsis.ro\/wp-content\/uploads\/2020\/10\/cop-concert-orga-2020-160x71.jpg 160w, https:\/\/semndecarte.metarsis.ro\/wp-content\/uploads\/2020\/10\/cop-concert-orga-2020-163x72.jpg 163w\" sizes=\"(max-width: 520px) 100vw, 520px\" \/><\/a>Decada Culturii Germane \u00een Banatul Montan, ed. a XXX-a, oct.2020<\/p>\n<p>Duminic\u0103, 11 octombrie 2020, ora 16:00, v\u0103 invit\u0103m la Biserica Romano-Catolic\u0103 \u201dMaria Z\u0103pezii\u201d din Re\u0219i\u021ba la concertul de org\u0103 sus\u021binut de Cristian RO\u0218OAG\u0102. Doctorand al Conservatorului Gheorghe DIMA din Cluj-Napoca, profesor al Liceului de Arte Sabin P\u0103u\u021ba din Resi\u021ba, t\u00e2n\u0103rul organist va delecta publicul prezent cu improviza\u021bii \u00een diferite stiluri muzicale pe teme din Beethoven, Pautza \u0219i al\u021bi compozitori notorii \u00eentr-un recital sub genericul \u201dSabin PAUTZA \u0219i Wegenstein.\u201d <!--more--><a href=\"http:\/\/semndecarte.metarsis.ro\/wp-content\/uploads\/2020\/10\/afis-mic-concert-orga-2020.jpg\" rel=\"lightbox[12484]\"><img loading=\"lazy\" class=\"alignright size-large wp-image-12486\" src=\"http:\/\/semndecarte.metarsis.ro\/wp-content\/uploads\/2020\/10\/afis-mic-concert-orga-2020-114x163.jpg\" alt=\"afis mic concert orga 2020\" width=\"114\" height=\"163\" srcset=\"https:\/\/semndecarte.metarsis.ro\/wp-content\/uploads\/2020\/10\/afis-mic-concert-orga-2020-114x163.jpg 114w, https:\/\/semndecarte.metarsis.ro\/wp-content\/uploads\/2020\/10\/afis-mic-concert-orga-2020-112x160.jpg 112w, https:\/\/semndecarte.metarsis.ro\/wp-content\/uploads\/2020\/10\/afis-mic-concert-orga-2020.jpg 700w\" sizes=\"(max-width: 114px) 100vw, 114px\" \/><\/a>Evenimentul este al III-lea din seria celor 7 propuse \u00een FISP, ed. a VII-a, \u00een anul \u00een care re\u0219i\u021beanul Sabin PAUTZA- \u201dConductor Emeritus\u201d al celei mai vechi orchestre simfonice din SUA- Plainfield Symphony Orchestra &#8211; a \u00eemplinit 77 ani \u0219i se desf\u0103\u0219oar\u0103 \u00een cadrul\u00a0 edi\u021biei a XXX-a din Decada Culturii Germane \u00een Banatul Montan. V\u0103 invit\u0103m la o or\u0103 de reculegere \u00eentr-un spa\u021biu divin, la medita\u021bie \u0219i reg\u0103sire de sine at\u00e2t de necesare acum, \u00een an pandemic. (Camelia DUCA)<\/p>\n<p>Evenimentul, organizat de Metarsis \u00een parteneriat cu Forumul Democratic al Germanilor din Jude\u021bul Cara\u0219-Severin, Asocia\u021bia German\u0103 de Cultur\u0103 \u0219i Educa\u021bie a Adul\u021bilor Re\u0219i\u021ba cu sprijinul Parohiei Romano-Catolice \u201dMaria Z\u0103pezii\u201d Re\u0219i\u021ba, se va desf\u0103\u0219ura cu respectarea tutror restric\u021biilor \u00eempuse de starea de alert\u0103.<\/p>\n","protected":false},"excerpt":{"rendered":"<p>Duminic\u0103, 11 octombrie 2020, ora 16:00, v\u0103 invit\u0103m la Biserica Romano-Catolic\u0103 \u201dMaria Z\u0103pezii\u201d din Re\u0219i\u021ba la concertul de org\u0103 sus\u021binut de Cristian RO\u0218OAG\u0102. Doctorand al Conservatorului Gheorghe DIMA din Cluj-Napoca, profesor al Liceului de Arte Sabin P\u0103u\u021ba din Resi\u021ba, t\u00e2n\u0103rul organist va delecta publicul prezent cu improviza\u021bii \u00een diferite stiluri muzicale pe teme din Beethoven, Pautza \u0219i al\u021bi compozitori notorii \u00eentr-un recital sub genericul \u201dSabin PAUTZA \u0219i Wegenstein.\u201d <\/p>\n","protected":false},"author":1,"featured_media":0,"comment_status":"open","ping_status":"open","sticky":false,"template":"","format":"standard","meta":[],"categories":[3],"tags":[600,414,422],"_links":{"self":[{"href":"https:\/\/semndecarte.metarsis.ro\/index.php?rest_route=\/wp\/v2\/posts\/12484"}],"collection":[{"href":"https:\/\/semndecarte.metarsis.ro\/index.php?rest_route=\/wp\/v2\/posts"}],"about":[{"href":"https:\/\/semndecarte.metarsis.ro\/index.php?rest_route=\/wp\/v2\/types\/post"}],"author":[{"embeddable":true,"href":"https:\/\/semndecarte.metarsis.ro\/index.php?rest_route=\/wp\/v2\/users\/1"}],"replies":[{"embeddable":true,"href":"https:\/\/semndecarte.metarsis.ro\/index.php?rest_route=%2Fwp%2Fv2%2Fcomments&post=12484"}],"version-history":[{"count":0,"href":"https:\/\/semndecarte.metarsis.ro\/index.php?rest_route=\/wp\/v2\/posts\/12484\/revisions"}],"wp:attachment":[{"href":"https:\/\/semndecarte.metarsis.ro\/index.php?rest_route=%2Fwp%2Fv2%2Fmedia&parent=12484"}],"wp:term":[{"taxonomy":"category","embeddable":true,"href":"https:\/\/semndecarte.metarsis.ro\/index.php?rest_route=%2Fwp%2Fv2%2Fcategories&post=12484"},{"taxonomy":"post_tag","embeddable":true,"href":"https:\/\/semndecarte.metarsis.ro\/index.php?rest_route=%2Fwp%2Fv2%2Ftags&post=12484"}],"curies":[{"name":"wp","href":"https:\/\/api.w.org\/{rel}","templated":true}]}}