{"id":12472,"date":"2020-10-06T18:56:50","date_gmt":"2020-10-06T16:56:50","guid":{"rendered":"http:\/\/semndecarte.metarsis.ro\/?p=12472"},"modified":"2020-10-08T19:48:38","modified_gmt":"2020-10-08T17:48:38","slug":"sabin-pautza-si-muzica-de-film-2","status":"publish","type":"post","link":"https:\/\/semndecarte.metarsis.ro\/?p=12472","title":{"rendered":"Sabin PAUTZA \u0219i muzica de film"},"content":{"rendered":"<p><strong>FESTIVALUL INTERNATIONAL SABIN PAUTZA, ed. a VII-a, Re\u0219i\u021ba 2020<\/strong><\/p>\n<p style=\"text-align: justify;\"><a href=\"http:\/\/semndecarte.metarsis.ro\/wp-content\/uploads\/2020\/10\/cop.jpg\" rel=\"lightbox[12472]\"><img loading=\"lazy\" class=\"alignleft size-full wp-image-12483\" src=\"http:\/\/semndecarte.metarsis.ro\/wp-content\/uploads\/2020\/10\/cop.jpg\" alt=\"cop\" width=\"520\" height=\"180\" srcset=\"https:\/\/semndecarte.metarsis.ro\/wp-content\/uploads\/2020\/10\/cop.jpg 520w, https:\/\/semndecarte.metarsis.ro\/wp-content\/uploads\/2020\/10\/cop-160x55.jpg 160w, https:\/\/semndecarte.metarsis.ro\/wp-content\/uploads\/2020\/10\/cop-163x56.jpg 163w\" sizes=\"(max-width: 520px) 100vw, 520px\" \/><\/a>\u00a0Vineri, 3 octombrie, de la ora 19:30, curtea \u00a0Universit\u0103\u021bii Eftimie Murgu din Re\u0219i\u021ba, a g\u0103zduit un nou eveniment din seria celor 7 pe care vi le propunem, \u00een anul pandemic 2020, \u00een Festivalul Interna\u021bional Sabin PAUTZA, Re\u0219i\u021ba, ed. a VII-a: Sabin PAUTZA \u0219i muzica de film. Compozitor, dirijor, profesor universitar, muzicianul rom\u00e2n Sabin PAUTZA- n\u0103scut la 8 februarie 1943 la C\u00e2lnic-Re\u0219i\u021ba, jude\u021bul Cara\u0219-Severin-cu o carier\u0103 prestigioas\u0103 \u00een \u021bar\u0103 \u0219i str\u0103in\u0103tate, membru al Uniunii Compozitorilor Americani (ASCAP) \u0219i al Uniunii Compozitorilor \u0219i Muzicologilor din Rom\u00e2nia, a orchestrat mult, \u00een perioada reziden\u021bei \u00een America, pentru Hoolywood. In onoarea Maestrului \u0219i pentru a marca acea activitate a Domniei sale, \u00een colaborare cu Muzeul Cineastului Amator, \u0218coala Popular\u0103 de Arte \u0219i Meserii \u201dIon ROM\u00c2NU\u201d din Re\u0219i\u021ba, \u00een cadrul CineDoc, ne-am bucurat de o sear\u0103 de film documentar pe muzic\u0103 live interpretat\u0103, la pian, de prof. Lucia GHILEA. Filmul documentar este un montaj realizat de Andrei B\u0103lb\u0103r\u0103u, un t\u00e2n\u0103r entruziast, creator al Muzeului Cineastului Amator-initiativ\u0103 privat\u0103 a colec\u021bionatului \u00eemp\u0103timit de\u00a0 aparatur\u0103 de filmat pentru cineamatori, aparate de fotografiat vechi \u0219i tot ce \u021bine de lumea cineamatorismului c\u0103ruia i s-au al\u0103turat tineri la fel de pasiona\u021bi. <!--more--><\/p>\n<p><iframe width=\"500\" height=\"375\" src=\"https:\/\/www.youtube.com\/embed\/lASMM5bvjRw?feature=oembed\" frameborder=\"0\" allow=\"accelerometer; autoplay; clipboard-write; encrypted-media; gyroscope; picture-in-picture\" allowfullscreen><\/iframe><\/p>\n<p style=\"text-align: justify;\">Colajul din filme pe 16 mm, filme document a unei par\u021bi de istorie industrial\u0103 re\u0219i\u021bean\u0103 salvate \u0219i digitalizate de Andrei B\u0102LB\u0102R\u0102U- stau m\u0103rturie vie a vie\u021bii tumultoase din Cetatea de Foc. S-au folosit imagini \u00a0semnate Ioan MATO- Cineclubul \u201dSiderurgistul\u201d (CSR), Francisc CSONKA- Cineclubul \u201dEnergia\u201d (UCMR), Ioan TOTH- Focal XX, Doru Marcu, \u0218tefan Copia, Oswald Ruzicska, Erich Roman- Optic &#8217;76 maiestuos ilustrate de muzica de pian interpretat\u0103 de prof. Lucia GHILEA- \u0218coala Popular\u0103 de Arte \u0219i Meserii \u201dIon ROM\u00c2NU\u201d Re\u0219i\u021ba, \u00eentr-un colaj inspirat ales care a cuprins: \u201dHello again\u201d din \u201dJazz singer\u201d de Neil DIAMOND \u0219i Alain LINGRI, \u201dIl vento, il grido\u201d, \u201dLa Piovra\u201d din \u201dCaracati\u021ba\u201d, \u201dChi mai\u201d din filmul \u201dProfesional\u201d, \u201dFriends\u201d din \u201dA fost odat\u0103 \u00een America\u201d, \u201dLove affaire\u201d din filmul cu acela\u0219i nume \u2013 Enio MORICONE, \u201dConvento di Sant\u2019 Anna\u201d din \u201dPacientul englez\u201d- Gabriel YARED, \u201dChariots of Fire\u201d- VANGHELIS, \u201dAs Time goes by\u201d din \u201d Casablanca\u201d \u2013Herman HUPFELD, \u201dConquest of Paradise\u201d- VANGHELIS, \u201dWhat a\u00a0 wonderful World\u201d- George David WEISS \u0219i Bob THIELE \u0219i \u201dMoon River din \u201dMic dejun la Tiffany\u201d- Henrry MANCINI. O sear\u0103 de excep\u021bie cu muzic\u0103 live \u0219i film documentar, istorie valorificat\u0103 consistent, preambul la RE\u0218I\u021aA 250 \u00een prima sear\u0103 a CineDOC. Al doilea eveniment din cea de-a VII-a edi\u021bie a Festivalului Interna\u021bional Sabin PAUTZA, Re\u0219i\u021ba, desf\u0103\u0219urat \u00een anul pandemic 2020, \u00een curtea Universit\u0103\u021bii Eftimie Murgu s-a bucurat de prezen\u021ba Maestrului \u0219i de un public cald. (Camelia DUCA)<\/p>\n<p style=\"text-align: justify;\"><a href=\"http:\/\/semndecarte.metarsis.ro\/wp-content\/uploads\/2020\/10\/SP-si-muzica-de-film_004.jpg\" rel=\"lightbox[12472]\"><img loading=\"lazy\" class=\"alignleft size-thumbnail wp-image-12473\" src=\"http:\/\/semndecarte.metarsis.ro\/wp-content\/uploads\/2020\/10\/SP-si-muzica-de-film_004-95x95.jpg\" alt=\"SP si muzica de film_004\" width=\"95\" height=\"95\" \/><\/a><a href=\"http:\/\/semndecarte.metarsis.ro\/wp-content\/uploads\/2020\/10\/SP-si-muzica-de-film_007.jpg\" rel=\"lightbox[12472]\"><img loading=\"lazy\" class=\"alignleft size-thumbnail wp-image-12474\" src=\"http:\/\/semndecarte.metarsis.ro\/wp-content\/uploads\/2020\/10\/SP-si-muzica-de-film_007-95x95.jpg\" alt=\"SP si muzica de film_007\" width=\"95\" height=\"95\" \/><\/a><a href=\"http:\/\/semndecarte.metarsis.ro\/wp-content\/uploads\/2020\/10\/SP-si-muzica-de-film_013.jpg\" rel=\"lightbox[12472]\"><img loading=\"lazy\" class=\"size-thumbnail wp-image-12476 alignleft\" src=\"http:\/\/semndecarte.metarsis.ro\/wp-content\/uploads\/2020\/10\/SP-si-muzica-de-film_013-95x95.jpg\" alt=\"bsh\" width=\"95\" height=\"95\" \/><\/a><a href=\"http:\/\/semndecarte.metarsis.ro\/wp-content\/uploads\/2020\/10\/SP-si-muzica-de-film_014.jpg\" rel=\"lightbox[12472]\"><img loading=\"lazy\" class=\"alignleft size-thumbnail wp-image-12477\" src=\"http:\/\/semndecarte.metarsis.ro\/wp-content\/uploads\/2020\/10\/SP-si-muzica-de-film_014-95x95.jpg\" alt=\"SP si muzica de film_014\" width=\"95\" height=\"95\" \/><\/a><a href=\"http:\/\/semndecarte.metarsis.ro\/wp-content\/uploads\/2020\/10\/SP-si-muzica-de-film_009.jpg\" rel=\"lightbox[12472]\"><img loading=\"lazy\" class=\"alignleft size-thumbnail wp-image-12475\" src=\"http:\/\/semndecarte.metarsis.ro\/wp-content\/uploads\/2020\/10\/SP-si-muzica-de-film_009-95x95.jpg\" alt=\"SP si muzica de film_009\" width=\"95\" height=\"95\" \/><\/a><a href=\"http:\/\/semndecarte.metarsis.ro\/wp-content\/uploads\/2020\/10\/SP-si-muzica-de-film_020.jpg\" rel=\"lightbox[12472]\"><img loading=\"lazy\" class=\"alignleft size-thumbnail wp-image-12478\" src=\"http:\/\/semndecarte.metarsis.ro\/wp-content\/uploads\/2020\/10\/SP-si-muzica-de-film_020-95x95.jpg\" alt=\"SP si muzica de film_020\" width=\"95\" height=\"95\" \/><\/a><a href=\"http:\/\/semndecarte.metarsis.ro\/wp-content\/uploads\/2020\/10\/SP-si-muzica-de-film_023.jpg\" rel=\"lightbox[12472]\"><img loading=\"lazy\" class=\"alignleft size-thumbnail wp-image-12479\" src=\"http:\/\/semndecarte.metarsis.ro\/wp-content\/uploads\/2020\/10\/SP-si-muzica-de-film_023-95x95.jpg\" alt=\"SP si muzica de film_023\" width=\"95\" height=\"95\" \/><\/a><a href=\"http:\/\/semndecarte.metarsis.ro\/wp-content\/uploads\/2020\/10\/SP-si-muzica-de-film_025.jpg\" rel=\"lightbox[12472]\"><img loading=\"lazy\" class=\"size-thumbnail wp-image-12480 alignleft\" src=\"http:\/\/semndecarte.metarsis.ro\/wp-content\/uploads\/2020\/10\/SP-si-muzica-de-film_025-95x95.jpg\" alt=\"rpt\" width=\"95\" height=\"95\" \/><\/a><a href=\"http:\/\/semndecarte.metarsis.ro\/wp-content\/uploads\/2020\/10\/SP-si-muzica-de-film_032.jpg\" rel=\"lightbox[12472]\"><img loading=\"lazy\" class=\"alignleft size-thumbnail wp-image-12481\" src=\"http:\/\/semndecarte.metarsis.ro\/wp-content\/uploads\/2020\/10\/SP-si-muzica-de-film_032-95x95.jpg\" alt=\"SP si muzica de film_032\" width=\"95\" height=\"95\" \/><\/a><a href=\"http:\/\/semndecarte.metarsis.ro\/wp-content\/uploads\/2020\/10\/SP-si-muzica-de-film_034.jpg\" rel=\"lightbox[12472]\"><img loading=\"lazy\" class=\"size-thumbnail wp-image-12482 alignleft\" src=\"http:\/\/semndecarte.metarsis.ro\/wp-content\/uploads\/2020\/10\/SP-si-muzica-de-film_034-95x95.jpg\" alt=\"SP si muzica de film_034\" width=\"95\" height=\"95\" \/><\/a><\/p>\n<p style=\"text-align: justify;\">Eveniment organizat de METARSIS \u00een parteneriat cu \u0218coala Popular\u0103 Ion ROM\u00c2NU, Universitatea Eftimie MURGU, Muzeul Cineastului Amator, CineDoc, cu respectarea condi\u021biilor impuse de starea de alert\u0103.<\/p>\n","protected":false},"excerpt":{"rendered":"<p>Vineri, 3 octombrie, de la ora 19:30, curtea  Universit\u0103\u021bii Eftimie Murgu din Re\u0219i\u021ba, a g\u0103zduit un nou eveniment din seria celor 7 pe care vi le propunem, \u00een anul pandemic 2020, \u00een Festivalul Interna\u021bional Sabin PAUTZA, Re\u0219i\u021ba, ed. a VII-a: Sabin PAUTZA \u0219i muzica de film. Compozitor, dirijor, profesor universitar, muzicianul rom\u00e2n Sabin PAUTZA- n\u0103scut la 8 februarie 1943 la C\u00e2lnic-Re\u0219i\u021ba, jude\u021bul Cara\u0219-Severin-cu o carier\u0103 prestigioas\u0103 \u00een \u021bar\u0103 \u0219i str\u0103in\u0103tate, membru al Uniunii Compozitorilor Americani (ASCAP) \u0219i al Uniunii Compozitorilor \u0219i Muzicologilor din Rom\u00e2nia, a orchestrat mult, \u00een perioada reziden\u021bei \u00een America, pentru Hoolywood. In onoarea Maestrului \u0219i pentru a marca acea activitate a Domniei sale, \u00een colaborare cu Muzeul Cineastului Amator, \u0218coala Popular\u0103 de Arte \u0219i Meserii \u201dIon ROM\u00c2NU\u201d din Re\u0219i\u021ba, \u00een cadrul CineDoc, ne-am bucurat de o sear\u0103 de film documentar pe muzic\u0103 live interpretat\u0103, la pian, de prof. Lucia GHILEA.<\/p>\n","protected":false},"author":1,"featured_media":0,"comment_status":"open","ping_status":"open","sticky":false,"template":"","format":"standard","meta":[],"categories":[7],"tags":[282,414,234,377],"_links":{"self":[{"href":"https:\/\/semndecarte.metarsis.ro\/index.php?rest_route=\/wp\/v2\/posts\/12472"}],"collection":[{"href":"https:\/\/semndecarte.metarsis.ro\/index.php?rest_route=\/wp\/v2\/posts"}],"about":[{"href":"https:\/\/semndecarte.metarsis.ro\/index.php?rest_route=\/wp\/v2\/types\/post"}],"author":[{"embeddable":true,"href":"https:\/\/semndecarte.metarsis.ro\/index.php?rest_route=\/wp\/v2\/users\/1"}],"replies":[{"embeddable":true,"href":"https:\/\/semndecarte.metarsis.ro\/index.php?rest_route=%2Fwp%2Fv2%2Fcomments&post=12472"}],"version-history":[{"count":0,"href":"https:\/\/semndecarte.metarsis.ro\/index.php?rest_route=\/wp\/v2\/posts\/12472\/revisions"}],"wp:attachment":[{"href":"https:\/\/semndecarte.metarsis.ro\/index.php?rest_route=%2Fwp%2Fv2%2Fmedia&parent=12472"}],"wp:term":[{"taxonomy":"category","embeddable":true,"href":"https:\/\/semndecarte.metarsis.ro\/index.php?rest_route=%2Fwp%2Fv2%2Fcategories&post=12472"},{"taxonomy":"post_tag","embeddable":true,"href":"https:\/\/semndecarte.metarsis.ro\/index.php?rest_route=%2Fwp%2Fv2%2Ftags&post=12472"}],"curies":[{"name":"wp","href":"https:\/\/api.w.org\/{rel}","templated":true}]}}