{"id":12462,"date":"2020-09-25T15:41:45","date_gmt":"2020-09-25T13:41:45","guid":{"rendered":"http:\/\/semndecarte.metarsis.ro\/?p=12462"},"modified":"2020-09-25T15:41:45","modified_gmt":"2020-09-25T13:41:45","slug":"am-vorbit-cu-toamna","status":"publish","type":"post","link":"https:\/\/semndecarte.metarsis.ro\/?p=12462","title":{"rendered":"Am vorbit cu toamna&#8230;."},"content":{"rendered":"<p><strong><a href=\"http:\/\/semndecarte.metarsis.ro\/wp-content\/uploads\/2020\/09\/recital_018.jpg\" rel=\"lightbox[12462]\"><img loading=\"lazy\" class=\"alignleft size-full wp-image-12463\" src=\"http:\/\/semndecarte.metarsis.ro\/wp-content\/uploads\/2020\/09\/recital_018.jpg\" alt=\"recital_018\" width=\"519\" height=\"200\" srcset=\"https:\/\/semndecarte.metarsis.ro\/wp-content\/uploads\/2020\/09\/recital_018.jpg 519w, https:\/\/semndecarte.metarsis.ro\/wp-content\/uploads\/2020\/09\/recital_018-160x62.jpg 160w, https:\/\/semndecarte.metarsis.ro\/wp-content\/uploads\/2020\/09\/recital_018-163x63.jpg 163w\" sizes=\"(max-width: 519px) 100vw, 519px\" \/><\/a>Recital Karl Gilbert GHICOLESCU<\/strong><\/p>\n<p style=\"text-align: justify;\">\u201eMuzica folk, aceast\u0103 stare de spirit, acest mod de via\u021b\u0103, une\u0219te oameni ce simt \u0219i percep altfel sensurile vie\u021bii, nu doar cel existen\u021bial, dar mai ales cele legate de spirit, de filosofie, de poezie \u0219i (desigur) de muzic\u0103. Alatur\u00e2nd \u0219i coaliz\u00e2nd energii date de caractere puternice, caractere ce au o real\u0103 scar\u0103 a valorilor, poezia c\u00e2ntat\u0103, aceast\u0103 simbioz\u0103 denumit\u0103 generic \u201emuzica folk\u201d aduce \u00een lumin\u0103 puritatea, altruismul, dragostea, spiritul de sacrificiu, iubirea aproapelui, a neamului, a istoriei \u0219i a gliei \u00een care zac mo\u0219ii \u0219i str\u0103mo\u0219ii no\u0219tri. C\u0103ci ce-am fi noi, tr\u0103itorii de ast\u0103zi ai meleagurilor dintre Nistru, Tisa, Dun\u0103re \u0219i Marea Neagr\u0103, f\u0103r\u0103 limb\u0103, tradi\u021bii, cultura \u0219i jertfa \u00eenainta\u0219ilor, dec\u00e2t ni\u0219te biete p\u0103p\u0103dii, puf spulberat \u0219i risipit \u00een cele patru z\u0103ri de cea mai mic\u0103 adiere de v\u00e2nt??!!\u201d este credin\u021ba cantautorului Karl Gilbert GHICOLESCU, prezent la Re\u0219i\u021ba \u00een 17 septembrie 2020. <!--more-->Scenografia convorbirilor\u00a0 nu putea fi mai inspirat\u0103 dec\u00e2t a aranjat-o \u00eens\u0103\u0219i toamna: strugurii boltei vi\u021bei de vie care acoper\u0103 curtea libr\u0103riei Semn de Carte au dat \u00een p\u00e2rg, \u00eentregind emo\u021bia transmis\u0103 de protagonist. Recitalul a \u00eenceput cu poezia lui Grigore VIERU\u00a0 \u201dNu am, moarte, cu tine nimic\u201d ca un afront adus \u201d doamnei cu coasa\u201d, alegere inspirat\u0103 \u00een aceste vremuri pandemice amprentate ad\u00e2nc de team\u0103, restric\u021bii, distan\u021bare, teroare, depresii!..Nu am, moarte, cu tine nimic,\/\u00a0 Eu nici m\u0103car nu te ur\u0103sc.\/ Vei fi mare tu, eu voi fi mic,\/\u00a0 Dar numai din propria-mi via\u021b\u0103 tr\u0103iesc.\/\/ Nu fric\u0103, nu team\u0103,\/ Mil\u0103 de tine mi-i,\/ C\u0103 n-ai avut niciodat\u0103 mam\u0103,\/ C\u0103 n-ai avut niciodat\u0103 copii.\/\/\u201d.\u00a0 Karl Gilbert GHICOLESCU, jurist \u0219i istoric prin forma\u021bie profesional\u0103, un incurabil romantic, chitarist \u0219i recitator talentat, one man show, a mijlocit dialoguri \u00eentre toamn\u0103 \u0219i Nichita St\u0103nescu,\u00a0 \u0218tefan Augustin Doina\u0219, A.O. Teodoreanu, Mircea Micu, Adrian P\u0103unescu Augustin Fr\u0103\u021bil\u0103, Mihai Traist\u0103, Grigore Vieru, Adrian P\u0103unescu, Vasile Alecsandri, dialog\u00a0 asezonat\u00a0 de chitara bine temperat\u0103, compozi\u021bii proprii inspirate \u0219i vechi c\u00e2ntece de cenaclu, parfum romantic al unor vremi apuse. Un plus de savoare a fost dat recitalului de textele din Marin Sorescu \u0219i Marin Preda declamate cu real talent actoricesc, texte de un pitoresc aparte, reflexii ale satului oltenesc, de un umor savuros, declamate \u00een grai \u0219i \u00a0care au f\u0103cut deliciul celor prezen\u021bi. O sear\u0103 de toamn\u0103 cald\u0103, la propriu \u0219i la figurat, sub bolta vi\u021bei de vie, emo\u021bie de toamn\u0103 tr\u0103it\u0103 \u0219i \u00eemp\u0103rt\u0103\u0219it\u0103, cu speran\u021be de revenire la o normalitate fireasc\u0103 \u0219i cu un nou prieten c\u00ee\u0219tigat, sper\u0103m, Karl Gillbert GHICOLESCU. (Camelia DUCA)<\/p>\n<p style=\"text-align: justify;\"><a href=\"http:\/\/semndecarte.metarsis.ro\/wp-content\/uploads\/2020\/09\/recital_005.jpg\" rel=\"lightbox[12462]\"><img loading=\"lazy\" class=\"alignleft size-thumbnail wp-image-12464\" src=\"http:\/\/semndecarte.metarsis.ro\/wp-content\/uploads\/2020\/09\/recital_005-95x95.jpg\" alt=\"recital_005\" width=\"95\" height=\"95\" \/><\/a> <a href=\"http:\/\/semndecarte.metarsis.ro\/wp-content\/uploads\/2020\/09\/recital_010.jpg\" rel=\"lightbox[12462]\"><img loading=\"lazy\" class=\"alignleft size-thumbnail wp-image-12465\" src=\"http:\/\/semndecarte.metarsis.ro\/wp-content\/uploads\/2020\/09\/recital_010-95x95.jpg\" alt=\"recital_010\" width=\"95\" height=\"95\" \/><\/a> <a href=\"http:\/\/semndecarte.metarsis.ro\/wp-content\/uploads\/2020\/09\/recital_023.jpg\" rel=\"lightbox[12462]\"><img loading=\"lazy\" class=\"alignleft size-thumbnail wp-image-12466\" src=\"http:\/\/semndecarte.metarsis.ro\/wp-content\/uploads\/2020\/09\/recital_023-95x95.jpg\" alt=\"recital_023\" width=\"95\" height=\"95\" \/><\/a> <a href=\"http:\/\/semndecarte.metarsis.ro\/wp-content\/uploads\/2020\/09\/recital_027.jpg\" rel=\"lightbox[12462]\"><img loading=\"lazy\" class=\"alignleft size-thumbnail wp-image-12467\" src=\"http:\/\/semndecarte.metarsis.ro\/wp-content\/uploads\/2020\/09\/recital_027-95x95.jpg\" alt=\"recital_027\" width=\"95\" height=\"95\" \/><\/a> <a href=\"http:\/\/semndecarte.metarsis.ro\/wp-content\/uploads\/2020\/09\/recital_041.jpg\" rel=\"lightbox[12462]\"><img loading=\"lazy\" class=\"alignleft size-thumbnail wp-image-12468\" src=\"http:\/\/semndecarte.metarsis.ro\/wp-content\/uploads\/2020\/09\/recital_041-95x95.jpg\" alt=\"recital_041\" width=\"95\" height=\"95\" \/><\/a>Eveniment organizat de Societatea pentru Cultur\u0103 METARSIS- activit\u0103\u021bi \u0219i servicii de cultur\u0103 urban\u0103 \u0219i art\u0103 contemporan\u0103 prin libr\u0103ria Semn de Carte cu respectarea tuturor M\u0103surilor \u0219i Regulilor pentru evenimente\/ ac\u021biuni culturale organizate \u00een aer liber pe perioada st\u0103rii de alert\u0103, pentru prevenirea r\u0103sp\u00e2ndirii COVID-19, a\u0219a cum sunt ele stipulate de c\u0103tre institu\u021biile abilitate \u00een acest sens.<\/p>\n","protected":false},"excerpt":{"rendered":"<p>C\u0103ci ce-am fi noi, tr\u0103itorii de ast\u0103zi ai meleagurilor dintre Nistru, Tisa, Dun\u0103re \u0219i Marea Neagr\u0103, f\u0103r\u0103 limb\u0103, tradi\u021bii, cultura \u0219i jertfa \u00eenainta\u0219ilor, dec\u00e2t ni\u0219te biete p\u0103p\u0103dii, puf spulberat \u0219i risipit \u00een cele patru z\u0103ri de cea mai mic\u0103 adiere de v\u00e2nt??!!\u201d este credin\u021ba cantautorului Karl Gilbert GHICOLESCU, prezent la Re\u0219i\u021ba \u00een 17 septembrie 2020<\/p>\n","protected":false},"author":1,"featured_media":0,"comment_status":"open","ping_status":"open","sticky":false,"template":"","format":"standard","meta":[],"categories":[7],"tags":[83,99],"_links":{"self":[{"href":"https:\/\/semndecarte.metarsis.ro\/index.php?rest_route=\/wp\/v2\/posts\/12462"}],"collection":[{"href":"https:\/\/semndecarte.metarsis.ro\/index.php?rest_route=\/wp\/v2\/posts"}],"about":[{"href":"https:\/\/semndecarte.metarsis.ro\/index.php?rest_route=\/wp\/v2\/types\/post"}],"author":[{"embeddable":true,"href":"https:\/\/semndecarte.metarsis.ro\/index.php?rest_route=\/wp\/v2\/users\/1"}],"replies":[{"embeddable":true,"href":"https:\/\/semndecarte.metarsis.ro\/index.php?rest_route=%2Fwp%2Fv2%2Fcomments&post=12462"}],"version-history":[{"count":0,"href":"https:\/\/semndecarte.metarsis.ro\/index.php?rest_route=\/wp\/v2\/posts\/12462\/revisions"}],"wp:attachment":[{"href":"https:\/\/semndecarte.metarsis.ro\/index.php?rest_route=%2Fwp%2Fv2%2Fmedia&parent=12462"}],"wp:term":[{"taxonomy":"category","embeddable":true,"href":"https:\/\/semndecarte.metarsis.ro\/index.php?rest_route=%2Fwp%2Fv2%2Fcategories&post=12462"},{"taxonomy":"post_tag","embeddable":true,"href":"https:\/\/semndecarte.metarsis.ro\/index.php?rest_route=%2Fwp%2Fv2%2Ftags&post=12462"}],"curies":[{"name":"wp","href":"https:\/\/api.w.org\/{rel}","templated":true}]}}