{"id":12398,"date":"2020-08-26T11:52:15","date_gmt":"2020-08-26T09:52:15","guid":{"rendered":"http:\/\/semndecarte.metarsis.ro\/?p=12398"},"modified":"2020-08-26T14:10:14","modified_gmt":"2020-08-26T12:10:14","slug":"festivalul-international-sabin-pautza-ed-a-vii-a-resita-2020","status":"publish","type":"post","link":"https:\/\/semndecarte.metarsis.ro\/?p=12398","title":{"rendered":"Festivalul Interna\u021bional SABIN PAUTZA, ed. a VII-a, Re\u0219i\u021ba, 2020"},"content":{"rendered":"<p><strong><a href=\"http:\/\/semndecarte.metarsis.ro\/wp-content\/uploads\/2020\/08\/cop.jpg\" rel=\"lightbox[12398]\"><img loading=\"lazy\" class=\"alignleft size-full wp-image-12399\" src=\"http:\/\/semndecarte.metarsis.ro\/wp-content\/uploads\/2020\/08\/cop.jpg\" alt=\"cop\" width=\"520\" height=\"273\" srcset=\"https:\/\/semndecarte.metarsis.ro\/wp-content\/uploads\/2020\/08\/cop.jpg 520w, https:\/\/semndecarte.metarsis.ro\/wp-content\/uploads\/2020\/08\/cop-160x84.jpg 160w, https:\/\/semndecarte.metarsis.ro\/wp-content\/uploads\/2020\/08\/cop-163x86.jpg 163w\" sizes=\"(max-width: 520px) 100vw, 520px\" \/><\/a>Lansare de carte: Carnaval f\u0103r\u0103 m\u0103\u0219ti sau Hai s\u0103 (ne) r\u00e2dem, Sabin PAUTZA<\/strong><\/p>\n<p style=\"text-align: justify;\">Joi, 27 august 2020, ora 18:00, \u00een curtea acoperit\u0103 cu vi\u021b\u0103 de vie a libr\u0103riei Semn de Carte din Re\u0219i\u021ba, str. Timi\u0219 1- Libert\u0103\u021bii 13, va avea loc lansarea volumului Carnaval f\u0103r\u0103 m\u0103\u0219ti sau Hai s\u0103 (ne) r\u00e2dem semnat Sabin PAUTZA. Ap\u0103rut la editura Palimsest, Bucure\u0219ti, 2020, volumul ilustreaz\u0103 spiritul viu, ludic, efervescent,\u00a0 parte mai pu\u021bin cunoscut\u0103 publicului larg dar preabine cunoscut\u0103 prietenilor, a compozitorului, dirijorului, universitarului Sabin PAUTZA.<!--more--> <a href=\"http:\/\/semndecarte.metarsis.ro\/wp-content\/uploads\/2020\/08\/afis-web.jpeg\" rel=\"lightbox[12398]\"><img loading=\"lazy\" class=\"alignright size-large wp-image-12400\" src=\"http:\/\/semndecarte.metarsis.ro\/wp-content\/uploads\/2020\/08\/afis-web-115x163.jpeg\" alt=\"afis web\" width=\"115\" height=\"163\" srcset=\"https:\/\/semndecarte.metarsis.ro\/wp-content\/uploads\/2020\/08\/afis-web-115x163.jpeg 115w, https:\/\/semndecarte.metarsis.ro\/wp-content\/uploads\/2020\/08\/afis-web-113x160.jpeg 113w, https:\/\/semndecarte.metarsis.ro\/wp-content\/uploads\/2020\/08\/afis-web.jpeg 566w\" sizes=\"(max-width: 115px) 100vw, 115px\" \/><\/a>Evenimentul este parte a FESTIVALULUI INTERNA\u021aIONAL SABIN PAUTZA, ed. a VII-a, fiind primul dintre cele 7 evenimente pe care Societatea pentru Cultur\u0103 METARSIS le propune re\u0219i\u021benilor \u00een anul pandemic 2020, \u00een una dintre cele 7 loca\u021bii propuse pentru desf\u0103\u0219urare, \u00een anul \u00een care MAESTRUL a \u00eemplinit 77 de ani. 77-7-7. (Camelia DUCA)<\/p>\n<p style=\"text-align: justify;\">Invita\u021bi special: poetul, eseistul, cronicarul de teatru Ion COCORA; editorul, criticul de teatru, actri\u021ba Dana POCEA<\/p>\n<p style=\"text-align: justify;\">Evenimentul se va desf\u0103\u0219ura cu respectarea\u00a0 m\u0103surilor impuse de metodologia desf\u0103\u0219ur\u0103rii evenimentelor\/ ac\u021biunilor culturale\u00a0 \u00een aer liber pe perioada St\u0103rii de Alert\u0103, publicate in MO, partea I, nr.460\/ 29.05.2020.<\/p>\n","protected":false},"excerpt":{"rendered":"<p>Joi, 27 august 2020, ora 18:00, \u00een curtea acoperit\u0103 cu vi\u021b\u0103 de vie a libr\u0103riei Semn de Carte din Re\u0219i\u021ba, str. Timi\u0219 1- Libert\u0103\u021bii 13, va avea loc lansarea volumului Carnaval f\u0103r\u0103 m\u0103\u0219ti sau Hai s\u0103 (ne) r\u00e2dem semnat Sabin PAUTZA. Ap\u0103rut la editura Palimsest, Bucute\u0219ti, 2020, volumul ilustreaz\u0103 spiritul viu, ludic, efervescent,  p\u0103rte mai pu\u021bin cunoscut\u0103 publicului larg dar preabine cunoscut\u0103 prietenilor, a compozitorului, dirijorului, universitarului Sabin PAUTZA.<\/p>\n","protected":false},"author":1,"featured_media":0,"comment_status":"open","ping_status":"open","sticky":false,"template":"","format":"standard","meta":[],"categories":[3],"tags":[],"_links":{"self":[{"href":"https:\/\/semndecarte.metarsis.ro\/index.php?rest_route=\/wp\/v2\/posts\/12398"}],"collection":[{"href":"https:\/\/semndecarte.metarsis.ro\/index.php?rest_route=\/wp\/v2\/posts"}],"about":[{"href":"https:\/\/semndecarte.metarsis.ro\/index.php?rest_route=\/wp\/v2\/types\/post"}],"author":[{"embeddable":true,"href":"https:\/\/semndecarte.metarsis.ro\/index.php?rest_route=\/wp\/v2\/users\/1"}],"replies":[{"embeddable":true,"href":"https:\/\/semndecarte.metarsis.ro\/index.php?rest_route=%2Fwp%2Fv2%2Fcomments&post=12398"}],"version-history":[{"count":0,"href":"https:\/\/semndecarte.metarsis.ro\/index.php?rest_route=\/wp\/v2\/posts\/12398\/revisions"}],"wp:attachment":[{"href":"https:\/\/semndecarte.metarsis.ro\/index.php?rest_route=%2Fwp%2Fv2%2Fmedia&parent=12398"}],"wp:term":[{"taxonomy":"category","embeddable":true,"href":"https:\/\/semndecarte.metarsis.ro\/index.php?rest_route=%2Fwp%2Fv2%2Fcategories&post=12398"},{"taxonomy":"post_tag","embeddable":true,"href":"https:\/\/semndecarte.metarsis.ro\/index.php?rest_route=%2Fwp%2Fv2%2Ftags&post=12398"}],"curies":[{"name":"wp","href":"https:\/\/api.w.org\/{rel}","templated":true}]}}