{"id":12369,"date":"2020-06-23T21:03:33","date_gmt":"2020-06-23T19:03:33","guid":{"rendered":"http:\/\/semndecarte.metarsis.ro\/?p=12369"},"modified":"2020-06-23T21:03:33","modified_gmt":"2020-06-23T19:03:33","slug":"timp-si-contratimp-in-identitatea-banatului-de-munte-8","status":"publish","type":"post","link":"https:\/\/semndecarte.metarsis.ro\/?p=12369","title":{"rendered":"TIMP \u0218I CONTRATIMP \u00ceN IDENTITATEA BANATULUI DE MUNTE"},"content":{"rendered":"<p><strong>C\u0102MA\u0218A POPULAR\u0102 \u0218I BR\u00c2UL\u00a0 B\u0102N\u0102\u021aEAN\u00a0 ed. a VII-a<\/strong><\/p>\n<p style=\"text-align: justify;\"><a href=\"http:\/\/semndecarte.metarsis.ro\/wp-content\/uploads\/2020\/06\/cop.jpg\" rel=\"lightbox[12369]\"><img loading=\"lazy\" class=\"alignleft size-full wp-image-12370\" src=\"http:\/\/semndecarte.metarsis.ro\/wp-content\/uploads\/2020\/06\/cop.jpg\" alt=\"cop\" width=\"519\" height=\"212\" srcset=\"https:\/\/semndecarte.metarsis.ro\/wp-content\/uploads\/2020\/06\/cop.jpg 519w, https:\/\/semndecarte.metarsis.ro\/wp-content\/uploads\/2020\/06\/cop-160x65.jpg 160w, https:\/\/semndecarte.metarsis.ro\/wp-content\/uploads\/2020\/06\/cop-163x67.jpg 163w\" sizes=\"(max-width: 519px) 100vw, 519px\" \/><\/a>Joi, 25 iunie 2020, ora 17:00, curtea libr\u0103riei Semn de Carte din Re\u0219i\u021ba, str. Libert\u0103\u021bii 13, va fi gazda evenimentului TIMP \u0218I CONTRATIMP \u00ceN IDENTITATEA BANATULUI DE MUNTE. C\u0102MA\u0218A POPULAR\u0102 \u0218I BR\u00c2UL B\u0102N\u0102\u021aEAN, ed. a VII-a.<\/p>\n<p style=\"text-align: justify;\"><em>\u201cNatura omului se cuprinde \u00een suflet \u015fi \u00een trup\u201d \u00a0a spus reputatul\u00a0 c\u0103rturar de sf\u00e2r\u0219it de sec. al XVIII-lea, Paul Iorgovici. <\/em><\/p>\n<p style=\"text-align: justify;\">C\u0102MA\u0218A\u00a0 \u00a0ROM\u00c2NEASC\u0102-reper definitoriu al identit\u0103\u021bii noastre na\u021bionale, parte important\u0103 a patrimoniului material d\u0103inuind peste TIMP \u015fi BR\u00c2UL B\u0102N\u0102\u0162EAN- reper definitoriu al identit\u0103\u0163ii noatre regionale definit de CONTRATIMP ne dau r\u0103d\u0103cini, ne dau apartenen\u021b\u0103, ne definesc, ne alin\u0103 DORURI, \u00a0\u0219i ne dau FALA de a apar\u021bine unei na\u021biuni alese. Ne dau identitate na\u021bional\u0103 indiferent\u00a0 unde ne afl\u0103m.\u00a0 Chiar dac\u0103 trupe\u0219te, plec\u0103m din\u00a0 \u201dGr\u0103dina Maicii Domnului\u201d, sufletul\u00a0 va r\u0103m\u00e2ne, pentru totdeauna, ACAS\u0102.<\/p>\n<p style=\"text-align: justify;\">Va fi vernisat\u0103 expozi\u021bia COPII IN II.<!--more--><\/p>\n<p style=\"text-align: justify;\">Evenimentul va fi postat pe contul de FB Copii in ii.<\/p>\n<p style=\"text-align: justify;\">Invita\u021bi speciall:\u00a0 dr.fil Ada D. CRUCEANU, jurnalist Dorina SGAVERDIA, pre\u0219edinte Filiala Cara\u0219-Severin a\u00a0 UZPR<\/p>\n<p style=\"text-align: justify;\">Eveniment organizat de METARSIS- activit\u0103\u021bi \u0219i servicii de cultur\u0103 urban\u0103 \u0219i art\u0103 contemporan\u0103 prin libr\u0103ria SEMN DE CARTE \u00een parteneriat cu Uniunea Ziari\u0219tilor Profesioni\u0219ti din Rom\u00e2nia.<\/p>\n<p style=\"text-align: justify;\">Evenimentul se va desf\u0103\u0219ura cu respectarea\u00a0 m\u0103surilor impuse de metodologia desf\u0103\u0219ur\u0103rii evenimentelor\/ ac\u021biunilor culturale\u00a0 \u00een aer liber pe perioada St\u0103rii de Alert\u0103, publicate in MO, partea I, nr.460\/ 29.05.2020.<\/p>\n<p style=\"text-align: justify;\">Participan\u021bilor li se va m\u0103sura temperatura noncontact\u00a0 la intrarea \u00een zona delimitat\u0103, se va face triajul observa\u021bional, se va asigura, la intrare, covor sanitar cu dezinfectan\u021bi autoriza\u021bi, va fi pus la \u00eendem\u00e2na participan\u021bilor dezinfectan\u021bi de m\u00e2ini iar curtea va respecta distan\u021barea social\u0103 de 2m . Participan\u021bii vor purta m\u0103\u0219ti de protec\u021bie pe tot parcursul evenimentului. (Camelia DUCA)<\/p>\n","protected":false},"excerpt":{"rendered":"<p>Joi, 25 iunie 2020, ora 17:00, curtea libr\u0103riei Semn de Carte din Re\u0219i\u021ba, str. Libert\u0103\u021bii 13, va fi gazda evenimentului TIMP \u0218I CONTRATIMP \u00ceN IDENTITATEA BANATULUI DE MUNTE. C\u0102MA\u0218A PUPULAR\u0102 \u0218I BR\u00c2UL B\u0102N\u0102\u021aEAN, ed. a VII-a.<\/p>\n","protected":false},"author":1,"featured_media":0,"comment_status":"open","ping_status":"open","sticky":false,"template":"","format":"standard","meta":[],"categories":[3],"tags":[402,592],"_links":{"self":[{"href":"https:\/\/semndecarte.metarsis.ro\/index.php?rest_route=\/wp\/v2\/posts\/12369"}],"collection":[{"href":"https:\/\/semndecarte.metarsis.ro\/index.php?rest_route=\/wp\/v2\/posts"}],"about":[{"href":"https:\/\/semndecarte.metarsis.ro\/index.php?rest_route=\/wp\/v2\/types\/post"}],"author":[{"embeddable":true,"href":"https:\/\/semndecarte.metarsis.ro\/index.php?rest_route=\/wp\/v2\/users\/1"}],"replies":[{"embeddable":true,"href":"https:\/\/semndecarte.metarsis.ro\/index.php?rest_route=%2Fwp%2Fv2%2Fcomments&post=12369"}],"version-history":[{"count":0,"href":"https:\/\/semndecarte.metarsis.ro\/index.php?rest_route=\/wp\/v2\/posts\/12369\/revisions"}],"wp:attachment":[{"href":"https:\/\/semndecarte.metarsis.ro\/index.php?rest_route=%2Fwp%2Fv2%2Fmedia&parent=12369"}],"wp:term":[{"taxonomy":"category","embeddable":true,"href":"https:\/\/semndecarte.metarsis.ro\/index.php?rest_route=%2Fwp%2Fv2%2Fcategories&post=12369"},{"taxonomy":"post_tag","embeddable":true,"href":"https:\/\/semndecarte.metarsis.ro\/index.php?rest_route=%2Fwp%2Fv2%2Ftags&post=12369"}],"curies":[{"name":"wp","href":"https:\/\/api.w.org\/{rel}","templated":true}]}}