{"id":12367,"date":"2020-05-25T15:54:43","date_gmt":"2020-05-25T13:54:43","guid":{"rendered":"http:\/\/semndecarte.metarsis.ro\/?p=12367"},"modified":"2020-05-25T15:54:43","modified_gmt":"2020-05-25T13:54:43","slug":"promovam-ia-si-braul-banatean","status":"publish","type":"post","link":"https:\/\/semndecarte.metarsis.ro\/?p=12367","title":{"rendered":"Promov\u0103m ia \u015fi braul b\u0103n\u0103\u0163ean"},"content":{"rendered":"<p><a href=\"http:\/\/semndecarte.metarsis.ro\/wp-content\/uploads\/2017\/06\/Banner-web-.jpg\" rel=\"lightbox[12367]\"><img loading=\"lazy\" class=\"alignleft size-full wp-image-11005\" src=\"http:\/\/semndecarte.metarsis.ro\/wp-content\/uploads\/2017\/06\/Banner-web-.jpg\" alt=\"Banner web +\" width=\"520\" height=\"207\" srcset=\"https:\/\/semndecarte.metarsis.ro\/wp-content\/uploads\/2017\/06\/Banner-web-.jpg 520w, https:\/\/semndecarte.metarsis.ro\/wp-content\/uploads\/2017\/06\/Banner-web--160x64.jpg 160w, https:\/\/semndecarte.metarsis.ro\/wp-content\/uploads\/2017\/06\/Banner-web--163x65.jpg 163w\" sizes=\"(max-width: 520px) 100vw, 520px\" \/><\/a>Pornit \u00een anul 2013 din ini\u0163iativa a doi jurnali\u015fti re\u015fi\u0163eni, so\u0163ii Paula \u015fi Vasile Neam\u0163u sub genericul PRESA C\u0102R\u0102\u0218AN\u0102 PROMOVEAZ\u0102 IA evenimentul a fost unul de impact, \u00eentreaga pres\u0103 c\u0103r\u0103\u015fan\u0103 mediatiz\u00e2nd unul dintre reperele rom\u00e2ne\u015fti definitoriu peste TIMP. Din anul 2014 Societatea pentru Cultur\u0103 Metarsis \u2013activit\u0103\u021bi \u0219i servicii de cultur\u0103 urban\u0103 \u0219i art\u0103 contemporan\u0103\u00a0 a \u00eembr\u0103\u021bi\u0219at ideea \u0219i, la solicitarea celor doi so\u0163i s-a al\u0103turat logistic \u00een organizarea manifest\u0103rilor. Tot de atunci iilor \u0219i c\u0103m\u0103\u0219ilor rom\u00e2ne\u0219ti li s-a ad\u0103ugat CONTRATIMPUL br\u00e2ului b\u0103n\u0103\u0163ean, joc din patrimoniul imaterial al Banatului de Munte pe care Eftimie Murgu \u00eel definea plastic: \u201csar \u00een \u015fir to\u0163i deodat\u0103, astfel \u00eenc\u00e2t al treilea pas s\u0103 \u0163in\u0103 ritmul\u201d.<\/p>\n","protected":false},"excerpt":{"rendered":"<p> PRESA C\u0102R\u0102\u0218AN\u0102 PROMOVEAZ\u0102 IA <\/p>\n","protected":false},"author":1,"featured_media":0,"comment_status":"open","ping_status":"open","sticky":false,"template":"","format":"standard","meta":[],"categories":[7],"tags":[402],"_links":{"self":[{"href":"https:\/\/semndecarte.metarsis.ro\/index.php?rest_route=\/wp\/v2\/posts\/12367"}],"collection":[{"href":"https:\/\/semndecarte.metarsis.ro\/index.php?rest_route=\/wp\/v2\/posts"}],"about":[{"href":"https:\/\/semndecarte.metarsis.ro\/index.php?rest_route=\/wp\/v2\/types\/post"}],"author":[{"embeddable":true,"href":"https:\/\/semndecarte.metarsis.ro\/index.php?rest_route=\/wp\/v2\/users\/1"}],"replies":[{"embeddable":true,"href":"https:\/\/semndecarte.metarsis.ro\/index.php?rest_route=%2Fwp%2Fv2%2Fcomments&post=12367"}],"version-history":[{"count":0,"href":"https:\/\/semndecarte.metarsis.ro\/index.php?rest_route=\/wp\/v2\/posts\/12367\/revisions"}],"wp:attachment":[{"href":"https:\/\/semndecarte.metarsis.ro\/index.php?rest_route=%2Fwp%2Fv2%2Fmedia&parent=12367"}],"wp:term":[{"taxonomy":"category","embeddable":true,"href":"https:\/\/semndecarte.metarsis.ro\/index.php?rest_route=%2Fwp%2Fv2%2Fcategories&post=12367"},{"taxonomy":"post_tag","embeddable":true,"href":"https:\/\/semndecarte.metarsis.ro\/index.php?rest_route=%2Fwp%2Fv2%2Ftags&post=12367"}],"curies":[{"name":"wp","href":"https:\/\/api.w.org\/{rel}","templated":true}]}}