{"id":12339,"date":"2019-11-19T21:49:41","date_gmt":"2019-11-19T19:49:41","guid":{"rendered":"http:\/\/semndecarte.metarsis.ro\/?p=12339"},"modified":"2019-11-19T21:49:41","modified_gmt":"2019-11-19T19:49:41","slug":"liviu-ciulei-acasa-si-in-lume","status":"publish","type":"post","link":"https:\/\/semndecarte.metarsis.ro\/?p=12339","title":{"rendered":"Liviu CIULEI, ACAS\u0102 \u0218I \u00ceN LUME"},"content":{"rendered":"<p><a href=\"http:\/\/semndecarte.metarsis.ro\/wp-content\/uploads\/2019\/11\/2019-11-19_002.jpg\" rel=\"lightbox[12339]\"><img loading=\"lazy\" class=\"alignleft size-full wp-image-12340\" src=\"http:\/\/semndecarte.metarsis.ro\/wp-content\/uploads\/2019\/11\/2019-11-19_002.jpg\" alt=\"2019-11-19_002\" width=\"520\" height=\"309\" srcset=\"https:\/\/semndecarte.metarsis.ro\/wp-content\/uploads\/2019\/11\/2019-11-19_002.jpg 520w, https:\/\/semndecarte.metarsis.ro\/wp-content\/uploads\/2019\/11\/2019-11-19_002-160x95.jpg 160w, https:\/\/semndecarte.metarsis.ro\/wp-content\/uploads\/2019\/11\/2019-11-19_002-163x97.jpg 163w\" sizes=\"(max-width: 520px) 100vw, 520px\" \/><\/a>Edi\u0163ie \u00eengrijit\u0103 de Florica Ichim \u015fi Anca Mocanu<\/p>\n<p>Miercuri, 20 noiembrie 2019, ora 16:00, libr\u0103ria Semn de Carte din Re\u0219i\u021ba, str. Libert\u0103\u021bii 13, g\u0103zduie\u0219te lansarea celor 3 volume publicate de Funda\u021bia Cultural\u0103 \u201dCamil Petrescu\u201d \u0219i Revista \u201dTeatrul azi\u201d (supliment): \u201dLiviu CIULEI, acas\u0103 \u0219i \u00een lume\u201d (2016), antologie teatrologic\u0103 de Florica ICHIM \u0219i Anca MOCCANU.<\/p>\n<p>Prezint\u0103: Florica Ichim &#8211; critic de teatru, pre\u0219edinta Funda\u021biei Culturale \u201eCamil Petrescu\u201d \u0219i redactorul-\u0219ef al publica\u021biei \u201eTeatru Azi\u201d, cea mai longeviv\u0103 revist\u0103 cultural\u0103 din Rom\u00e2nia (an de apari\u021bie: 1956), moderator: Anca Bica<!--more--><\/p>\n<p>Evenimentul este cuprins \u00een prima edi\u021bie a NEW WAVE THEATER FESTIVAL, RE\u0218I\u021aA, 15-23 noiembrie 2019.<\/p>\n<p>Societatea pentru cultur\u0103 METARSIS \u2013 activit\u0103\u021bi \u0219i servicii de cultur\u0103 urban\u0103 \u0219i art\u0103 contemporan\u0103 sus\u021bine, prin libr\u0103ria Semn de Carte, Festivalul \u0219i-l recomand\u0103 ca reper cultural al toamnei re\u0219i\u021bene.<\/p>\n<p>Liviu Ioan CIULEI, n\u0103scut 7 iulie 1923, Bucure\u0219ti, Rom\u00e2nia &#8211; decedat 25 octombrie 2011, M\u00fcnchen, Germania, a fost un regizor, actor, scenograf, arhitect \u0219i profesor universitar rom\u00e2n.<\/p>\n","protected":false},"excerpt":{"rendered":"<p>Miercuri, 20 noiembrie 2019, ora 16:00, libr\u0103ria Semn de Carte din Re\u0219i\u021ba, str. Libert\u0103\u021bii 13, g\u0103zduie\u0219te lansarea celor 3 volume publicate de Funda\u021bia Cultural\u0103 \u201dCamil Petrescu\u201d \u0219i Revista \u201dTeatrul azi\u201d (supliment): \u201dLiviu CIULEI, acas\u0103 \u0219i \u00een lume\u201d (2016), antologie teatrologic\u0103 de Florica ICHIM \u0219i Anca MOCCANU.<\/p>\n","protected":false},"author":1,"featured_media":0,"comment_status":"open","ping_status":"open","sticky":false,"template":"","format":"standard","meta":[],"categories":[1],"tags":[],"_links":{"self":[{"href":"https:\/\/semndecarte.metarsis.ro\/index.php?rest_route=\/wp\/v2\/posts\/12339"}],"collection":[{"href":"https:\/\/semndecarte.metarsis.ro\/index.php?rest_route=\/wp\/v2\/posts"}],"about":[{"href":"https:\/\/semndecarte.metarsis.ro\/index.php?rest_route=\/wp\/v2\/types\/post"}],"author":[{"embeddable":true,"href":"https:\/\/semndecarte.metarsis.ro\/index.php?rest_route=\/wp\/v2\/users\/1"}],"replies":[{"embeddable":true,"href":"https:\/\/semndecarte.metarsis.ro\/index.php?rest_route=%2Fwp%2Fv2%2Fcomments&post=12339"}],"version-history":[{"count":0,"href":"https:\/\/semndecarte.metarsis.ro\/index.php?rest_route=\/wp\/v2\/posts\/12339\/revisions"}],"wp:attachment":[{"href":"https:\/\/semndecarte.metarsis.ro\/index.php?rest_route=%2Fwp%2Fv2%2Fmedia&parent=12339"}],"wp:term":[{"taxonomy":"category","embeddable":true,"href":"https:\/\/semndecarte.metarsis.ro\/index.php?rest_route=%2Fwp%2Fv2%2Fcategories&post=12339"},{"taxonomy":"post_tag","embeddable":true,"href":"https:\/\/semndecarte.metarsis.ro\/index.php?rest_route=%2Fwp%2Fv2%2Ftags&post=12339"}],"curies":[{"name":"wp","href":"https:\/\/api.w.org\/{rel}","templated":true}]}}