{"id":12309,"date":"2019-10-21T19:02:13","date_gmt":"2019-10-21T17:02:13","guid":{"rendered":"http:\/\/semndecarte.metarsis.ro\/?p=12309"},"modified":"2019-10-21T19:02:13","modified_gmt":"2019-10-21T17:02:13","slug":"fisp-vi-2019-2","status":"publish","type":"post","link":"https:\/\/semndecarte.metarsis.ro\/?p=12309","title":{"rendered":"FISP VI &#8211; 2019"},"content":{"rendered":"<h2><a href=\"http:\/\/semndecarte.metarsis.ro\/wp-content\/uploads\/2019\/10\/cop-fisp-6.jpg\" rel=\"lightbox[12309]\"><img loading=\"lazy\" class=\"alignright size-full wp-image-12310\" src=\"http:\/\/semndecarte.metarsis.ro\/wp-content\/uploads\/2019\/10\/cop-fisp-6.jpg\" alt=\"cop fisp 6\" width=\"520\" height=\"329\" srcset=\"https:\/\/semndecarte.metarsis.ro\/wp-content\/uploads\/2019\/10\/cop-fisp-6.jpg 520w, https:\/\/semndecarte.metarsis.ro\/wp-content\/uploads\/2019\/10\/cop-fisp-6-160x101.jpg 160w, https:\/\/semndecarte.metarsis.ro\/wp-content\/uploads\/2019\/10\/cop-fisp-6-163x103.jpg 163w\" sizes=\"(max-width: 520px) 100vw, 520px\" \/><\/a><\/h2>\n<h1>Motto:<\/h1>\n<p><strong>\u201e <\/strong>\u00cen Re\u0219i\u021ba se nasc ceremonii\/ De pe B\u00eerzava, dealuri-ve\u0219nicii.\/ La Re\u0219i\u021ba d\u0103 floarea vie\u021bii-n spic\/ Precum izvoarele \u00een Mun\u021bii Semenic.\u201d\u00a0 Octavian DOCLIN, Imnul Re\u0219i\u021bei<\/p>\n<p><strong>Festivalul Interna\u0163ional SABIN PAUTZA<\/strong><strong>\u00a0<\/strong>(FISP) este un proiect\u00a0<strong>METARSIS<\/strong><strong>\u00a0<\/strong>ini\u0163iat din pre\u0163uire fa\u0163\u0103 de una dintre valorile de necontestat ale Banatului Montan &#8211; \u015fi nu numai &#8211; compozitorul \u015fi dirijorul Sabin PAUTZA \u015fi din respect pentru muzica de calitate, muzic\u0103 studiat\u0103 \u00een ani de zile. Concretizat prin efortul unit al iubitorilor de muzic\u0103 adev\u0103rat\u0103, FISP, edi\u0163ia a VI-a, se desf\u0103\u015foar\u0103 la Re\u015fi\u0163a \u00een dou\u0103 etape: perioadele 15-17 mai \u0219i 24-27 octombrie 2019. Evenimentul cuprinde: expozi\u0163ii, concerte, recitaluri \u015fi Concursul de Interpretare Pianistic\u0103 \u015fi Compozi\u0163ie SABIN PAUTZA dup\u0103 urmatorul program:<!--more--><\/p>\n<p>Joi, 24 octombrie 2019, ora 19:00. Palatul Cultural Re\u0219i\u021ba<\/p>\n<p><strong>Sabin PAUTZA\u00a0 \u201d Dragu\u2019 mi-i c\u0103-s b\u0103n\u0103\u021bean\u201d<\/strong><\/p>\n<p>Spectacol folcloric <strong>Ansamblul de C\u00e2ntece \u0219i Dansuri \u201dRe\u0219i\u021beana\u201d al \u0218colii de Arte \u201dIon Rom\u00e2nu\u201d, Re\u0219i\u021ba<\/strong> Conducerea muzical\u0103: prof. Ionel BON\u021aU. Coregrafia: Ni\u021bu MOICA<\/p>\n<p>Soli\u0219ti vocali: <strong>Consuela GRIGORIU \u0219i Maria CSYCSY<\/strong><\/p>\n<p>Soli\u0219ti instrumenti\u0219ti: <strong>L\u0103z\u0103ric\u0103 CEGA-Saxofo, Constantin MOISE-saxofon<\/strong><\/p>\n<p>Invita\u021bi speciali: <strong>Jozsef RACZ- clarinet (Cluj Napoca), Gelu DR\u0102GOIU- acordeon (Cluj Napoca)<\/strong><\/p>\n<p>Vineri, 25 octombrie 2019, ora 11:00, Aula Magna, Universitatea \u201dEftimie MURGU\u201d Re\u0219i\u021ba<\/p>\n<p>Concert coral-cameral: \u00a0<strong>SABIN PAUTZA \u0218I COPIII<\/strong><\/p>\n<p><strong>Corul ALLEGRETTO<\/strong> al Liceului de Arte \u201dSabin P\u0102U\u021aA\u201d\u00a0 Re\u0219i\u021ba, dirijor: Emanuela MOLDOVAN, corepetitor: Cristian RO\u0218OAG\u0102<\/p>\n<p><strong>Corul ARMONIA<\/strong> al Liceului de Arte \u201dSabin P\u0102U\u021aA\u201d\u00a0 Re\u0219i\u021ba, dirijor: Ema MOLDOVAN, corepetitor: Cristian RO\u0218OAG\u0102<\/p>\n<p><strong>Corul STELU\u021aE<\/strong> al \u0218colii Gimnaziale 2 Re\u0219i\u021ba, dirijor: Mariana BREBENARIU<\/p>\n<p><strong>Darius Alex GRUI\u021a\u0102<\/strong>, Liceul de Arte \u201dSabin P\u0102U\u021aA\u201d\u00a0 Re\u0219i\u021ba, canto, clasa prof. Cornelia BALOGH-REMELEI,\u00a0 la pian: Lorand BALOGH-REMELEI<\/p>\n<p><strong>Antonia FRAN\u021a<\/strong>, Liceul de Arte \u201dSabin P\u0102U\u021aA\u201d\u00a0 Re\u0219i\u021ba, canto, clasa prof. Cornelia BALOGH-REMELEI, la pian: Lorand BALOGH-REMELEI<\/p>\n<p><strong>Rare\u0219 Fabian LUP\u0218A<\/strong>&#8211; violoncel, \u00a0Liceul de Arte \u201dSabin P\u0102U\u021aA\u201d\u00a0 Re\u0219i\u021ba, clasa prof. Diana Florica SZUIOGAN, la pian: Cristian RO\u0218OAG\u0102<\/p>\n<p><strong>Evelina Maria VOICU<\/strong>-violoncel<strong>,\u00a0 <\/strong>\u00a0Liceul de Arte \u201dSabin P\u0102U\u021aA\u201d\u00a0 Re\u0219i\u021ba, clasa prof. Diana Florica SZUIOGAN, la pian: Cristian RO\u0218OAG\u0102<\/p>\n<p><strong>Ana Maria MOLDOVAN<\/strong>&#8211; violoncel, \u00a0Liceul de Arte \u201dSabin P\u0102U\u021aA\u201d\u00a0 Re\u0219i\u021ba, clasa prof. Diana Florica SZUIOGAN, la pian: Cristian RO\u0218OAG\u0102<\/p>\n<p><strong>Trio violoncel: Evelina Maria VOICU, Ana Maria MOLDOVAN, Rare\u0219 Fabian LUP\u0218A<\/strong>, Liceul de Arte \u201dSabin P\u0102U\u021aA\u201d\u00a0 Re\u0219i\u021ba, clasa prof. Diana Florica SZUIOGAN, la pian: Cristian RO\u0218OAG\u0102<\/p>\n<p><strong>Duet: Evelina Maria VOICU, violoncel, Andrei KIESZVIMMER, pian,<\/strong> Liceul de Arte \u201dSabin P\u0102U\u021aA\u201d\u00a0 Re\u0219i\u021ba, violoncel, clasa prof. Diana Florica SZUIOGAN \u0219i clasa prof. Nicoleta GAROIU<\/p>\n<p>Vineri, 25 octombrie 2019, ora 19:00, Sala LIRA, Liceul de Arte \u201dSabin P\u0102U\u021aA\u201d Re\u0219i\u021ba<\/p>\n<p>Vernisaj expozi\u021bie: <strong>\u201dGeorge ENESCU- via\u021ba \u00een imagini\u201d, Muzeului Na\u021bional George ENESCU, Bucure\u0219ti<\/strong> realizator : muzeograf dr. Adina SIBIANU, grafica: Horia NI\u021aU<\/p>\n<p>Prezint\u0103: <strong>muzeograf dr. Irina NI\u021aU, MNGE, Bucure\u0219ti<\/strong><\/p>\n<p>Vineri, 25 octombrie 2019, ora 19:00, Sala LIRA, Liceul de Arte \u201dSabin P\u0102U\u021aA\u201d Re\u0219i\u021ba<\/p>\n<p><strong>Recital extraordinar: M\u0103dalina SLAV- pian, Elve\u021bia<\/strong><\/p>\n<p>S\u00e2mb\u0103t\u0103, 26 octombrie 2019, ora 10:00- 13:00; 15:00- 17:00, \u00a0Sala LIRA, Liceul de Arte \u201dSabin P\u0102U\u021aA\u201d Re\u0219i\u021ba<\/p>\n<p><strong>Concurs de Interpretare Pianistic\u0103 \u0219i Compozi\u021bie \u00een cadrul FISP VI<\/strong><\/p>\n<p><strong>Prezentarea juriului FISP VI:<\/strong><\/p>\n<p>\uf0af\u00a0\u00a0\u00a0\u00a0\u00a0\u00a0\u00a0\u00a0\u00a0 prof. univ. dr. <strong>Sabin PAUTZA<\/strong> \u2013 Pre\u0219edinte onorific, compozitor, dirijor<\/p>\n<p>\uf0af\u00a0\u00a0\u00a0\u00a0\u00a0\u00a0\u00a0\u00a0\u00a0 muzicolog dr. <strong>Irina NI\u021aU<\/strong>&#8211; muzeograf, Muzeul Na\u021bional George ENESCU, Bucure\u0219ti<\/p>\n<p>\uf0af\u00a0\u00a0\u00a0\u00a0\u00a0\u00a0\u00a0\u00a0\u00a0 prof. <strong>Ionu\u021b HERGANE<\/strong> \u2013 Musikschulle Lahr Germania, pianist concertist<\/p>\n<p>\uf0af\u00a0\u00a0\u00a0\u00a0\u00a0\u00a0\u00a0\u00a0\u00a0 <strong>M\u0103d\u0103lina SLAV<\/strong> \u2013 Elve\u021bia, pianist concertist<\/p>\n<p>\uf0af\u00a0\u00a0\u00a0\u00a0\u00a0\u00a0\u00a0\u00a0\u00a0 prof.<strong> Adrian ROIBAN<\/strong> &#8211; Inspectoratul Jude\u021bean \u0218colar Cara\u0219-Severin, inspector specialitate arte.<\/p>\n<p>S\u00e2mb\u0103t\u0103, 26 octombrie 2019, ora 19:00, Sala LIRA, Liceul de Arte \u201dSabin P\u0102U\u021aA\u201d Re\u0219i\u021ba<\/p>\n<p><strong>Recital extraordinar:\u00a0 Alexandru Ionu\u021b HERGANE- pian, Germania<\/strong><\/p>\n<p>Duminic\u0103, 27 octombrie 2019, ora \u00a009:00- 13:00, Sala LIRA, Liceul de Arte \u201dSabin P\u0102U\u021aA\u201d Re\u0219i\u021ba<\/p>\n<p><strong>Concurs de Interpretare Pianistic\u0103 \u0219i Compozi\u021bie \u00een cadrul FISP VI<\/strong><\/p>\n<p>Duminic\u0103, 27 octombrie 2019, ora 18:00, Sala LIRA, Liceul de Arte \u201dSabin P\u0102U\u021aA\u201d Re\u0219i\u021ba<\/p>\n<p><strong>Gala laurea\u021bilor:<\/strong><\/p>\n<p><strong>Concursul \u00a0Interna\u021bional de Interpretare Pianistic\u0103 \u0219i Compozi\u021bie SABIN PAUTZA, 2019<\/strong><\/p>\n<p><strong>Filarmonica de Stat din Arad<\/strong><\/p>\n<p><strong>Dirijor:Sabin PAUTZA<\/strong><\/p>\n<p><strong>Solist: Thomas Eusebiu FLOREA- Marele Premiu FISP, 2018<\/strong><\/p>\n<p><strong>\u00cenchierea edi\u021biei a VI-a a FISP<\/strong><\/p>\n<p><strong>Concert coral-simfonic: <\/strong><\/p>\n<p><strong>Corul Academic \u0219i Orchestra Filarmonic\u0103 de Stat din Arad<\/strong><\/p>\n<p><strong>dirijor: Sabin PAUTZA<\/strong><\/p>\n<p><strong>Lansarea oficial\u0103: IMNUL RE\u0218I\u021aEI, muzica Sabin PAUTZA, versuri: Octavian DOCLIN<\/strong><\/p>\n<p><strong>Interpreteaz\u0103: Corul Academic Arad- dirijor Robert Daniel R\u0102DOIA\u0218, Corurile reunite ale Liceului de Arte \u201d Sabin P\u0102U\u021aA\u201d- dirijor Emanuela MOLDOVAN , Orchestra Filarmonica Arad. <\/strong><\/p>\n<p><strong>dirijor: Sabin PAUTZA<\/strong><\/p>\n<p>\u201eImnul Re\u0219i\u021bei\u201d este o expresie a vitalit\u0103\u021bii artistice a celor doi autori, Octavian DOCLIN (versuri), Sabin PAUTZA (muzica), \u0219i a nesf\u00e2r\u0219itei lor iubiri fa\u021b\u0103 de Cetatea de Inimi \u0219i de Foc.<\/p>\n<p><strong>IMNUL RE\u0218I\u021aEI<\/strong><\/p>\n<p>Muzica: Sabin PAUTZA , Versuri: Octavian DOCLIN<\/p>\n<p>&nbsp;<\/p>\n<p>I.<\/p>\n<p>Ora\u0219ul n-are ziduri de cetate<\/p>\n<p>\u0218i nici istorii milenare-n date,<\/p>\n<p>Dar flac\u0103ra ce-n inima lui bate<\/p>\n<p>E-un diamant cu sute de carate.<\/p>\n<p>&nbsp;<\/p>\n<p>II.<\/p>\n<p>O slov\u0103-n foc acum e f\u0103urit\u0103<\/p>\n<p>Cu pana, cu penelul \u0219i cu jocul,<\/p>\n<p>F\u00eent\u00eena lui la ceruri se ridic\u0103<\/p>\n<p>\u0218i-n ochii de copii cite\u0219ti norocul.<\/p>\n<p>Refren 1:<\/p>\n<p>\u00cen Re\u0219i\u021ba se nasc ceremonii,<\/p>\n<p>De pe B\u00eerzava, dealuri-ve\u0219nicii.<\/p>\n<p>La Re\u0219i\u021ba tr\u0103ie\u0219ti mai mult, \u00ee\u021bi zic,<\/p>\n<p>Precum z\u0103pezile \u00een Mun\u021bii Semenic.<\/p>\n<p>III.<\/p>\n<p>Pe soclu st\u0103 locomotiva\u00a0 UNU<\/p>\n<p>\u0218i-n Turnul Vechi mai fierbe azi o\u021belul,<\/p>\n<p>Prin c\u00eentec \u0219i-armonii durat-am drumul,<\/p>\n<p>La t\u00eempl\u0103-\u0219i poart\u0103-ora\u0219ul\u00a0 ghiocelul.<\/p>\n<p>&nbsp;<\/p>\n<p>IV.<\/p>\n<p>Cu \u201eCIOCOLOM\u201d \u0219i cu un \u201eBUN SOSIT\u201d<\/p>\n<p>Cu \u201eGUTENTAG\u201d \u0219i s\u00eerbul \u201eDOBARDAN!<\/p>\n<p>Te-nt\u00eempin\u0103 ora\u0219ul, de-ai venit<\/p>\n<p>S\u0103 legi cu el noi v\u00e2rste, an de an.<\/p>\n<p>&nbsp;<\/p>\n<p>Refren 2:<\/p>\n<p>\u00cen Re\u0219i\u021ba se nasc ceremonii,<\/p>\n<p>De pe B\u00eerzava, dealuri-ve\u0219nicii.<\/p>\n<p>La Re\u0219i\u021ba d\u0103 floarea vie\u021bii-n spic<\/p>\n<p>Precum izvoarele \u00een Mun\u021bii Semenic.<\/p>\n<p>&nbsp;<\/p>\n<p>Not\u0103: Se \u00een\u021belege, fire\u0219te, c\u0103 expresiile notate cu ghilimele \u2013 strofa a IV-a, versul al II-lea \u2013 reproduc pronun\u021bia \u00een limba rom\u00e2n\u0103 a cuvintelor de salut din limbile respective (german\u0103, maghiar\u0103, s\u00eerb\u0103) , (rev\u0103zut\u00a0 de autor, mai\u00a0 2019, Re\u0219i\u021ba)<\/p>\n<p>&nbsp;<\/p>\n<p><strong>Regulamentul concursului:<\/strong><\/p>\n<p><strong>FESTIVALUL INTERNA\u021aIONAL <em>SABIN PAUTZA<\/em><\/strong><\/p>\n<p><strong>CONCURSUL INTERNA\u021aIONAL DE INTERPRETARE PIANISTIC\u0102 \u0218I COMPOZI\u021aIE<em>SABIN PAUTZA<\/em><\/strong><\/p>\n<p><strong>Edi\u021bia a VI-a, Re\u0219i\u021ba, 25-27 octombrie 2019<\/strong><strong>\u00a0<\/strong><\/p>\n<p><strong>FESTIVALUL INTERNA\u021aIONAL <em>SABIN PAUTZA<\/em> \u2013 edi\u021bia a VI-a <\/strong>seva desf\u0103\u0219ura la Re\u0219i\u021ba, \u00een perioada 25-27 octombrie \u00a02019, \u00een semn de pre\u021buire fa\u021b\u0103 de una dintre valorile de necontestat ale Banatului Montan, ale Rom\u00e2niei \u0219i ale lumii &#8211; maestrul Sabin PAUTZA, compozitor, dirijor \u0219i profesor, cu o carier\u0103 str\u0103lucit\u0103 \u00een \u021bar\u0103 \u0219i \u00een str\u0103in\u0103tate.<\/p>\n<p>&nbsp;<\/p>\n<p><strong><u>REGULAMENT<\/u><\/strong><strong><u>\u00a0<\/u><\/strong><\/p>\n<ol>\n<li><strong>CONDI\u021aII DE \u00ceNSCRIERE<\/strong><strong>\u00a0<\/strong><\/li>\n<\/ol>\n<ul>\n<li>Concursul are trei sec\u021biuni \u0219i urm\u0103toarele categorii de v\u00e2rst\u0103:<u>\u00a0<\/u><\/li>\n<\/ul>\n<p><strong><u>SEC\u021aIUNEA PIAN<\/u><\/strong><strong><u>\u00a0<\/u><\/strong><\/p>\n<ul>\n<li>Concursul este deschis tinerilor piani\u0219ti n\u0103scu\u021bi dup\u0103 data de 25 octombrie 1993.<\/li>\n<\/ul>\n<p>Alegerea categoriei se face \u00een func\u021bie de v\u00e2rsta \u00eemplinit\u0103 p\u00e2n\u0103 la data \u00eenceperii concursului (25 octombrie 2019). Concuren\u021bii pot opta pentru \u00eenscrierea la o categorie de v\u00e2rst\u0103 superioar\u0103.<strong>\u00a0<\/strong><\/p>\n<p><strong>Categoria A <\/strong>:p\u00e2n\u0103 la 10 ani<\/p>\n<p><strong>Categoria B<\/strong>: \u00eentre 10 \u0219i 14 ani<\/p>\n<p><strong>Categoria C<\/strong>: \u00eentre 14 \u0219i 18 ani<\/p>\n<p><strong>Categoria D<\/strong>: p\u00e2n\u0103 la 26 ani<\/p>\n<p><strong><u>SEC\u021aIUNEA PIAN LA PATRU M\u00c2INI<\/u><\/strong><\/p>\n<p><strong>Categoria E<\/strong>: \u00eentre 10 \u0219i 16 ani<\/p>\n<p><strong>Categoria F<\/strong>: \u00eentre 16 \u0219i 26 ani<\/p>\n<p><strong><u>SEC\u021aIUNEA COMPOZI\u021aIE<\/u><\/strong><strong><u>\u00a0<\/u><\/strong><\/p>\n<p><strong>Categoria G<\/strong>: f\u0103r\u0103 limit\u0103 de v\u00e2rst\u0103<\/p>\n<ul>\n<li>\u00censcrierea \u00een concurs se va face p\u00e2n\u0103 la data de <strong>20 octombrie 2019<\/strong> (inclusiv) pe adresa de email<strong>contact@metarsis.ro<\/strong>, pe baza urm\u0103toarelor documente:<\/li>\n<\/ul>\n<ul>\n<li>Copie a certificatului de na\u015ftere\/c\u0103r\u0163ii de identitate\/pa\u015faportului.<\/li>\n<li>Formularul de \u00eenscriere completat.<\/li>\n<li>Confirmarea achit\u0103rii taxei de participare.<\/li>\n<\/ul>\n<p>Semnarea formularului de \u00eenscriere \u00een concurs oblig\u0103 pe fiecare candidat s\u0103 accepte prevederile actualului regulament.<\/p>\n<p>Informa\u021bii suplimentare:<\/p>\n<p><strong>Camelia Duca<\/strong>: tel. 0734.749.383<\/p>\n<p><strong>Lucian Duca: <\/strong>tel. 0727.577.287<\/p>\n<p>e-mail: <a href=\"mailto:contact@metarsis.ro\">contact@metarsis.ro<\/a><\/p>\n<ol start=\"2\">\n<li><strong>TAXA DE PARTICIPARE:<\/strong><strong>\u00a0<\/strong><\/li>\n<\/ol>\n<ul>\n<li><strong>Taxa de participare<\/strong> este 100 lei \u0219i se achit\u0103 la:<\/li>\n<\/ul>\n<p>Banca: Raiffeisen Bank<\/p>\n<p>Beneficiar Cont: Societatea pentru Cultur\u0103 Metarsis<\/p>\n<p>IBAN: RO81RZBR0000060015027436 deschis la filiala Raiffeisen Bank din Re\u0219i\u021ba, p\u00e2n\u0103 la data de <strong>22 octombrie 2019 <\/strong>(inclusiv), cu men\u021biunea: <strong>pentru CONCURSUL INTERNA\u021aIONAL <em>SABIN PAUTZA<\/em><\/strong>,<strong> sec\u021biunea pian, pian la patru m\u00e2ini sau compozi\u021bie.<\/strong><strong>\u00a0<\/strong><\/p>\n<ol start=\"3\">\n<li><strong>CONDI\u021aII DE PARTICIPARE:<\/strong><\/li>\n<\/ol>\n<ul>\n<li>Repertoriul va fi interpretat integral din memorie, cu excep\u021bia lucr\u0103rilor impuse semnate Sabin PAUTZA.<\/li>\n<li>Program\u0103rile \u00een concurs se vor afi\u0219a pe site-ul Societ\u0103\u021bii pentru Cultur\u0103 Metarsis, \u00een data de 23 octombrie<\/li>\n<li>Toate rezultatele vor fi postate pe pagina de internet a Societ\u0103\u021bii pentru Cultur\u0103 Metarsis.<\/li>\n<li>Costurile de transport, cazare \u0219i mas\u0103 revinconcurentului.<\/li>\n<li>Concuren\u021bii accept\u0103 f\u0103r\u0103 remunerare eventualele \u00eenregistr\u0103ri \u0219i transmisii Radio\/TV.<\/li>\n<li>Premiile sunt anun\u021bate \u00een Gala laurea\u021bilor. Pentru ridicarea premiilor (diplom\u0103 \u0219i bani) este obligatorie prezen\u021ba concuren\u021bilor \u00een Gala laurea\u021bilor. \u00cen cazul neprezent\u0103rii, premiul (diplom\u0103 \u0219i bani) nu se decerneaz\u0103.<\/li>\n<\/ul>\n<ol>\n<li><strong>PROGRAM DE CONCURS:<\/strong><strong><u>\u00a0<\/u><\/strong><\/li>\n<\/ol>\n<p><strong><u>SEC\u021aIUNEA PIAN<\/u><\/strong><strong><u>\u00a0<\/u><\/strong><\/p>\n<p><strong>Categoria A<\/strong><\/p>\n<p>Lucrare impus\u0103: Sabin PAUTZA &#8211;<em>C\u0103lu\u0219arul b\u0103n\u0103\u021bean<\/em><\/p>\n<p>Pies\u0103 la alegere din repertoriulbaroc, clasic sau romantic;\u00a0Minutaj: max. 10 min.<strong>\u00a0<\/strong><\/p>\n<p><strong>Categoria B<\/strong><\/p>\n<p>Lucrare impus\u0103: Sabin PAUTZA &#8211;<em>Interludium <\/em><\/p>\n<p>2 piese diferite ca stil, gen, form\u0103, caracter; Minutaj: max 15 min.<\/p>\n<p><strong>Categoria C<\/strong><\/p>\n<p>Lucrare impus\u0103: Sabin PAUTZA &#8211;<em>Bossa Nova <\/em>nr.1, 2 sau 3<\/p>\n<p>O parte de sonat\u0103 clasic\u0103 (Joseph HAYDN, Wolfgang Amadeus MOZART, Ludwig van BEETHOVEN)<\/p>\n<p>O lucrare romantic\u0103, modern\u0103 sau contemporan\u0103 (la alegere); Minutaj: max. 40 min.<\/p>\n<p><strong>Categoria D<\/strong><strong>\u00a0<\/strong><\/p>\n<p><u>Etapa I:<\/u><\/p>\n<p>Unstudiu la alegerea candidatului (Fr\u00e9d\u00e9ric CHOPIN, Claude DEBUSSY, Franz LISZT,Alexandr SCRIABIN, Serghei RACHMANINOV)<\/p>\n<p>Johann Sebastian BACH &#8211;<em>Preludiu \u0219i Fug\u0103<\/em> din <em>Clavecinul bine temperat<\/em><\/p>\n<p>Sabin PAUTZA &#8211; <em>Estratto<\/em> sau<em>Bossa Nova<\/em> nr.1, 2 sau 3<\/p>\n<p><u>Etapa a II-a\u00a0\u00a0<\/u><u>\u00a0<\/u><\/p>\n<p>O sonat\u0103 clasic\u0103(Joseph HAYDN, Wolfgang Amadeus MOZART, Ludwig van BEETHOVEN)<\/p>\n<p>O lucrare romantic\u0103, modern\u0103 sau contemporan\u0103* (la alegere)<\/p>\n<p>*(candida\u021bii vor prezenta juriului o copie);\u00a0Minutaj: max. 50 min.<\/p>\n<p><u>Etapa a III-a<\/u><u>\u00a0<\/u><\/p>\n<p>Concert pentru pian \u0219i orchestr\u0103 &#8211; Joseph HAYDN, Wolfgang Amadeus MOZART, Ludwig van BEETHOVEN (nr.1-4), Felix MENDELSSOHN-BARTHOLDY (op.25, nr.1)<\/p>\n<p>Juriul poate decide dac\u0103 concuren\u021bii vor interpreta o parte, dou\u0103 sau integral concertul.<\/p>\n<p><strong><u>SEC\u021aIUNEA PIAN LA PATRU M\u00c2INI<\/u><\/strong><\/p>\n<p><strong>Categoria E<\/strong>:<\/p>\n<p>Lucrare impus\u0103: Sabin PAUTZA &#8211; <em>Joc de doi din Banat<\/em><\/p>\n<p>O lucrare la alegere (clasic, romantic, secol XX); Minutaj: max. 10 min.<\/p>\n<p><strong>Categoria F<\/strong>:<\/p>\n<p>Lucrare impus\u0103:Sabin PAUTZA &#8211;<em>Charleston<\/em> (Divertimento nr. 3)<\/p>\n<p>O lucrare la alegere (clasic, romantic, secol XX);\u00a0Minutaj: max. 20 min.<\/p>\n<p><strong><u>Lucr\u0103ri impuse:<\/u><\/strong><strong>\u00a0<\/strong><\/p>\n<p>Bossa Nova #3<\/p>\n<p><a href=\"http:\/\/metarsis.ro\/transfer\/Partituri%20FISP\/Bossa%20Nova%20nr.3%20-%20Sabin%20Pautza.pdf\">http:\/\/metarsis.ro\/transfer\/Partituri%20FISP\/Bossa%20Nova%20nr.3%20-%20Sabin%20Pautza.pdf<\/a><\/p>\n<p>Calusarul banatean<\/p>\n<p><a href=\"http:\/\/metarsis.ro\/transfer\/Partituri%20FISP\/Calusarul%20Banatean-Sabin%20Pautza.pdf\">http:\/\/metarsis.ro\/transfer\/Partituri%20FISP\/Calusarul%20Banatean-Sabin%20Pautza.pdf<\/a><\/p>\n<p>Divertimento nr.3\/ 3 Charleston \u2013 4 maini<\/p>\n<p><a href=\"http:\/\/metarsis.ro\/transfer\/Partituri%20FISP\/Charleston%20-%20Divertimento%20no.3%20%20Sabin%20Pautza.pdf\">http:\/\/metarsis.ro\/transfer\/Partituri%20FISP\/Charleston%20-%20Divertimento%20no.3%20%20Sabin%20Pautza.pdf<\/a><\/p>\n<p>Interludium<\/p>\n<p><a href=\"http:\/\/metarsis.ro\/transfer\/Partituri%20FISP\/Interludium-Sabin%20Pautza.pdf\">http:\/\/metarsis.ro\/transfer\/Partituri%20FISP\/Interludium-Sabin%20Pautza.pdf<\/a><\/p>\n<p>Joc de doi, din Banat<\/p>\n<p><a href=\"http:\/\/metarsis.ro\/transfer\/Partituri%20FISP\/Joc%20de%20doi%20din%20Banat%20-%20Sabin%20Pautza.pdf\">http:\/\/metarsis.ro\/transfer\/Partituri%20FISP\/Joc%20de%20doi%20din%20Banat%20-%20Sabin%20Pautza.pdf<\/a><\/p>\n<p>Scherzo<\/p>\n<p><a href=\"http:\/\/metarsis.ro\/transfer\/Partituri%20FISP\/Scherzo%20-%20Sabin%20Pautza.pdf\">http:\/\/metarsis.ro\/transfer\/Partituri%20FISP\/Scherzo%20-%20Sabin%20Pautza.pdf<\/a><strong><u>\u00a0<\/u><\/strong><\/p>\n<p><strong><u>SEC\u021aIUNEA COMPOZI\u021aIE<\/u><\/strong><\/p>\n<p><strong>Categoria G<\/strong>:<\/p>\n<p>O lucrare de 5-10 minute \u2013 partitur\u0103 \u0219i \u00eenregistrare (audio sau video) trimise prin po\u0219t\u0103, pe adresa Societ\u0103\u021bii pentru Cultur\u0103 METARSIS (Re\u0219i\u021ba, strada Libert\u0103\u021bii nr. 13, cod postal 320051), p\u00e2n\u0103 la data de <strong>20 octombrie 2019<\/strong>.<\/p>\n<p><strong>JURIUL:<\/strong><strong>\u00a0<\/strong><\/p>\n<ul>\n<li><strong> univ. dr. Sabin PAUTZA<\/strong> \u2013 Pre\u0219edinte onorific, compozitor, dirijor<\/li>\n<li><strong>Muzicolog dr, Irina NI\u021aU- <\/strong>muzeograf, Muzeul Na\u021bional George ENESCU, Bucure\u0219ti<\/li>\n<li><strong>Prof<\/strong>.<strong>Ionu\u021b HERGANE<\/strong> \u2013 Musikschulle Lahr Germania, pianist concertist<\/li>\n<li><strong>M\u0103d\u0103lina SLAV<\/strong> \u2013 Elve\u021bia,, pianist concertist<\/li>\n<li><strong> Adrian ROIBAN <\/strong>&#8211; Inspectoratul Jude\u021bean \u0218colar Cara\u0219-Severin, inspector specialitate arte.<\/li>\n<\/ul>\n<p>Criteriile de jurizare sunt urm\u0103toarele: acurate\u021bea \u0219i fidelitatea textului muzical, execu\u021bia tehnic\u0103 \u0219i artistic\u0103, diferen\u021bierea stilistic\u0103, adecvarea repertoriului la posibilit\u0103\u021bile interpretative ale concurentului. Premiile vor fi acordate \u00een exclusivitate de c\u0103tre juriu, deciziile sale fiind unice \u0219i definitive.<strong>\u00a0<\/strong><\/p>\n<ol start=\"6\">\n<li><strong> PREMII<\/strong><\/li>\n<\/ol>\n<p>Se vor acorda premii pentru fiecare categorie s\u0327i premii speciale.<\/p>\n<p>Valoarea premiilor pentru fiecare sec\u021biune este:<\/p>\n<p><strong>Premiul I<\/strong>\u00a0\u00a0\u00a0\u00a0\u00a0\u00a0\u00a0\u00a0 800 lei<\/p>\n<p><strong>Premiul II<\/strong>\u00a0\u00a0\u00a0\u00a0\u00a0\u00a0 500 lei<\/p>\n<p><strong>Premiul III <\/strong>\u00a0\u00a0\u00a0\u00a0 200lei<br \/>\n<strong>Men\u021biune<\/strong>\u00a0\u00a0\u00a0\u00a0\u00a0\u00a0\u00a0\u00a0 Diplom\u0103<\/p>\n<p>Valoarea premiilor speciale este:<\/p>\n<p><strong>Premiul de Excelen\u021b\u0103<\/strong> \u2013 200 lei (se acord\u0103 profesorului cu cei mai mul\u021bi elevi premia\u021bi \u00een concurs)<\/p>\n<p><strong>MARELE PREMIU \u0218I MEDALIA FISP 2019<\/strong>&#8211; 2000 lei<\/p>\n<p><strong>Organizator:<\/strong><\/p>\n<p>Societatea pentru Cultur\u0103 METARSIS &#8211; activit\u0103\u021bi \u0219i servicii de cultur\u0103 urban\u0103 \u0219i art\u0103 contemporan\u0103.<\/p>\n<p><strong>Parteneri:<\/strong><\/p>\n<p>Consiliului Jude\u021bean Cara\u0219-Severin, Prim\u0103ria Re\u0219i\u021ba, Consiliul Local Re\u0219i\u021ba, Inspectoratul \u0218colar Cara\u0219-Severin, Universitatea Eftimie Murgu Re\u0219i\u021ba, Liceul de Art\u0103 Sabin Pautza Re\u0219i\u021ba, Forumul Democratic al Germanilor din Banatul Montan, Club Rotary Re\u0219i\u021ba, Rotary Comunnity Corps Resita, Lions Club Re\u0219i\u021ba, \u015ecoala Popular\u0103 de Arte \u015fi Meserii\u00a0<em>Ion Rom\u00e2nu<\/em>\u00a0Re\u015fi\u0163a, Muzeul Na\u021bional <em>George Enescu<\/em> Bucure\u0219ti, Libr\u0103ria <em>Semn de Carte<\/em> Re\u0219i\u021ba<\/p>\n<p><strong>Parteneri media:<\/strong><\/p>\n<p>Banat TV, Banat FM, Radio Rom\u00e2nia Re\u0219i\u021ba,Radio Rom\u00e2nia Timi\u0219oara, \u00a0Jurnal de Cara\u0219- Severin, Argument CS, Reper 24, Express de Banat, UZP Romania<\/p>\n<p><strong>Servicii profesionale:<\/strong><\/p>\n<p>.Servicii profesionale oferite de PIPERIU ARTE.EU, Germania<\/p>\n<p><strong>Director FISP 2019<\/strong><\/p>\n<p>Lucian DUCA,\u00a0pre\u0219edinte executiv &#8211;\u00a0Societatea pentru Cultur\u0103 METARSIS<\/p>\n<p>&nbsp;<\/p>\n<p><strong>CONCURSUL INTERNA\u021aIONAL DE INTERPRETARE PIANISTIC\u0102 \u0218I COMPOZI\u021aIE <em>SABIN PAUTZA<\/em><\/strong><\/p>\n<p><strong>Edi\u021bia a VI-a<\/strong><\/p>\n<p>Re\u0219i\u021ba, 25-27 octombrie \u00a02019<\/p>\n<p>FORMULAR DE \u00ceNSCRIERE<\/p>\n<p><strong>Nume \u0219i prenume<\/strong>:_______________________________________<\/p>\n<p><strong>Unitatea de \u00eenv\u0103\u021b\u0103m\u00e2nt<\/strong> (adres\u0103\/tel\/fax\/e-mail):_______________<\/p>\n<p><strong>_______________________________________________________<\/strong><\/p>\n<p><u>_______________________________________________________<\/u><\/p>\n<p><strong>Data na\u0219terii<\/strong>:<u>___________________________________________<\/u><\/p>\n<p><strong>Categoria<\/strong>:______________________________________________<\/p>\n<p><strong>Profesor<\/strong>: \u00ad\u00ad\u00ad\u00ad\u00ad\u00ad\u00ad\u00ad\u00ad\u00ad\u00ad\u00ad\u00ad\u00ad\u00ad\u00ad\u00ad\u00ad\u00ad\u00ad\u00ad\u00ad\u00ad\u00ad\u00ad\u00ad\u00ad\u00ad\u00ad\u00ad\u00ad\u00ad\u00ad\u00ad\u00ad______________________________________________<\/p>\n<p><strong>Telefon, e-mail<\/strong>:_________________________________________<u>\u00a0<\/u><\/p>\n<p>&nbsp;<\/p>\n<p><strong>REPERTORIUL DE CONCURS <\/strong>(compozitor \/ titlu \/ durata)*<\/p>\n<p><u>\u00a0Etapa I\u00a0\u00a0\u00a0\u00a0\u00a0\u00a0\u00a0\u00a0\u00a0\u00a0\u00a0\u00a0\u00a0\u00a0\u00a0\u00a0\u00a0\u00a0\u00a0\u00a0\u00a0\u00a0\u00a0\u00a0\u00a0\u00a0\u00a0\u00a0\u00a0\u00a0\u00a0\u00a0\u00a0\u00a0\u00a0\u00a0\u00a0\u00a0\u00a0\u00a0\u00a0\u00a0\u00a0\u00a0\u00a0\u00a0\u00a0\u00a0\u00a0\u00a0\u00a0\u00a0\u00a0\u00a0\u00a0\u00a0\u00a0\u00a0\u00a0\u00a0\u00a0\u00a0\u00a0\u00a0\u00a0\u00a0\u00a0\u00a0\u00a0\u00a0 _____________\u00a0\u00a0\u00a0\u00a0\u00a0\u00a0\u00a0\u00a0\u00a0\u00a0\u00a0 _________________________________________________<br \/>\n_______________________________________________________<\/u><\/p>\n<p><u>_______________________________________________________<\/u><\/p>\n<p><u>Etapa a II-a\u00a0\u00a0\u00a0\u00a0\u00a0\u00a0\u00a0\u00a0\u00a0\u00a0\u00a0\u00a0\u00a0\u00a0\u00a0\u00a0\u00a0\u00a0\u00a0\u00a0\u00a0\u00a0\u00a0\u00a0\u00a0\u00a0\u00a0\u00a0\u00a0\u00a0\u00a0\u00a0\u00a0\u00a0\u00a0\u00a0\u00a0\u00a0\u00a0\u00a0\u00a0\u00a0\u00a0\u00a0\u00a0\u00a0\u00a0\u00a0\u00a0\u00a0\u00a0\u00a0\u00a0\u00a0\u00a0\u00a0\u00a0\u00a0\u00a0\u00a0\u00a0\u00a0\u00a0\u00a0\u00a0\u00a0\u00a0\u00a0\u00a0\u00a0\u00a0\u00a0\u00a0\u00a0\u00a0\u00a0 _______\u00a0\u00a0\u00a0\u00a0\u00a0\u00a0\u00a0\u00a0\u00a0\u00a0\u00a0 _________________________________________________<\/u><\/p>\n<p><u>_______________________________________________________<\/u><\/p>\n<p><u>_______________________________________________________<\/u><\/p>\n<p><u>Etapa a III-a_____________________________________________<\/u><\/p>\n<p><u>_______________________________________________________<\/u><\/p>\n<p><u>Compozi\u021bie_____________________________________________<\/u><\/p>\n<p><strong>* <\/strong>se completeaz\u0103 cu majuscule<\/p>\n<p><strong>Sunt de acord sa\u0306 respect \u00eentocmai regulamentul concursului.<\/strong><\/p>\n<p>&nbsp;<\/p>\n<p>Data<u>\u00a0\u00a0\u00a0\u00a0\u00a0\u00a0\u00a0\u00a0\u00a0\u00a0\u00a0\u00a0\u00a0\u00a0\u00a0 <\/u>\u00a0\u00a0\u00a0\u00a0\u00a0\u00a0\u00a0\u00a0\u00a0\u00a0\u00a0 Semna\u0306tura <u>\u00a0\u00a0\u00a0\u00a0\u00a0\u00a0\u00a0\u00a0\u00a0\u00a0\u00a0\u00a0\u00a0\u00a0\u00a0\u00a0\u00a0\u00a0\u00a0\u00a0\u00a0\u00a0\u00a0\u00a0\u00a0\u00a0\u00a0\u00a0\u00a0 ______<\/u><\/p>\n<p>&nbsp;<\/p>\n<p><strong>\u00a0<\/strong><\/p>\n","protected":false},"excerpt":{"rendered":"<p>FESTIVALUL INTERNA\u021aIONAL SABIN PAUTZA, edi\u021bia a VI-a, 17-19 mai 2019, 24-27 octombrie 2019<\/p>\n","protected":false},"author":1,"featured_media":0,"comment_status":"open","ping_status":"open","sticky":false,"template":"","format":"standard","meta":[],"categories":[1],"tags":[],"_links":{"self":[{"href":"https:\/\/semndecarte.metarsis.ro\/index.php?rest_route=\/wp\/v2\/posts\/12309"}],"collection":[{"href":"https:\/\/semndecarte.metarsis.ro\/index.php?rest_route=\/wp\/v2\/posts"}],"about":[{"href":"https:\/\/semndecarte.metarsis.ro\/index.php?rest_route=\/wp\/v2\/types\/post"}],"author":[{"embeddable":true,"href":"https:\/\/semndecarte.metarsis.ro\/index.php?rest_route=\/wp\/v2\/users\/1"}],"replies":[{"embeddable":true,"href":"https:\/\/semndecarte.metarsis.ro\/index.php?rest_route=%2Fwp%2Fv2%2Fcomments&post=12309"}],"version-history":[{"count":0,"href":"https:\/\/semndecarte.metarsis.ro\/index.php?rest_route=\/wp\/v2\/posts\/12309\/revisions"}],"wp:attachment":[{"href":"https:\/\/semndecarte.metarsis.ro\/index.php?rest_route=%2Fwp%2Fv2%2Fmedia&parent=12309"}],"wp:term":[{"taxonomy":"category","embeddable":true,"href":"https:\/\/semndecarte.metarsis.ro\/index.php?rest_route=%2Fwp%2Fv2%2Fcategories&post=12309"},{"taxonomy":"post_tag","embeddable":true,"href":"https:\/\/semndecarte.metarsis.ro\/index.php?rest_route=%2Fwp%2Fv2%2Ftags&post=12309"}],"curies":[{"name":"wp","href":"https:\/\/api.w.org\/{rel}","templated":true}]}}