{"id":12305,"date":"2019-10-04T06:46:14","date_gmt":"2019-10-04T04:46:14","guid":{"rendered":"http:\/\/semndecarte.metarsis.ro\/?p=12305"},"modified":"2019-10-04T06:46:14","modified_gmt":"2019-10-04T04:46:14","slug":"kiiiiirchweeeeeih","status":"publish","type":"post","link":"https:\/\/semndecarte.metarsis.ro\/?p=12305","title":{"rendered":"KIIIIIRCHWEEEEEIH !"},"content":{"rendered":"<p><a href=\"http:\/\/semndecarte.metarsis.ro\/wp-content\/uploads\/2019\/10\/cop.jpg\" rel=\"lightbox[12305]\"><img loading=\"lazy\" class=\"alignleft size-full wp-image-12306\" src=\"http:\/\/semndecarte.metarsis.ro\/wp-content\/uploads\/2019\/10\/cop.jpg\" alt=\"cop\" width=\"519\" height=\"225\" srcset=\"https:\/\/semndecarte.metarsis.ro\/wp-content\/uploads\/2019\/10\/cop.jpg 519w, https:\/\/semndecarte.metarsis.ro\/wp-content\/uploads\/2019\/10\/cop-160x69.jpg 160w, https:\/\/semndecarte.metarsis.ro\/wp-content\/uploads\/2019\/10\/cop-163x71.jpg 163w\" sizes=\"(max-width: 519px) 100vw, 519px\" \/><\/a>G\u0103r\u00e2na \/ Wolfsberg, Banatul Montan, 140 ani.<\/p>\n<p>\u201cNu aspira s\u0103 fii binef\u0103c\u0103torul \u00eentregii omeniri, ci mul\u0163ume\u015fte-te s\u0103 faci bine persoanelor \u00een mijlocul c\u0103rora tr\u0103ie\u015fti.\u201d Sf. Tereza de Avila<\/p>\n<p>140 de ani de la construc\u021bia Bisericii Romano-Catolice\u00a0 de la G\u0103r\u00e2na \/ Wolfsberg, micu\u0163a localitate din Banatul Montan\u00a0 a\u0219ezat\u0103 la poalele Mun\u021bilor Semenic, Biseric\u0103 ridicat\u0103 \u00een anul 1879 de germanii coloniza\u021bi aici de Francisc I \u0219i a\u0219ezat\u0103 sub hramul Sf\u00e2ntei Tereza de Avila (1515-1582) \u2013 Maestr\u0103 de Rug\u0103ciune, Reformatoarea Ordinului Carmelitan, Doctor al Bisericii.<\/p>\n<p>Vom s\u0103rb\u0103tori Hramul\/ KIRCHWEIH s\u00e2mb\u0103t\u0103, 12 octombrie 2019, dup\u0103 urm\u0103torul program:<!--more--><\/p>\n<p><a href=\"http:\/\/semndecarte.metarsis.ro\/wp-content\/uploads\/2019\/10\/afis-kirchweih-garana-2019-net.jpg\" rel=\"lightbox[12305]\"><img loading=\"lazy\" class=\"alignright size-large wp-image-12307\" src=\"http:\/\/semndecarte.metarsis.ro\/wp-content\/uploads\/2019\/10\/afis-kirchweih-garana-2019-net-114x163.jpg\" alt=\"afis kirchweih garana 2019 net\" width=\"114\" height=\"163\" srcset=\"https:\/\/semndecarte.metarsis.ro\/wp-content\/uploads\/2019\/10\/afis-kirchweih-garana-2019-net-114x163.jpg 114w, https:\/\/semndecarte.metarsis.ro\/wp-content\/uploads\/2019\/10\/afis-kirchweih-garana-2019-net-112x160.jpg 112w, https:\/\/semndecarte.metarsis.ro\/wp-content\/uploads\/2019\/10\/afis-kirchweih-garana-2019-net.jpg 840w\" sizes=\"(max-width: 114px) 100vw, 114px\" \/><\/a>10:00 &#8211;\u00a0 Vernisajul expozi\u021biei de art\u0103 plastic\u0103 \u00a0FLORI DIN G\u0102R\u00c2NA semnat\u0103 de Viorica Ana FARKA\u0218- salonul Pensiunii HEIDI.<\/p>\n<p>10:25 \u2013 Intermezzo muzical cu fanfare \u2013 \u00een fa\u021ba Bisericii Sf. Tereza de Avila..<\/p>\n<p>10:30 \u2013 Sf\u00e2nt\u0103 liturghie de hram oficiat\u0103 de Monseniorul Johann DIRSCHL, parinte vicar general al Diecezei Romano-Catolice Timisoara, si parintele Beniamin P\u0103lie, preot paroh (Re\u0219i\u021ba) \u2013 Biserica romano catolic\u0103 Sf. Tereza de Avila.<\/p>\n<p>11:30 \u2013 Procesiune de hram cu fanfara de de la biseric\u0103 la Pensiunea GOTSCHNA \u0219i parada pomului de Kirchweih c\u0103tre locul de ridicare din fa\u021ba bisericii.<\/p>\n<p>12:45 \u2013 Program de dansuri populare germane sus\u021binut de forma\u021bii\u00a0ale Forumului Democratic al Germanilor din judetele Timis si Caras-Severin,\u00a0\u2013 program muzical de fanfar\u0103.<\/p>\n<p>19:00 \u2013 Balul de Kirchweih cu Banater Musikanten din Timisoara.<\/p>\n<p>Organizator: Societatea pentru Cultur\u0103 METARSIS, activitati si servicii de cultura urbana si arta contemporana<\/p>\n<p>\u00cen colaborare cu: Comuna Brebu Nou, Biserica romano-catolic\u0103 Sf. Tereza de Avila G\u0103r\u00e2na, Biserica Romano-Catolic\u0103 Maria Z\u0103pezii Re\u0219i\u021ba, Forumul Democratic al Germanilor din judetele Timis si Caras-Severin, Ocolul Silvic Valiug, GRADIMEX, REFIL, SOCEPAN, MARBEK, Pensiunea GOTSCHNA, Pensiunea HEIDI, Gasthaus CRISTEL, Hanul LA RASCRUCE, LA MARIA, WOLFHAUS 109.<\/p>\n<p>Parteneri media: Uniunea Ziari\u0219tilor Profesioni\u0219ti, Radio Rom\u00e2nia Timi\u0219oara, Radio Rom\u00e2nia Re\u0219i\u021ba, Jurnal de Cara\u0219-Severin, TVR Bucuresti, TVR Timi\u0219oara, Banat Media, Express de Banat, AgerPress,\u00a0Jurnal de Caras, Reper 24, Argument CS, Info CS, Piperiu Publica\u021bii.<\/p>\n","protected":false},"excerpt":{"rendered":"<p>Vom s\u0103rb\u0103tori Hramul\/ KIRCHWEIH s\u00e2mb\u0103t\u0103, 12 octombrie 2019, dup\u0103 urm\u0103torul program:<\/p>\n","protected":false},"author":1,"featured_media":0,"comment_status":"open","ping_status":"open","sticky":false,"template":"","format":"standard","meta":[],"categories":[1],"tags":[],"_links":{"self":[{"href":"https:\/\/semndecarte.metarsis.ro\/index.php?rest_route=\/wp\/v2\/posts\/12305"}],"collection":[{"href":"https:\/\/semndecarte.metarsis.ro\/index.php?rest_route=\/wp\/v2\/posts"}],"about":[{"href":"https:\/\/semndecarte.metarsis.ro\/index.php?rest_route=\/wp\/v2\/types\/post"}],"author":[{"embeddable":true,"href":"https:\/\/semndecarte.metarsis.ro\/index.php?rest_route=\/wp\/v2\/users\/1"}],"replies":[{"embeddable":true,"href":"https:\/\/semndecarte.metarsis.ro\/index.php?rest_route=%2Fwp%2Fv2%2Fcomments&post=12305"}],"version-history":[{"count":0,"href":"https:\/\/semndecarte.metarsis.ro\/index.php?rest_route=\/wp\/v2\/posts\/12305\/revisions"}],"wp:attachment":[{"href":"https:\/\/semndecarte.metarsis.ro\/index.php?rest_route=%2Fwp%2Fv2%2Fmedia&parent=12305"}],"wp:term":[{"taxonomy":"category","embeddable":true,"href":"https:\/\/semndecarte.metarsis.ro\/index.php?rest_route=%2Fwp%2Fv2%2Fcategories&post=12305"},{"taxonomy":"post_tag","embeddable":true,"href":"https:\/\/semndecarte.metarsis.ro\/index.php?rest_route=%2Fwp%2Fv2%2Ftags&post=12305"}],"curies":[{"name":"wp","href":"https:\/\/api.w.org\/{rel}","templated":true}]}}