{"id":12300,"date":"2019-09-24T19:36:25","date_gmt":"2019-09-24T17:36:25","guid":{"rendered":"http:\/\/semndecarte.metarsis.ro\/?p=12300"},"modified":"2019-09-24T20:56:33","modified_gmt":"2019-09-24T18:56:33","slug":"impreuna","status":"publish","type":"post","link":"https:\/\/semndecarte.metarsis.ro\/?p=12300","title":{"rendered":"\u00cempreun\u0103"},"content":{"rendered":"<p><strong>Kirchwei la Franzdorf\/ V\u0103liug, Cara\u0219-Severin<\/strong><\/p>\n<p><a href=\"http:\/\/semndecarte.metarsis.ro\/wp-content\/uploads\/2019\/09\/afis-kirchweih-2019-Valiug.jpg\" rel=\"lightbox[12300]\"><img loading=\"lazy\" class=\"alignright size-large wp-image-12301\" src=\"http:\/\/semndecarte.metarsis.ro\/wp-content\/uploads\/2019\/09\/afis-kirchweih-2019-Valiug-114x163.jpg\" alt=\"afis kirchweih 2019 Valiug\" width=\"114\" height=\"163\" srcset=\"https:\/\/semndecarte.metarsis.ro\/wp-content\/uploads\/2019\/09\/afis-kirchweih-2019-Valiug-114x163.jpg 114w, https:\/\/semndecarte.metarsis.ro\/wp-content\/uploads\/2019\/09\/afis-kirchweih-2019-Valiug-112x160.jpg 112w, https:\/\/semndecarte.metarsis.ro\/wp-content\/uploads\/2019\/09\/afis-kirchweih-2019-Valiug.jpg 840w\" sizes=\"(max-width: 114px) 100vw, 114px\" \/><\/a>Duminic\u0103, 29 septembrie 2019, v\u0103 a\u0219tept\u0103m la Franzdorf \/ V\u0103liug, Cara\u0219-Severin, unde va avea loc \u00a0KIRCHWEIH \/ S\u0102RB\u0102TOAREA \u00a0DE HRAM a Bisericii Romano-Catolice \u00a0\u201dSf\u00e2ntul Francisc de Assisi\u201d, dup\u0103 urm\u0103torul program:<\/p>\n<p>13:30\u00a0 PROGRAM MUZICAL cu Fanfara BERGWERGSKAPELLE din Steierdorf\/ Anina, la locul de plecare<\/p>\n<p>14:00\u00a0 PARADA tradi\u021bional\u0103 cu ridicarea, \u00een parcul din fa\u021ba Prim\u0103riei, a POMULUI DE KIRCHWEIH.<\/p>\n<p>15:00\u00a0 SF\u00c2NTA LITURGHIE cu prilejul celui de-al 159-lea HRAM al Bisericii Romano-Catolice \u201dSf\u00e2ntul Francisc de Assisi\u201d.<\/p>\n<p>16:15\u00a0 PROGRAM de dansuri populare germane sus\u021binut, \u00een pia\u021beta din fa\u021ba Prim\u0103riei, de forma\u021biile din Re\u0219i\u021ba \u0219i Tirol ale Forumului Democratic al Germanilor.<!--more--><\/p>\n<p>\u00cen anul 1793, toamna, 71 de familii de coloni\u0219ti austrieci\u00a0improvizeaz\u0103 o \u0219coal\u0103 \u0219i \u00eencep oficierea slujbelor \u00eentr-o capel\u0103 de lemn, slujbe care se vor oficia, aici, p\u00e2n\u0103 \u00een 1861. Atunci are loc inaugurarea Bisericii Romano-Catolice din Franzdorf\/ V\u0103liug, localitate din Banatul Montan, a\u0219ezat\u0103 la poalele Mun\u021bilor Semenic, edificiul fiind contruit \u00een stil neogotic, din beton, piatr\u0103 \u0219i c\u0103r\u0103mid\u0103 nears\u0103, acoperit\u0103 cu tabl\u0103, av\u00e2nd \u015farpant\u0103. Toate icoanele \u015fi statuile din interiorul acesteia au fost aduse pe Dun\u0103re, din Austria. L\u0103ca\u0219ul de cult este a\u0219ezat sub patronajul Sf\u00e2ntului Francisc de Assisi \u0219i este \u00eenzestrat cu dou\u0103 clopote, altar, cruce \u0219i org\u0103 cu 6 registre.<\/p>\n<p>Evenimenul organizat de Prim\u0103ria \u015fi Consiliul Local V\u0103liug \u00een parteneriat cu Societatea pentru Cultur\u0103 METARSIS- activit\u0103\u0163i \u015fi servicii de cultur\u0103 urban\u0103 \u015fi art\u0103 contemporan\u0103, cu Parohia Romano-Catolic\u0103 Maria Z\u0103pezii Re\u015fi\u0163a, Biserica Romano- Catolic\u0103 Francisc de Asissi V\u0103liug, \u015fi Forumul Democratic al Germanilor din Banatul Montan.<\/p>\n","protected":false},"excerpt":{"rendered":"<p>Duminic\u0103, 29 septembrie 2019, v\u0103 a\u0219tept\u0103m la Franzdorf \/ V\u0103liug, Cara\u0219-Severin, unde va avea loc  KIRCHWEIH \/ S\u0102RB\u0102TOAREA  DE HRAM a Bisericii Romano-Catolice  \u201dSf\u00e2ntul Francisc de Assisi\u201d<\/p>\n","protected":false},"author":1,"featured_media":0,"comment_status":"open","ping_status":"open","sticky":false,"template":"","format":"standard","meta":[],"categories":[1],"tags":[],"_links":{"self":[{"href":"https:\/\/semndecarte.metarsis.ro\/index.php?rest_route=\/wp\/v2\/posts\/12300"}],"collection":[{"href":"https:\/\/semndecarte.metarsis.ro\/index.php?rest_route=\/wp\/v2\/posts"}],"about":[{"href":"https:\/\/semndecarte.metarsis.ro\/index.php?rest_route=\/wp\/v2\/types\/post"}],"author":[{"embeddable":true,"href":"https:\/\/semndecarte.metarsis.ro\/index.php?rest_route=\/wp\/v2\/users\/1"}],"replies":[{"embeddable":true,"href":"https:\/\/semndecarte.metarsis.ro\/index.php?rest_route=%2Fwp%2Fv2%2Fcomments&post=12300"}],"version-history":[{"count":0,"href":"https:\/\/semndecarte.metarsis.ro\/index.php?rest_route=\/wp\/v2\/posts\/12300\/revisions"}],"wp:attachment":[{"href":"https:\/\/semndecarte.metarsis.ro\/index.php?rest_route=%2Fwp%2Fv2%2Fmedia&parent=12300"}],"wp:term":[{"taxonomy":"category","embeddable":true,"href":"https:\/\/semndecarte.metarsis.ro\/index.php?rest_route=%2Fwp%2Fv2%2Fcategories&post=12300"},{"taxonomy":"post_tag","embeddable":true,"href":"https:\/\/semndecarte.metarsis.ro\/index.php?rest_route=%2Fwp%2Fv2%2Ftags&post=12300"}],"curies":[{"name":"wp","href":"https:\/\/api.w.org\/{rel}","templated":true}]}}