{"id":12230,"date":"2019-06-05T19:51:08","date_gmt":"2019-06-05T17:51:08","guid":{"rendered":"http:\/\/semndecarte.metarsis.ro\/?p=12230"},"modified":"2019-06-05T19:51:08","modified_gmt":"2019-06-05T17:51:08","slug":"expozitie-de-sculptura-4","status":"publish","type":"post","link":"https:\/\/semndecarte.metarsis.ro\/?p=12230","title":{"rendered":"Expozi\u021bie de sculptur\u0103"},"content":{"rendered":"<p style=\"text-align: justify;\"><a href=\"http:\/\/semndecarte.metarsis.ro\/wp-content\/uploads\/2018\/06\/cop2.jpg\" rel=\"lightbox[12230]\"><img loading=\"lazy\" class=\"alignleft size-full wp-image-11828\" src=\"http:\/\/semndecarte.metarsis.ro\/wp-content\/uploads\/2018\/06\/cop2.jpg\" alt=\"cop\" width=\"520\" height=\"200\" srcset=\"https:\/\/semndecarte.metarsis.ro\/wp-content\/uploads\/2018\/06\/cop2.jpg 520w, https:\/\/semndecarte.metarsis.ro\/wp-content\/uploads\/2018\/06\/cop2-160x62.jpg 160w, https:\/\/semndecarte.metarsis.ro\/wp-content\/uploads\/2018\/06\/cop2-163x63.jpg 163w\" sizes=\"(max-width: 520px) 100vw, 520px\" \/><\/a>,,O pas\u0103re a intrat, odat\u0103, prin fereastra atelierului meu. \u0218i \u00eencerca s\u0103 ias\u0103 b\u0103t\u00e2nd \u00een geam \u0219i nu g\u0103sea ie\u0219irea &#8211; c\u0103ci se lovea mereu de sticl\u0103. S-a a\u0219ezat apoi s\u0103 se odihneasc\u0103. \u0218i a \u00eencercat din nou \u0219i a ie\u0219it. Sculptura este la fel: dac\u0103 g\u0103se\u0219ti acel geam (acea ie\u0219ire), te ridici \u00eenspre cer, intri \u00een \u00eemp\u0103r\u0103\u021bia cerurilor&#8230;\u201d (Constantin Br\u00e2ncu\u0219i)\u00a0 \u00a0 \u00a0 \u00a0 \u00a0 \u00a0 \u00a0 \u00a0 \u00a0 \u00a0 \u00a0 \u00a0 \u00a0 Gazd\u0103 primitoare, libr\u0103ria ,,Semn de carte\u201d, \u0219i-a deschis cu drag por\u021bile pentru a g\u0103zdui expozi\u021bia cercului de sculptur\u0103 \u00een lemn ,,Jacob Naubauer\u201d, al forumului Democratic al Germanilor din Cara\u0219-Severin,\u00a0coordonat de George Molin, f\u0103c\u00e2ndu-ne p\u0103rta\u0219i la momente pline de frumuse\u021be \u0219i armonie.<!--more--><\/p>\n<p style=\"text-align: justify;\">\u00cen cadrul cercului, copii \u0219i adul\u021bi, au realizat lucr\u0103ri deosebite ce exprim\u0103 talentul, tinere\u021bea \u0219i frumuse\u021bea sufletului de artist. \u00cen m\u00e2inile pricepute ale arti\u0219tilor, lemnul a prins via\u021b\u0103, dezv\u0103luind c\u00e2te o poveste prin fine\u021bea detaliilor.<\/p>\n<p style=\"text-align: justify;\"><a href=\"http:\/\/semndecarte.metarsis.ro\/wp-content\/uploads\/2019\/06\/Auditie-George-G_003.jpg\" rel=\"lightbox[12230]\"><img loading=\"lazy\" class=\"alignleft size-thumbnail wp-image-12231\" src=\"http:\/\/semndecarte.metarsis.ro\/wp-content\/uploads\/2019\/06\/Auditie-George-G_003-95x95.jpg\" alt=\"Auditie George G_003\" width=\"95\" height=\"95\" \/><\/a> <a href=\"http:\/\/semndecarte.metarsis.ro\/wp-content\/uploads\/2019\/06\/Auditie-George-G_008.jpg\" rel=\"lightbox[12230]\"><img loading=\"lazy\" class=\"alignleft size-thumbnail wp-image-12232\" src=\"http:\/\/semndecarte.metarsis.ro\/wp-content\/uploads\/2019\/06\/Auditie-George-G_008-95x95.jpg\" alt=\"Auditie George G_008\" width=\"95\" height=\"95\" \/><\/a> <a href=\"http:\/\/semndecarte.metarsis.ro\/wp-content\/uploads\/2019\/06\/Auditie-George-G_012.jpg\" rel=\"lightbox[12230]\"><img loading=\"lazy\" class=\"alignleft size-thumbnail wp-image-12233\" src=\"http:\/\/semndecarte.metarsis.ro\/wp-content\/uploads\/2019\/06\/Auditie-George-G_012-95x95.jpg\" alt=\"Auditie George G_012\" width=\"95\" height=\"95\" \/><\/a> <a href=\"http:\/\/semndecarte.metarsis.ro\/wp-content\/uploads\/2019\/06\/Auditie-George-G_013.jpg\" rel=\"lightbox[12230]\"><img loading=\"lazy\" class=\"alignleft size-thumbnail wp-image-12234\" src=\"http:\/\/semndecarte.metarsis.ro\/wp-content\/uploads\/2019\/06\/Auditie-George-G_013-95x95.jpg\" alt=\"Auditie George G_013\" width=\"95\" height=\"95\" \/><\/a> <a href=\"http:\/\/semndecarte.metarsis.ro\/wp-content\/uploads\/2019\/06\/Auditie-George-G_014.jpg\" rel=\"lightbox[12230]\"><img loading=\"lazy\" class=\"alignleft size-thumbnail wp-image-12235\" src=\"http:\/\/semndecarte.metarsis.ro\/wp-content\/uploads\/2019\/06\/Auditie-George-G_014-95x95.jpg\" alt=\"Auditie George G_014\" width=\"95\" height=\"95\" \/><\/a>Fiecare lucrare, din cele peste 30 expuse, \u00ee\u021bi m\u00e2ng\u00e2ie sensibilitatea \u0219i se \u00eentrege\u0219te cu admira\u021bia fa\u021b\u0103 de artist \u0219i iubirea fa\u021b\u0103 de sufletul s\u0103u. Nu pot s\u0103 nu amintesc numele acestor creatori de frumos: Tatiana \u0219i Adelin \u021aibru, Grigorie, Serafim \u0219i Arsenie Ciucur, Mariane Florea \u0219i mentorul lor, George Molin.<\/p>\n<p style=\"text-align: justify;\"><a href=\"http:\/\/semndecarte.metarsis.ro\/wp-content\/uploads\/2019\/06\/Auditie-George-G_017.jpg\" rel=\"lightbox[12230]\"><img loading=\"lazy\" class=\"alignleft size-thumbnail wp-image-12236\" src=\"http:\/\/semndecarte.metarsis.ro\/wp-content\/uploads\/2019\/06\/Auditie-George-G_017-95x95.jpg\" alt=\"Auditie George G_017\" width=\"95\" height=\"95\" \/><\/a> <a href=\"http:\/\/semndecarte.metarsis.ro\/wp-content\/uploads\/2019\/06\/Auditie-George-G_020.jpg\" rel=\"lightbox[12230]\"><img loading=\"lazy\" class=\"alignleft size-thumbnail wp-image-12237\" src=\"http:\/\/semndecarte.metarsis.ro\/wp-content\/uploads\/2019\/06\/Auditie-George-G_020-95x95.jpg\" alt=\"Auditie George G_020\" width=\"95\" height=\"95\" \/><\/a> <a href=\"http:\/\/semndecarte.metarsis.ro\/wp-content\/uploads\/2019\/06\/Auditie-George-G_024.jpg\" rel=\"lightbox[12230]\"><img loading=\"lazy\" class=\"alignleft size-thumbnail wp-image-12238\" src=\"http:\/\/semndecarte.metarsis.ro\/wp-content\/uploads\/2019\/06\/Auditie-George-G_024-95x95.jpg\" alt=\"Auditie George G_024\" width=\"95\" height=\"95\" \/><\/a> <a href=\"http:\/\/semndecarte.metarsis.ro\/wp-content\/uploads\/2019\/06\/Auditie-George-G_028.jpg\" rel=\"lightbox[12230]\"><img loading=\"lazy\" class=\"alignleft size-thumbnail wp-image-12239\" src=\"http:\/\/semndecarte.metarsis.ro\/wp-content\/uploads\/2019\/06\/Auditie-George-G_028-95x95.jpg\" alt=\"Auditie George G_028\" width=\"95\" height=\"95\" \/><\/a> <a href=\"http:\/\/semndecarte.metarsis.ro\/wp-content\/uploads\/2019\/06\/Auditie-George-G_031.jpg\" rel=\"lightbox[12230]\"><img loading=\"lazy\" class=\"alignleft size-thumbnail wp-image-12240\" src=\"http:\/\/semndecarte.metarsis.ro\/wp-content\/uploads\/2019\/06\/Auditie-George-G_031-95x95.jpg\" alt=\"Auditie George G_031\" width=\"95\" height=\"95\" \/><\/a> <a href=\"http:\/\/semndecarte.metarsis.ro\/wp-content\/uploads\/2019\/06\/Auditie-George-G_033.jpg\" rel=\"lightbox[12230]\"><img loading=\"lazy\" class=\"alignleft size-thumbnail wp-image-12241\" src=\"http:\/\/semndecarte.metarsis.ro\/wp-content\/uploads\/2019\/06\/Auditie-George-G_033-95x95.jpg\" alt=\"Auditie George G_033\" width=\"95\" height=\"95\" \/><\/a> <a href=\"http:\/\/semndecarte.metarsis.ro\/wp-content\/uploads\/2019\/06\/Auditie-George-G_036.jpg\" rel=\"lightbox[12230]\"><img loading=\"lazy\" class=\"alignleft size-thumbnail wp-image-12242\" src=\"http:\/\/semndecarte.metarsis.ro\/wp-content\/uploads\/2019\/06\/Auditie-George-G_036-95x95.jpg\" alt=\"Auditie George G_036\" width=\"95\" height=\"95\" \/><\/a> <a href=\"http:\/\/semndecarte.metarsis.ro\/wp-content\/uploads\/2019\/06\/Auditie-George-G_045.jpg\" rel=\"lightbox[12230]\"><img loading=\"lazy\" class=\"alignleft size-thumbnail wp-image-12243\" src=\"http:\/\/semndecarte.metarsis.ro\/wp-content\/uploads\/2019\/06\/Auditie-George-G_045-95x95.jpg\" alt=\"Auditie George G_045\" width=\"95\" height=\"95\" \/><\/a> <a href=\"http:\/\/semndecarte.metarsis.ro\/wp-content\/uploads\/2019\/06\/Auditie-George-G_046.jpg\" rel=\"lightbox[12230]\"><img loading=\"lazy\" class=\"alignleft size-thumbnail wp-image-12244\" src=\"http:\/\/semndecarte.metarsis.ro\/wp-content\/uploads\/2019\/06\/Auditie-George-G_046-95x95.jpg\" alt=\"Auditie George G_046\" width=\"95\" height=\"95\" \/><\/a> <a href=\"http:\/\/semndecarte.metarsis.ro\/wp-content\/uploads\/2019\/06\/Auditie-George-G_047.jpg\" rel=\"lightbox[12230]\"><img loading=\"lazy\" class=\"alignleft size-thumbnail wp-image-12245\" src=\"http:\/\/semndecarte.metarsis.ro\/wp-content\/uploads\/2019\/06\/Auditie-George-G_047-95x95.jpg\" alt=\"Auditie George G_047\" width=\"95\" height=\"95\" \/><\/a> <a href=\"http:\/\/semndecarte.metarsis.ro\/wp-content\/uploads\/2019\/06\/Auditie-George-G_048.jpg\" rel=\"lightbox[12230]\"><img loading=\"lazy\" class=\"alignleft size-thumbnail wp-image-12246\" src=\"http:\/\/semndecarte.metarsis.ro\/wp-content\/uploads\/2019\/06\/Auditie-George-G_048-95x95.jpg\" alt=\"Auditie George G_048\" width=\"95\" height=\"95\" \/><\/a> <a href=\"http:\/\/semndecarte.metarsis.ro\/wp-content\/uploads\/2019\/06\/Auditie-George-G_050.jpg\" rel=\"lightbox[12230]\"><img loading=\"lazy\" class=\"alignleft size-thumbnail wp-image-12247\" src=\"http:\/\/semndecarte.metarsis.ro\/wp-content\/uploads\/2019\/06\/Auditie-George-G_050-95x95.jpg\" alt=\"Auditie George G_050\" width=\"95\" height=\"95\" \/><\/a> <a href=\"http:\/\/semndecarte.metarsis.ro\/wp-content\/uploads\/2019\/06\/Auditie-George-G_053.jpg\" rel=\"lightbox[12230]\"><img loading=\"lazy\" class=\"alignleft size-thumbnail wp-image-12248\" src=\"http:\/\/semndecarte.metarsis.ro\/wp-content\/uploads\/2019\/06\/Auditie-George-G_053-95x95.jpg\" alt=\"Auditie George G_053\" width=\"95\" height=\"95\" \/><\/a> <a href=\"http:\/\/semndecarte.metarsis.ro\/wp-content\/uploads\/2019\/06\/Auditie-George-G_056.jpg\" rel=\"lightbox[12230]\"><img loading=\"lazy\" class=\"alignleft size-thumbnail wp-image-12249\" src=\"http:\/\/semndecarte.metarsis.ro\/wp-content\/uploads\/2019\/06\/Auditie-George-G_056-95x95.jpg\" alt=\"Auditie George G_056\" width=\"95\" height=\"95\" \/><\/a> <a href=\"http:\/\/semndecarte.metarsis.ro\/wp-content\/uploads\/2019\/06\/Auditie-George-G_059.jpg\" rel=\"lightbox[12230]\"><img loading=\"lazy\" class=\"alignleft size-thumbnail wp-image-12250\" src=\"http:\/\/semndecarte.metarsis.ro\/wp-content\/uploads\/2019\/06\/Auditie-George-G_059-95x95.jpg\" alt=\"Auditie George G_059\" width=\"95\" height=\"95\" \/><\/a>Acompaniat de ropotul ploii, grupul muzical ,,Intermezzo\u201d, Mariana Chirilovici (voce) \u0219i Lucian Duca (voce \u0219i chitar\u0103),\u00a0a \u00eentregit o dup\u0103-amiaz\u0103 minunat\u0103 petrecut\u0103 al\u0103turi de oameni\u00a0 talenta\u021bi \u0219i sensibili.<\/p>\n<p style=\"text-align: justify;\">Felicit\u0103ri tuturor!\u00a0Mul\u021bumim, Metarsis! (\u00eenv. Nori NEGROIU)<\/p>\n","protected":false},"excerpt":{"rendered":"<p>Gazd\u0103 primitoare, libr\u0103ria ,,Semn de carte\u201d, \u0219i-a deschis cu drag por\u021bile pentru a g\u0103zdui expozi\u021bia cercului de sculptur\u0103 \u00een lemn ,,Jacob Naubauer\u201d, al forumului Democratic al Germanilor din Cara\u0219-Severin, coordonat de George Molin, f\u0103c\u00e2ndu-ne p\u0103rta\u0219i la momente pline de frumuse\u021be \u0219i armonie.<\/p>\n","protected":false},"author":1,"featured_media":0,"comment_status":"open","ping_status":"open","sticky":false,"template":"","format":"standard","meta":[],"categories":[7],"tags":[240],"_links":{"self":[{"href":"https:\/\/semndecarte.metarsis.ro\/index.php?rest_route=\/wp\/v2\/posts\/12230"}],"collection":[{"href":"https:\/\/semndecarte.metarsis.ro\/index.php?rest_route=\/wp\/v2\/posts"}],"about":[{"href":"https:\/\/semndecarte.metarsis.ro\/index.php?rest_route=\/wp\/v2\/types\/post"}],"author":[{"embeddable":true,"href":"https:\/\/semndecarte.metarsis.ro\/index.php?rest_route=\/wp\/v2\/users\/1"}],"replies":[{"embeddable":true,"href":"https:\/\/semndecarte.metarsis.ro\/index.php?rest_route=%2Fwp%2Fv2%2Fcomments&post=12230"}],"version-history":[{"count":0,"href":"https:\/\/semndecarte.metarsis.ro\/index.php?rest_route=\/wp\/v2\/posts\/12230\/revisions"}],"wp:attachment":[{"href":"https:\/\/semndecarte.metarsis.ro\/index.php?rest_route=%2Fwp%2Fv2%2Fmedia&parent=12230"}],"wp:term":[{"taxonomy":"category","embeddable":true,"href":"https:\/\/semndecarte.metarsis.ro\/index.php?rest_route=%2Fwp%2Fv2%2Fcategories&post=12230"},{"taxonomy":"post_tag","embeddable":true,"href":"https:\/\/semndecarte.metarsis.ro\/index.php?rest_route=%2Fwp%2Fv2%2Ftags&post=12230"}],"curies":[{"name":"wp","href":"https:\/\/api.w.org\/{rel}","templated":true}]}}