{"id":12151,"date":"2018-12-07T21:45:33","date_gmt":"2018-12-07T19:45:33","guid":{"rendered":"http:\/\/semndecarte.metarsis.ro\/?p=12151"},"modified":"2018-12-07T21:45:33","modified_gmt":"2018-12-07T19:45:33","slug":"lumini-si-sunete","status":"publish","type":"post","link":"https:\/\/semndecarte.metarsis.ro\/?p=12151","title":{"rendered":"LUMINI \u0219i sunete"},"content":{"rendered":"<p style=\"text-align: justify;\"><strong>Prima personal\u0103 Emilia DOGARU\u00a0<\/strong><\/p>\n<p style=\"text-align: justify;\"><strong><a href=\"http:\/\/semndecarte.metarsis.ro\/wp-content\/uploads\/2018\/12\/cop1.jpg\" rel=\"lightbox[12151]\"><img loading=\"lazy\" class=\"alignleft size-full wp-image-12152\" src=\"http:\/\/semndecarte.metarsis.ro\/wp-content\/uploads\/2018\/12\/cop1.jpg\" alt=\"cop1\" width=\"520\" height=\"200\" srcset=\"https:\/\/semndecarte.metarsis.ro\/wp-content\/uploads\/2018\/12\/cop1.jpg 520w, https:\/\/semndecarte.metarsis.ro\/wp-content\/uploads\/2018\/12\/cop1-160x62.jpg 160w, https:\/\/semndecarte.metarsis.ro\/wp-content\/uploads\/2018\/12\/cop1-163x63.jpg 163w\" sizes=\"(max-width: 520px) 100vw, 520px\" \/><\/a>\u201dCultura este, sau ar trebui s\u0103 fie, o anumit\u0103 form\u0103 de a iubi lumea \u0219i de a spera\u201d (Octavian Paler).<\/strong><\/p>\n<p style=\"text-align: justify;\">Este frumoas\u0103. \u0218i-a asumat adolescen\u021ba cu toate valen\u021bele care translateaz\u0103 \u201dclasa\u201d din \u201dmas\u0103\u201d. Exponent\u0103 a unei genera\u021bii de tineri frumo\u0219i care ne hr\u0103nesc speran\u021bele \u00eentr-o Rom\u00e2nie normal\u0103 \u00een economia c\u0103reia educa\u021bie \u0219i cultur\u0103 \u00ee\u0219i vor fi rec\u00e2\u0219tigat locuri definitorii, Emilia DOGARU \u00a0este elev\u0103 \u00een ultimul an, clasa de filologie, a Liceului Teoretic \u201dTraian VUIA\u201d din Re\u0219i\u021ba. A absolvit sec\u021bia Pictur\u0103 a \u0218colii Populare de Arte \u0219i Meserii \u201dIon ROM\u00c2NU\u201d, clasa prof. Ecaterina TUDOR. Cite\u0219te mult. C\u00e2nd nu cite\u0219te, picteaz\u0103. Se implic\u0103. \u00cenva\u021b\u0103 \u0219i viseaz\u0103 s\u0103 devin\u0103 medic stomatolog.\u00a0 Mar\u021bi, 4 decembrie 2018, Emilia ne-a invitat \u00een lumea ei de LUMINI. Prima expozi\u021bie personal\u0103 de pictur\u0103. Deschis\u0103 pe simezele libr\u0103riei re\u0219i\u021bene Semn de Carte, a fost prilej de \u00eent\u00e2lnire \u00eentre genera\u021bii. Colegii Emiliei, sosi\u021bi \u00een num\u0103r apreciabil, profesori, iubitori de cultur\u0103 \u0219i, nu \u00een ultimul r\u00e2nd, p\u0103rin\u021bii \u0219i fratele protagonistei, sosit din Anglia pentru a-\u0219i sus\u021bine sora. Seara a debutat cu Preludiu \u00een Do Major de J.S.Bach interpretat de un alt t\u00e2n\u0103r re\u0219i\u021bean, frumos \u0219i talentat, absolvent, la r\u00e2ndul lui, al \u0218colii Populare de Arte \u0219i Meserii \u201dIon Rom\u00e2nu\u201d din Re\u0219i\u021ba, pian, clasa prof. Lucia GHILEA, elev \u00een clasa a XI-a la Colegiul Na\u021bional \u201dTraian Lalescu\u201d, Patrick PAULESCU.<!--more--><\/p>\n<p style=\"text-align: justify;\"><a href=\"http:\/\/semndecarte.metarsis.ro\/wp-content\/uploads\/2018\/12\/Vernisaj_023.jpg\" rel=\"lightbox[12151]\"><img loading=\"lazy\" class=\"alignleft size-thumbnail wp-image-12162\" src=\"http:\/\/semndecarte.metarsis.ro\/wp-content\/uploads\/2018\/12\/Vernisaj_023-95x95.jpg\" alt=\"Vernisaj_023\" width=\"95\" height=\"95\" \/><\/a> <a href=\"http:\/\/semndecarte.metarsis.ro\/wp-content\/uploads\/2018\/12\/Vernisaj_022.jpg\" rel=\"lightbox[12151]\"><img loading=\"lazy\" class=\"alignleft size-thumbnail wp-image-12161\" src=\"http:\/\/semndecarte.metarsis.ro\/wp-content\/uploads\/2018\/12\/Vernisaj_022-95x95.jpg\" alt=\"Vernisaj_022\" width=\"95\" height=\"95\" \/><\/a> <a href=\"http:\/\/semndecarte.metarsis.ro\/wp-content\/uploads\/2018\/12\/Vernisaj_021.jpg\" rel=\"lightbox[12151]\"><img loading=\"lazy\" class=\"alignleft size-thumbnail wp-image-12160\" src=\"http:\/\/semndecarte.metarsis.ro\/wp-content\/uploads\/2018\/12\/Vernisaj_021-95x95.jpg\" alt=\"Vernisaj_021\" width=\"95\" height=\"95\" \/><\/a> <a href=\"http:\/\/semndecarte.metarsis.ro\/wp-content\/uploads\/2018\/12\/Vernisaj_019.jpg\" rel=\"lightbox[12151]\"><img loading=\"lazy\" class=\"alignleft size-thumbnail wp-image-12158\" src=\"http:\/\/semndecarte.metarsis.ro\/wp-content\/uploads\/2018\/12\/Vernisaj_019-95x95.jpg\" alt=\"Vernisaj_019\" width=\"95\" height=\"95\" \/><\/a> <a href=\"http:\/\/semndecarte.metarsis.ro\/wp-content\/uploads\/2018\/12\/Vernisaj_020.jpg\" rel=\"lightbox[12151]\"><img loading=\"lazy\" class=\"alignleft size-thumbnail wp-image-12159\" src=\"http:\/\/semndecarte.metarsis.ro\/wp-content\/uploads\/2018\/12\/Vernisaj_020-95x95.jpg\" alt=\"Vernisaj_020\" width=\"95\" height=\"95\" \/><\/a>\u201d M\u0103 bucur s\u0103 fiu al\u0103turi de Emilia, \u00een aceast\u0103 sear\u0103, la un eveniment important din via\u021ba ei- prima expozi\u021bie personal\u0103 de pictur\u0103. Nu m\u0103 pricep la pictur\u0103 dar privesc aceste tablouri \u0219i pot spune c\u0103 sunt foarte frumoase \u0219i \u0219tiu c\u0103, \u00een spatele lor, se ascunde foarte mult\u0103 munc\u0103, mult devotament, mult\u0103 implicare&#8230; Cred c\u0103 este o bucurie \u0219i o \u00eemplinire, fiecare tablou reprezint\u0103 o parte din via\u021ba autoarei, fiecare tablou are o leg\u0103tur\u0103 cu ceva, fiecare tablou simte ceva&#8230; Emilia le-a dat via\u021b\u0103 \u0219i crea\u021bia ta, Emilia, ne bucur\u0103&#8230; Pentru mine, Emilia este un copil. Un copil deosebit care, \u00een colectivul clasei, \u0219i-a c\u00e2\u0219tigat respectul, colegii o iubesc, o ascult\u0103 \u0219i, faptul c\u0103 sunt prezen\u021bi aici, al\u0103turi de ea, \u00een num\u0103r mare spune mai mult dec\u00e2t a\u0219 putea eu s\u0103 spun \u00een cuvinte&#8230;. Sunt bucuroas\u0103 \u0219i chiar m\u00e2ndr\u0103 c\u0103 sunt diriginta ta. O felicit \u0219i-mi doresc ca drumul ei s\u0103 nu se opreasc\u0103 aici, s\u0103 urmeze \u0219i alte expozi\u021bii personale, s\u0103-\u0219i \u00eemplineasc\u0103 visele \u0219i s\u0103 devin\u0103 student\u0103 la Stomatologie&#8230;\u201d a men\u021bionat prof. Dana BELU, diriginta Emiliei. Prezent\u0103 la eveniment, doamna prof.<\/p>\n<p style=\"text-align: justify;\"><a href=\"http:\/\/semndecarte.metarsis.ro\/wp-content\/uploads\/2018\/12\/Vernisaj_024.jpg\" rel=\"lightbox[12151]\"><img loading=\"lazy\" class=\"alignleft size-thumbnail wp-image-12163\" src=\"http:\/\/semndecarte.metarsis.ro\/wp-content\/uploads\/2018\/12\/Vernisaj_024-95x95.jpg\" alt=\"Vernisaj_024\" width=\"95\" height=\"95\" \/><\/a> <a href=\"http:\/\/semndecarte.metarsis.ro\/wp-content\/uploads\/2018\/12\/Vernisaj_026.jpg\" rel=\"lightbox[12151]\"><img loading=\"lazy\" class=\"alignleft size-thumbnail wp-image-12164\" src=\"http:\/\/semndecarte.metarsis.ro\/wp-content\/uploads\/2018\/12\/Vernisaj_026-95x95.jpg\" alt=\"Vernisaj_026\" width=\"95\" height=\"95\" \/><\/a> <a href=\"http:\/\/semndecarte.metarsis.ro\/wp-content\/uploads\/2018\/12\/Vernisaj_031.jpg\" rel=\"lightbox[12151]\"><img loading=\"lazy\" class=\"alignleft size-thumbnail wp-image-12165\" src=\"http:\/\/semndecarte.metarsis.ro\/wp-content\/uploads\/2018\/12\/Vernisaj_031-95x95.jpg\" alt=\"Vernisaj_031\" width=\"95\" height=\"95\" \/><\/a> <a href=\"http:\/\/semndecarte.metarsis.ro\/wp-content\/uploads\/2018\/12\/Vernisaj_033.jpg\" rel=\"lightbox[12151]\"><img loading=\"lazy\" class=\"alignleft size-thumbnail wp-image-12166\" src=\"http:\/\/semndecarte.metarsis.ro\/wp-content\/uploads\/2018\/12\/Vernisaj_033-95x95.jpg\" alt=\"Vernisaj_033\" width=\"95\" height=\"95\" \/><\/a> <a href=\"http:\/\/semndecarte.metarsis.ro\/wp-content\/uploads\/2018\/12\/Vernisaj_037.jpg\" rel=\"lightbox[12151]\"><img loading=\"lazy\" class=\"alignleft size-thumbnail wp-image-12167\" src=\"http:\/\/semndecarte.metarsis.ro\/wp-content\/uploads\/2018\/12\/Vernisaj_037-95x95.jpg\" alt=\"Vernisaj_037\" width=\"95\" height=\"95\" \/><\/a> <a href=\"http:\/\/semndecarte.metarsis.ro\/wp-content\/uploads\/2018\/12\/Vernisaj_040.jpg\" rel=\"lightbox[12151]\"><img loading=\"lazy\" class=\"alignleft size-thumbnail wp-image-12168\" src=\"http:\/\/semndecarte.metarsis.ro\/wp-content\/uploads\/2018\/12\/Vernisaj_040-95x95.jpg\" alt=\"Vernisaj_040\" width=\"95\" height=\"95\" \/><\/a> <a href=\"http:\/\/semndecarte.metarsis.ro\/wp-content\/uploads\/2018\/12\/Vernisaj_044.jpg\" rel=\"lightbox[12151]\"><img loading=\"lazy\" class=\"alignleft size-thumbnail wp-image-12169\" src=\"http:\/\/semndecarte.metarsis.ro\/wp-content\/uploads\/2018\/12\/Vernisaj_044-95x95.jpg\" alt=\"Vernisaj_044\" width=\"95\" height=\"95\" \/><\/a> <a href=\"http:\/\/semndecarte.metarsis.ro\/wp-content\/uploads\/2018\/12\/Vernisaj_047.jpg\" rel=\"lightbox[12151]\"><img loading=\"lazy\" class=\"alignleft size-thumbnail wp-image-12170\" src=\"http:\/\/semndecarte.metarsis.ro\/wp-content\/uploads\/2018\/12\/Vernisaj_047-95x95.jpg\" alt=\"Vernisaj_047\" width=\"95\" height=\"95\" \/><\/a> <a href=\"http:\/\/semndecarte.metarsis.ro\/wp-content\/uploads\/2018\/12\/Vernisaj_049.jpg\" rel=\"lightbox[12151]\"><img loading=\"lazy\" class=\"alignleft size-thumbnail wp-image-12171\" src=\"http:\/\/semndecarte.metarsis.ro\/wp-content\/uploads\/2018\/12\/Vernisaj_049-95x95.jpg\" alt=\"Vernisaj_049\" width=\"95\" height=\"95\" \/><\/a> <a href=\"http:\/\/semndecarte.metarsis.ro\/wp-content\/uploads\/2018\/12\/Vernisaj_050.jpg\" rel=\"lightbox[12151]\"><img loading=\"lazy\" class=\"alignleft size-thumbnail wp-image-12172\" src=\"http:\/\/semndecarte.metarsis.ro\/wp-content\/uploads\/2018\/12\/Vernisaj_050-95x95.jpg\" alt=\"Vernisaj_050\" width=\"95\" height=\"95\" \/><\/a>Bianca STANCIU, director al Liceului \u201dTraian Vuia\u201d: \u201d&#8230;Picturile Emiliei \u00eemi bucur\u0103 ochii \u0219i sufletul. Nu cunosc povestea din spatele lor dar cunosc OMUL. N-am s\u0103 vorbesc despre pictori\u021ba Emilia, nici despre eleva Emilia ci am sa vorbesc despre copilul pe care l-am cunoscut acum trei ani \u0219i jum\u0103tate, care a devenit adolescenta frumoas\u0103 de ast\u0103zi \u0219i \u00een spatele c\u0103reia e un OM extraordinar&#8230; Cei de la VUIA \u0219ti\u021bi: \u00een liceu am avut, \u00eentotdeauna, un nucleu dur format din elevi care \u0219tiau ce au de f\u0103cut \u00een momentul \u00een care spuneam: trebuie s\u0103 facem asta, avem la dispozi\u021bie asta \u0219i trebuie s\u0103 termin\u0103m p\u00e2n\u0103 atunci- ei \u0219tiau ce au de f\u0103cut. Emilia face parte din acel nucleu dur. Aminti\u021bi-v\u0103 de decorurile pentru balurile bobocilor&#8230; Atunci am descoperit pictori\u021ba Emilia. Pictorul \u0219i chiar zugravul, atunci c\u00e2nd, din dou\u0103 cauciucuri trebuia s\u0103 concepem un Iepura\u0219 de Pa\u0219te. Tot atunci am descoperit \u0219i creativul Emilia. Dovada c\u0103, bradul de iarn\u0103 din partea Liceului, pe care-l vede\u021bi aliniat \u00een competi\u021bia organizat\u0103 de Prim\u0103rie, \u00eei apar\u021bine, concept \u0219i execu\u021bie. Mul\u021bumesc Emilia, emo\u021bia mea este cu at\u00e2t mai mare cu c\u00e2t vei urma Stomtologia- facultate la care este student\u0103 fiica mea. \u00ce\u021bi doresc succes, s\u0103 fii s\u0103n\u0103toas\u0103, s\u0103-i ai aproape pe p\u0103rin\u021bii t\u0103i \u00eentotdeauna, pe fratele t\u0103u, \u00eentreaga familie, s\u0103 ne mai bucuri sufletul\u201d a conchis directorul liceului Traian VUIA din Re\u0219i\u021ba, Bianca Stanciu.<\/p>\n<p style=\"text-align: justify;\"><a href=\"http:\/\/semndecarte.metarsis.ro\/wp-content\/uploads\/2018\/12\/Vernisaj_051.jpg\" rel=\"lightbox[12151]\"><img loading=\"lazy\" class=\"alignleft size-thumbnail wp-image-12173\" src=\"http:\/\/semndecarte.metarsis.ro\/wp-content\/uploads\/2018\/12\/Vernisaj_051-95x95.jpg\" alt=\"Vernisaj_051\" width=\"95\" height=\"95\" \/><\/a> <a href=\"http:\/\/semndecarte.metarsis.ro\/wp-content\/uploads\/2018\/12\/Vernisaj_058.jpg\" rel=\"lightbox[12151]\"><img loading=\"lazy\" class=\"alignleft size-thumbnail wp-image-12174\" src=\"http:\/\/semndecarte.metarsis.ro\/wp-content\/uploads\/2018\/12\/Vernisaj_058-95x95.jpg\" alt=\"Vernisaj_058\" width=\"95\" height=\"95\" \/><\/a> <a href=\"http:\/\/semndecarte.metarsis.ro\/wp-content\/uploads\/2018\/12\/Vernisaj_061.jpg\" rel=\"lightbox[12151]\"><img loading=\"lazy\" class=\"alignleft size-thumbnail wp-image-12175\" src=\"http:\/\/semndecarte.metarsis.ro\/wp-content\/uploads\/2018\/12\/Vernisaj_061-95x95.jpg\" alt=\"Vernisaj_061\" width=\"95\" height=\"95\" \/><\/a> <a href=\"http:\/\/semndecarte.metarsis.ro\/wp-content\/uploads\/2018\/12\/Vernisaj_062.jpg\" rel=\"lightbox[12151]\"><img loading=\"lazy\" class=\"alignleft size-thumbnail wp-image-12176\" src=\"http:\/\/semndecarte.metarsis.ro\/wp-content\/uploads\/2018\/12\/Vernisaj_062-95x95.jpg\" alt=\"Vernisaj_062\" width=\"95\" height=\"95\" \/><\/a> <a href=\"http:\/\/semndecarte.metarsis.ro\/wp-content\/uploads\/2018\/12\/Vernisaj_064.jpg\" rel=\"lightbox[12151]\"><img loading=\"lazy\" class=\"alignleft size-thumbnail wp-image-12177\" src=\"http:\/\/semndecarte.metarsis.ro\/wp-content\/uploads\/2018\/12\/Vernisaj_064-95x95.jpg\" alt=\"Vernisaj_064\" width=\"95\" height=\"95\" \/><\/a> <a href=\"http:\/\/semndecarte.metarsis.ro\/wp-content\/uploads\/2018\/12\/Vernisaj_066.jpg\" rel=\"lightbox[12151]\"><img loading=\"lazy\" class=\"alignleft size-thumbnail wp-image-12178\" src=\"http:\/\/semndecarte.metarsis.ro\/wp-content\/uploads\/2018\/12\/Vernisaj_066-95x95.jpg\" alt=\"Vernisaj_066\" width=\"95\" height=\"95\" \/><\/a> <a href=\"http:\/\/semndecarte.metarsis.ro\/wp-content\/uploads\/2018\/12\/Vernisaj_068.jpg\" rel=\"lightbox[12151]\"><img loading=\"lazy\" class=\"alignleft size-thumbnail wp-image-12179\" src=\"http:\/\/semndecarte.metarsis.ro\/wp-content\/uploads\/2018\/12\/Vernisaj_068-95x95.jpg\" alt=\"Vernisaj_068\" width=\"95\" height=\"95\" \/><\/a> <a href=\"http:\/\/semndecarte.metarsis.ro\/wp-content\/uploads\/2018\/12\/Vernisaj_071.jpg\" rel=\"lightbox[12151]\"><img loading=\"lazy\" class=\"alignleft size-thumbnail wp-image-12180\" src=\"http:\/\/semndecarte.metarsis.ro\/wp-content\/uploads\/2018\/12\/Vernisaj_071-95x95.jpg\" alt=\"Vernisaj_071\" width=\"95\" height=\"95\" \/><\/a> <a href=\"http:\/\/semndecarte.metarsis.ro\/wp-content\/uploads\/2018\/12\/Vernisaj_076.jpg\" rel=\"lightbox[12151]\"><img loading=\"lazy\" class=\"alignleft size-thumbnail wp-image-12181\" src=\"http:\/\/semndecarte.metarsis.ro\/wp-content\/uploads\/2018\/12\/Vernisaj_076-95x95.jpg\" alt=\"Vernisaj_076\" width=\"95\" height=\"95\" \/><\/a> <a href=\"http:\/\/semndecarte.metarsis.ro\/wp-content\/uploads\/2018\/12\/Vernisaj_082.jpg\" rel=\"lightbox[12151]\"><img loading=\"lazy\" class=\"alignleft size-thumbnail wp-image-12182\" src=\"http:\/\/semndecarte.metarsis.ro\/wp-content\/uploads\/2018\/12\/Vernisaj_082-95x95.jpg\" alt=\"Vernisaj_082\" width=\"95\" height=\"95\" \/><\/a>Prezent\u0103 la vernisaj, prof. Ecaterina TUDOR, cea care a instruit-o timp de trei ani din cei patru \u00een care Emilia DOGARU a fost elev\u0103 a \u0218colii Populare de Arte \u0219i Meserii \u201dIon Rom\u00e2nu\u201d din Re\u0219i\u021ba, a spus, printre altele: \u201d&#8230;lumea Emiliei este \u00a0una a luminilor \u0219i a culorilor. Autoarea lucr\u0103rilor pe care le vede\u021bi este extrem de serioas\u0103&#8230; Nu exist\u0103 s\u0103 nu-i ias\u0103 o linie, o umbr\u0103 sau o culoare&#8230; Am descoperit-o, eliberat\u0103, la \u0219evalet, mai ales lucr\u00e2nd cu cu\u021bitul, creativ\u0103, foarte curajoas\u0103. Expozi\u021ba ne-o dezv\u0103luie \u00een toat\u0103 frumuse\u021bea ei, am rev\u0103zut-o pe Emilia \u0219i mi-a\u0219 dori s\u0103 nu renun\u021be la pictur\u0103, chiar dac\u0103 merge la stomatologie. Pentru c\u0103 am\u00e2ndou\u0103 sunt ART\u0102&#8230; O felicit \u0219i mi-a\u0219 dori, atunci c\u00e2nd are timp \u0219i simte nevoia, s\u0103 ne \u00eent\u00e2lnim \u00een fa\u021ba \u0219evaletului, la \u0218coal\u0103\u201d a transmis protagonistei, prof. Ecaterina TUDOR. Emo\u021bionat\u0103, Emilia-Mihaela DOGARU a mul\u021bumit colegilor, p\u0103rin\u021bilor \u0219i celor prezen\u021bi, promi\u021b\u00e2nd str\u0103danie pentru \u00eendeplinirea \u201dcontractului\u201d ei cu via\u021ba, conform mottoului pe care \u0219i l-a ales: \u201dVis\u0103m \u0219i ne str\u0103duim p\u00e2n\u0103 visele noastre devin realitate\u201d. Seara s-a \u00eencheiat \u00een emo\u021bia d\u0103ruit\u0103 auditoriului de t\u00e2n\u0103rul pianist Patrick PAULESCU cu G. F. H\u00e4ndel- Passacaglia \u00een Do Major \u0219i Piotr Ilici Ceaikovski \u2013 Barcarola. O \u00eengem\u0103nare perfect\u0103 \u00eentre lumea culorilor \u0219i \u0219i cea a sunetelor \u00eentr-o o sear\u0103 rece de decembrie a anului de gra\u021bie 2018, AN CENTENAR, an \u00een care s-au \u00eemplinit 100 de ani de la na\u0219terea muzicianului, dirijor \u0219i compozitor Ion ROM\u00c2NU, cel care a dat numele \u0218colii de Arte absolvite de Patrick PAULESCU \u0219i de Emilia-Mihaela DOGARU.<\/p>\n<p style=\"text-align: justify;\">Evenimentul organizat de METARSIS- activit\u0103\u021bi \u0219i servicii de cultur\u0103 urban\u0103 \u0219i art\u0103 contemporan\u0103 prin libr\u0103ria Semn de Carte s-a bucurat de prezen\u021ba maestrului Sabin PAUTZA. (Camelia DUCA)<\/p>\n<p>&nbsp;<\/p>\n<p>tag Emilia dogaru, ion romanu, metarsis, semn de carte,\u00a0 pictura,\u00a0 expozitie<\/p>\n","protected":false},"excerpt":{"rendered":"<p>Mar\u021bi, 4 decembrie 2018, Emilia ne-a invitat \u00een lumea ei de LUMINI. Prima expozi\u021bie personal\u0103 de pictur\u0103. Deschis\u0103 pe simezele libr\u0103riei re\u0219i\u021bene Semn de Carte<\/p>\n","protected":false},"author":1,"featured_media":0,"comment_status":"open","ping_status":"open","sticky":false,"template":"","format":"standard","meta":[],"categories":[7],"tags":[720,263,721,423,127,424],"_links":{"self":[{"href":"https:\/\/semndecarte.metarsis.ro\/index.php?rest_route=\/wp\/v2\/posts\/12151"}],"collection":[{"href":"https:\/\/semndecarte.metarsis.ro\/index.php?rest_route=\/wp\/v2\/posts"}],"about":[{"href":"https:\/\/semndecarte.metarsis.ro\/index.php?rest_route=\/wp\/v2\/types\/post"}],"author":[{"embeddable":true,"href":"https:\/\/semndecarte.metarsis.ro\/index.php?rest_route=\/wp\/v2\/users\/1"}],"replies":[{"embeddable":true,"href":"https:\/\/semndecarte.metarsis.ro\/index.php?rest_route=%2Fwp%2Fv2%2Fcomments&post=12151"}],"version-history":[{"count":0,"href":"https:\/\/semndecarte.metarsis.ro\/index.php?rest_route=\/wp\/v2\/posts\/12151\/revisions"}],"wp:attachment":[{"href":"https:\/\/semndecarte.metarsis.ro\/index.php?rest_route=%2Fwp%2Fv2%2Fmedia&parent=12151"}],"wp:term":[{"taxonomy":"category","embeddable":true,"href":"https:\/\/semndecarte.metarsis.ro\/index.php?rest_route=%2Fwp%2Fv2%2Fcategories&post=12151"},{"taxonomy":"post_tag","embeddable":true,"href":"https:\/\/semndecarte.metarsis.ro\/index.php?rest_route=%2Fwp%2Fv2%2Ftags&post=12151"}],"curies":[{"name":"wp","href":"https:\/\/api.w.org\/{rel}","templated":true}]}}