{"id":12042,"date":"2018-10-23T18:42:11","date_gmt":"2018-10-23T16:42:11","guid":{"rendered":"http:\/\/semndecarte.metarsis.ro\/?p=12042"},"modified":"2018-10-26T12:46:48","modified_gmt":"2018-10-26T10:46:48","slug":"dictionar-tehnic-minier","status":"publish","type":"post","link":"https:\/\/semndecarte.metarsis.ro\/?p=12042","title":{"rendered":"DICTIONAR TEHNIC MINIER"},"content":{"rendered":"<p><a href=\"http:\/\/semndecarte.metarsis.ro\/wp-content\/uploads\/2018\/10\/IMG-20181022-WA0006.jpg\" rel=\"lightbox[12042]\"><img loading=\"lazy\" class=\"alignleft size-full wp-image-12044\" src=\"http:\/\/semndecarte.metarsis.ro\/wp-content\/uploads\/2018\/10\/IMG-20181022-WA0006.jpg\" alt=\"IMG-20181022-WA0006\" width=\"519\" height=\"248\" srcset=\"https:\/\/semndecarte.metarsis.ro\/wp-content\/uploads\/2018\/10\/IMG-20181022-WA0006.jpg 519w, https:\/\/semndecarte.metarsis.ro\/wp-content\/uploads\/2018\/10\/IMG-20181022-WA0006-160x76.jpg 160w, https:\/\/semndecarte.metarsis.ro\/wp-content\/uploads\/2018\/10\/IMG-20181022-WA0006-163x78.jpg 163w\" sizes=\"(max-width: 519px) 100vw, 519px\" \/><\/a><\/p>\n<p><strong>DICTIONAR TEHNIC MINIER VALEA JIULUI &#8211; German-Rom\u00e2n<\/strong><\/p>\n<p style=\"text-align: justify;\">Eveniment cuprins \u00een cea de-a XXVIII-a edi\u021bie a DECADEI CULTURII GERMANE \u00ceN BANATUL MONTAN &#8211;\u00a0 sub organizarea Asocia\u021biei Germane de Cultur\u0103 \u0219i Educa\u021bie a Adul\u021bilor Re\u0219i\u021ba, ciclu de manifest\u0103ri tradi\u021bionale ale etniei germane din acest spa\u021biu ales- Banatul de Munte, sub semnul Jubileului \u201d300 de ani de la colonizarea Banatului Montan \u0219i cu germani (1718-2018) \u0219i 100 de ani Rom\u00e2nia Mare (1 decembrie 1018), la libr\u0103ria re\u0219i\u021bean\u0103 Semn de Carte a avut loc, vineri, 12 octombrie 2018,\u00a0 lansarea DIC\u021aIONARULUI\u00a0 TEHNIC MINIER VALEA JIULUI ROM\u00c2N-GERMAN semnat ing. VELICA IOAN, prof. HERMAN ANTON \u0219i dr.ing. BURIAN CONSTANTIN SORIN, editura FOCUS, Petro\u0219ani, 2018. <!--more-->Cuv\u00e2ntul de \u00eenceput a apar\u021binut pre\u0219edintelui Forumului Democratic al Germanilor din Banatul Montan, Erwin Josef \u021aIGLA: \u201dValea Jiului \u00eemp\u0103rt\u0103\u0219e\u0219te, din p\u0103cate, acela\u0219i destin tragic cu marele zone industriale ale Rom\u00e2niei: Re\u0219i\u021ba, Hunedoara, C\u0103lan, Anina, ceea ce m-a determinat ca, atunci c\u00e2nd dl. prof. Herman m-a contactat, am stabilit c\u0103 este important s\u0103 facem lansarea acestui dic\u021bionar nu numai la Re\u0219i\u021ba ci, \u00een mod special, la Anina, autorii fiind oaspe\u021bi dragi, \u0219i pentru c\u0103 Anina \u00eemp\u0103rt\u0103\u0219e\u0219te, cu mici nuan\u021be, aceea\u0219i istorie cu minele din Valea Jiului. Aceea\u0219i istorie, aceea\u0219i cultur\u0103, aceeia\u0219i oameni dedica\u021bi aurului negru\u201d a men\u021bionat Erwin Josef \u021aIGLA. Dintre cei trei autori, la Re\u0219i\u021ba au fost prezen\u021bi doi: prof. Anton HERMAN \u0219i ing. Ioan VELICA.\u00a0\u00a0\u00cenainte de a-\u0219i \u00eencepe alocu\u021biunea, \u00a0Ioan VELICA\u00a0 i-a oferit pre\u0219edintelui Forumului Democratic al Germanilor din Banatul Montan, vicepre\u0219edinte al Forumului Democrat al Germanilor din Banat, pre\u0219edinte al Asocia\u021biei Germane de Cultura\u00a0\u0219i Educa\u021bie a Adul\u021bilor din Re\u0219i\u021ba, Erwin-Josef \u021aIGLA, \u00een numele prof.univ.dr.ing. Sorin Miha RADU, rector al Universit\u0103\u021bii din Petro\u0219ani, \u00a0Medalia de Aur SIGNUM AUREUM UNIVERSITATIS \u00a0la aniversarea a 70 de ani de inv\u0103\u021b\u0103m\u00e2nt superior, pentru merite deosebite. Vorbind despre carte, ing. Ioan VELICA a men\u021bionat, printre istorisiri interesante, pline de farmec: \u201dAcest dic\u021bionar practic s-a folosit \u00een comunicarea dintre minerii germani, rom\u00e2ni, maghiari, slovaci, polonezi ce au lucrat la societ\u0103\u021bile miniere din acest El Dorado al mineritului rom\u00e2nesc, \u00een frumoasa \u0219i fascinanta Vale a Jiului&#8230; Celor cunosc\u0103tori \u00een tainele mineritului din Bazinul Minier al V\u0103ii Jiului, cu aceast\u0103 ocazie, le aducem un profund omagiu ca \u00eenainta\u0219i \u00een descoperirea acestei bog\u0103\u021bii naturale din subteranul Depresiunii Petro\u0219ani \u0219i \u00eei vom p\u0103stra ve\u0219nic \u00een memoria mineritului rom\u00e2nesc. GL\u00dcCK AUF! \u2013NOROC BUN!\u201d a \u021binut s\u0103 puncteze, printre pove\u0219ti \u0219i m\u0103rturisiri, ing. Ioan VELICA, coautor al dic\u021bionarului \u0219i pre\u0219edinte al Ligii Scriitorilor din Rom\u00e2nia, Filiala jud. Hunedoara. Dic\u021bionarul tehnic minier Valea Jiului rom\u00e2n-german marcheaz\u0103 150 de ani de exploatare industrial\u0103 a c\u0103rbunelui \u00een Bazinul Carbonifer Valea Jiului, 1868-2018, PETRO\u0218ANI- PETROSCHENN.<\/p>\n<p style=\"text-align: justify;\"><a href=\"http:\/\/semndecarte.metarsis.ro\/wp-content\/uploads\/2018\/10\/IMG-20181022-WA0010.jpg\" rel=\"lightbox[12042]\"><img loading=\"lazy\" class=\"alignleft size-thumbnail wp-image-12048\" src=\"http:\/\/semndecarte.metarsis.ro\/wp-content\/uploads\/2018\/10\/IMG-20181022-WA0010-95x95.jpg\" alt=\"IMG-20181022-WA0010\" width=\"95\" height=\"95\" \/><\/a> <a href=\"http:\/\/semndecarte.metarsis.ro\/wp-content\/uploads\/2018\/10\/IMG-20181022-WA0011.jpg\" rel=\"lightbox[12042]\"><img loading=\"lazy\" class=\"alignleft size-thumbnail wp-image-12049\" src=\"http:\/\/semndecarte.metarsis.ro\/wp-content\/uploads\/2018\/10\/IMG-20181022-WA0011-95x95.jpg\" alt=\"IMG-20181022-WA0011\" width=\"95\" height=\"95\" \/><\/a> <a href=\"http:\/\/semndecarte.metarsis.ro\/wp-content\/uploads\/2018\/10\/IMG-20181022-WA0014.jpg\" rel=\"lightbox[12042]\"><img loading=\"lazy\" class=\"alignleft size-thumbnail wp-image-12050\" src=\"http:\/\/semndecarte.metarsis.ro\/wp-content\/uploads\/2018\/10\/IMG-20181022-WA0014-95x95.jpg\" alt=\"IMG-20181022-WA0014\" width=\"95\" height=\"95\" \/><\/a> <a href=\"http:\/\/semndecarte.metarsis.ro\/wp-content\/uploads\/2018\/10\/IMG-20181022-WA0018.jpg\" rel=\"lightbox[12042]\"><img loading=\"lazy\" class=\"alignleft size-thumbnail wp-image-12051\" src=\"http:\/\/semndecarte.metarsis.ro\/wp-content\/uploads\/2018\/10\/IMG-20181022-WA0018-95x95.jpg\" alt=\"IMG-20181022-WA0018\" width=\"95\" height=\"95\" \/><\/a> <a href=\"http:\/\/semndecarte.metarsis.ro\/wp-content\/uploads\/2018\/10\/IMG-20181022-WA0019.jpg\" rel=\"lightbox[12042]\"><img loading=\"lazy\" class=\"alignleft size-thumbnail wp-image-12052\" src=\"http:\/\/semndecarte.metarsis.ro\/wp-content\/uploads\/2018\/10\/IMG-20181022-WA0019-95x95.jpg\" alt=\"IMG-20181022-WA0019\" width=\"95\" height=\"95\" \/><\/a>Seara s-a \u00eencheiat cu un microrecital de vioar\u0103 sus\u021binut de prof. George Gassenheimer. (Camelia DUCA)<\/p>\n","protected":false},"excerpt":{"rendered":"<p>Eveniment cuprins \u00een cea de-a XXVIII-a edi\u021bie a DECADEI CULTURII GERMANE \u00ceN BANATUL MONTAN &#8211;  sub organizarea Asocia\u021biei Germane de Cultur\u0103 \u0219i Educa\u021bie a Adul\u021bilor Re\u0219i\u021ba, ciclu de manifest\u0103ri tradi\u021bionale ale etniei germane din acest spa\u021biu ales- Banatul de Munte, sub semnul Jubileului \u201d300 de ani de la colonizarea Banatului Montan \u0219i cu germani (1718-2018) \u0219i 100 de ani Rom\u00e2nia Mare (1 decembrie 1018), la libr\u0103ria re\u0219i\u021bean\u0103 Semn de Carte a avut loc, vineri, 12 octombrie 2018,  lansarea DIC\u021aIONARULUI  TEHNIC MINIER VALEA JIULUI ROM\u00c2N-GERMAN semnat ing. VELICA IOAN, prof. HERMAN ANTON \u0219i dr.ing. BURIAN CONSTANTIN SORIN, editura FOCUS, Petro\u0219ani, 2018.<\/p>\n","protected":false},"author":1,"featured_media":0,"comment_status":"open","ping_status":"open","sticky":false,"template":"","format":"standard","meta":[],"categories":[7],"tags":[69],"_links":{"self":[{"href":"https:\/\/semndecarte.metarsis.ro\/index.php?rest_route=\/wp\/v2\/posts\/12042"}],"collection":[{"href":"https:\/\/semndecarte.metarsis.ro\/index.php?rest_route=\/wp\/v2\/posts"}],"about":[{"href":"https:\/\/semndecarte.metarsis.ro\/index.php?rest_route=\/wp\/v2\/types\/post"}],"author":[{"embeddable":true,"href":"https:\/\/semndecarte.metarsis.ro\/index.php?rest_route=\/wp\/v2\/users\/1"}],"replies":[{"embeddable":true,"href":"https:\/\/semndecarte.metarsis.ro\/index.php?rest_route=%2Fwp%2Fv2%2Fcomments&post=12042"}],"version-history":[{"count":0,"href":"https:\/\/semndecarte.metarsis.ro\/index.php?rest_route=\/wp\/v2\/posts\/12042\/revisions"}],"wp:attachment":[{"href":"https:\/\/semndecarte.metarsis.ro\/index.php?rest_route=%2Fwp%2Fv2%2Fmedia&parent=12042"}],"wp:term":[{"taxonomy":"category","embeddable":true,"href":"https:\/\/semndecarte.metarsis.ro\/index.php?rest_route=%2Fwp%2Fv2%2Fcategories&post=12042"},{"taxonomy":"post_tag","embeddable":true,"href":"https:\/\/semndecarte.metarsis.ro\/index.php?rest_route=%2Fwp%2Fv2%2Ftags&post=12042"}],"curies":[{"name":"wp","href":"https:\/\/api.w.org\/{rel}","templated":true}]}}