{"id":12025,"date":"2018-10-15T18:12:03","date_gmt":"2018-10-15T16:12:03","guid":{"rendered":"http:\/\/semndecarte.metarsis.ro\/?p=12025"},"modified":"2018-10-15T18:13:01","modified_gmt":"2018-10-15T16:13:01","slug":"ai-carte-ai-parte-de-libertate","status":"publish","type":"post","link":"https:\/\/semndecarte.metarsis.ro\/?p=12025","title":{"rendered":"\u201e Ai carte, ai parte&#8230; de LIBERTATE!\u201d"},"content":{"rendered":"<p><strong><a href=\"http:\/\/semndecarte.metarsis.ro\/wp-content\/uploads\/2018\/10\/trafic.jpg\" rel=\"lightbox[12025]\"><img loading=\"lazy\" class=\"alignleft size-full wp-image-12026\" src=\"http:\/\/semndecarte.metarsis.ro\/wp-content\/uploads\/2018\/10\/trafic.jpg\" alt=\"trafic\" width=\"520\" height=\"289\" srcset=\"https:\/\/semndecarte.metarsis.ro\/wp-content\/uploads\/2018\/10\/trafic.jpg 520w, https:\/\/semndecarte.metarsis.ro\/wp-content\/uploads\/2018\/10\/trafic-160x89.jpg 160w, https:\/\/semndecarte.metarsis.ro\/wp-content\/uploads\/2018\/10\/trafic-163x91.jpg 163w\" sizes=\"(max-width: 520px) 100vw, 520px\" \/><\/a>Ziua\u00a0 European\u0103 de lupt\u0103 \u00eempotriva traficului de persoane<\/strong><\/p>\n<p style=\"text-align: justify;\">Mar\u021bi, 16 octombrie 2018, \u00eentre 12:30- 13:30, libr\u0103ria \u201dSemn de Carte\u201d din Re\u0219i\u021ba. str. Libert\u0103\u021bii 13, va g\u0103zdui o \u00een\u00e2lnire a\u00a0 reprezentan\u021bilor Centrului Regional Timi\u0219oara Impotriva Traficului de Persoane cu elevi re\u0219i\u021beni.<\/p>\n<p style=\"text-align: justify;\">18 octombrie este declarat\u0103, din 2007,\u00a0\u201dZiua European\u0103 de lupt\u0103 \u00eempotriva traficului de persoane\u201d &#8211; un pas important intreprins de Comisia Europeana pentru prevenirea \u0219i combaterea traficului de persoane prin cre\u0219terea gradului de con\u0219tientizare a popula\u021biei asupra acestui fenomen.<!--more--><\/p>\n<p style=\"text-align: justify;\">Traficul de fiin\u021be umane &#8211; fenomen cu multe dimesiuni: \u00eenc\u0103lcare grav\u0103 a drepturilor omului, fenomen economic \u0219i social cu consecin\u021be grave \u00een \u00eentreaga regiune \u0219i \u00een societate, un aspect penal \u00een care trafican\u021bii \u0219i nu victimele sunt adev\u0103ra\u021bii infractori.<\/p>\n<p style=\"text-align: justify;\">\u201e Ai carte, ai parte&#8230;de LIBERTATE!\u201d este un proiect derulat de Agen\u021bia Na\u021bional\u0103 \u00cempotriva Traficului de Persoane, Centrul Regional Timi\u0219oara, un exerci\u0163iu de cre\u015fterea gradului de con\u015ftientizare a popula\u0163iei asupra riscurilor acestui fenomen.<\/p>\n","protected":false},"excerpt":{"rendered":"<p>Mar\u021bi, 16 octombrie 2018, \u00eentre 12:30- 13:30, libr\u0103ria \u201dSemn de Carte\u201d din Re\u0219i\u021ba. str. Libert\u0103\u021bii 13, va g\u0103zdui o \u00een\u00e2lnire a  reprezentan\u021bilor Centrului Regional Timi\u0219oara Impotriva Traficului de Persoane cu elevi re\u0219i\u021beni.<\/p>\n","protected":false},"author":1,"featured_media":0,"comment_status":"open","ping_status":"open","sticky":false,"template":"","format":"standard","meta":[],"categories":[3],"tags":[718,719],"_links":{"self":[{"href":"https:\/\/semndecarte.metarsis.ro\/index.php?rest_route=\/wp\/v2\/posts\/12025"}],"collection":[{"href":"https:\/\/semndecarte.metarsis.ro\/index.php?rest_route=\/wp\/v2\/posts"}],"about":[{"href":"https:\/\/semndecarte.metarsis.ro\/index.php?rest_route=\/wp\/v2\/types\/post"}],"author":[{"embeddable":true,"href":"https:\/\/semndecarte.metarsis.ro\/index.php?rest_route=\/wp\/v2\/users\/1"}],"replies":[{"embeddable":true,"href":"https:\/\/semndecarte.metarsis.ro\/index.php?rest_route=%2Fwp%2Fv2%2Fcomments&post=12025"}],"version-history":[{"count":0,"href":"https:\/\/semndecarte.metarsis.ro\/index.php?rest_route=\/wp\/v2\/posts\/12025\/revisions"}],"wp:attachment":[{"href":"https:\/\/semndecarte.metarsis.ro\/index.php?rest_route=%2Fwp%2Fv2%2Fmedia&parent=12025"}],"wp:term":[{"taxonomy":"category","embeddable":true,"href":"https:\/\/semndecarte.metarsis.ro\/index.php?rest_route=%2Fwp%2Fv2%2Fcategories&post=12025"},{"taxonomy":"post_tag","embeddable":true,"href":"https:\/\/semndecarte.metarsis.ro\/index.php?rest_route=%2Fwp%2Fv2%2Ftags&post=12025"}],"curies":[{"name":"wp","href":"https:\/\/api.w.org\/{rel}","templated":true}]}}