{"id":12020,"date":"2018-10-04T18:22:48","date_gmt":"2018-10-04T16:22:48","guid":{"rendered":"http:\/\/semndecarte.metarsis.ro\/?p=12020"},"modified":"2018-10-04T18:26:05","modified_gmt":"2018-10-04T16:26:05","slug":"kirchweih-wolfsberg-garana-2018","status":"publish","type":"post","link":"https:\/\/semndecarte.metarsis.ro\/?p=12020","title":{"rendered":"Kirchweih &#8211; Wolfsberg \/ G\u0103r\u00e2na 2018"},"content":{"rendered":"<p style=\"text-align: justify;\"><a href=\"http:\/\/semndecarte.metarsis.ro\/wp-content\/uploads\/2018\/10\/Wolfsberger-Kirchweih-cop.jpg\" rel=\"lightbox[12020]\"><img loading=\"lazy\" class=\"alignleft size-full wp-image-12021\" src=\"http:\/\/semndecarte.metarsis.ro\/wp-content\/uploads\/2018\/10\/Wolfsberger-Kirchweih-cop.jpg\" alt=\"Wolfsberger Kirchweih cop\" width=\"520\" height=\"200\" srcset=\"https:\/\/semndecarte.metarsis.ro\/wp-content\/uploads\/2018\/10\/Wolfsberger-Kirchweih-cop.jpg 520w, https:\/\/semndecarte.metarsis.ro\/wp-content\/uploads\/2018\/10\/Wolfsberger-Kirchweih-cop-160x62.jpg 160w, https:\/\/semndecarte.metarsis.ro\/wp-content\/uploads\/2018\/10\/Wolfsberger-Kirchweih-cop-163x63.jpg 163w\" sizes=\"(max-width: 520px) 100vw, 520px\" \/><\/a>\u201cNu aspira s\u0103 fii binef\u0103c\u0103torul \u00eentregii omeniri, ci mul\u0163ume\u015fte-te s\u0103 faci bine persoanelor \u00een mijlocul c\u0103rora tr\u0103ie\u015fti.\u201d Sf. Tereza de Avila<\/p>\n<p style=\"text-align: justify;\">S\u00e2mb\u0103t\u0103, 13 octombrie 2018, G\u0103r\u00e2na \/ Wolfsberg, micu\u0163a localitate din Banatul Montan, a\u0219ezat\u0103\u00a0la poalele Semenicului, va \u00eembr\u0103ca straie de s\u0103rb\u0103toare. Cel de-al 139-lea Kirchweih, Hram al Bisericii Romano-Catolice Sf\u00e2nta Tereza de Avila (1515-1582), biseric\u0103 ridicat\u0103 \u00een anul 1879 de germanii coloniza\u021bi aici de Francisc I, va fi marcat anul acesta dup\u0103 urm\u0103torul program:<\/p>\n<p style=\"text-align: justify;\">11:00 \u2013\u00a0Intermezzo muzical cu fanfara Bergwerkskapelle din Steierdorf \u2013 \u00een fa\u021ba Bisericii Sf. Tereza de Avila.<\/p>\n<p style=\"text-align: justify;\">11:30 \u2013 Sf\u00e2nt\u0103 liturghie de hram oficiat\u0103 de Monseniorul Johann Dirschl, parinte vicar general al Episcopiei Romano-Catolice Timisoara si parintele Beniamin P\u0103lie, preot paroh (Re\u0219i\u021ba).<!--more--><\/p>\n<p style=\"text-align: justify;\">12:30 \u2013 Procesiune de hram cu fanfara Bergwerkskapelle din Steierdorf de de la biseric\u0103 la Casa FEIE\u0218 &#8211; G\u0103r\u00e2na nr. 32 \u0219i parada pomului de Kirchweih c\u0103tre locul de ridicare din fa\u021ba bisericii.<\/p>\n<p style=\"text-align: justify;\">13:45 \u2013 Program de dansuri populare germane sus\u021binut de forma\u021bii\u00a0ale Forumului Democratic al Germanilor din Banatul Montan \u0219i Timi\u0219oara,\u00a0\u2013 program muzical de fanfar\u0103.<\/p>\n<p style=\"text-align: justify;\">19:00 \u2013 Balul de Kirchweih cu Wolfsberger Musikanten.<\/p>\n<p style=\"text-align: justify;\"><a href=\"http:\/\/semndecarte.metarsis.ro\/wp-content\/uploads\/2018\/10\/afis-kirchweih-2018-garana-net.jpg\" rel=\"lightbox[12020]\"><img loading=\"lazy\" class=\"alignleft size-large wp-image-12022\" src=\"http:\/\/semndecarte.metarsis.ro\/wp-content\/uploads\/2018\/10\/afis-kirchweih-2018-garana-net-114x163.jpg\" alt=\"afis kirchweih 2018 garana net\" width=\"114\" height=\"163\" srcset=\"https:\/\/semndecarte.metarsis.ro\/wp-content\/uploads\/2018\/10\/afis-kirchweih-2018-garana-net-114x163.jpg 114w, https:\/\/semndecarte.metarsis.ro\/wp-content\/uploads\/2018\/10\/afis-kirchweih-2018-garana-net-112x160.jpg 112w, https:\/\/semndecarte.metarsis.ro\/wp-content\/uploads\/2018\/10\/afis-kirchweih-2018-garana-net.jpg 1050w\" sizes=\"(max-width: 114px) 100vw, 114px\" \/><\/a>Organizator principal: Societatea pentru Cultur\u0103 METARSIS<\/p>\n<p style=\"text-align: justify;\">\u00cen colaborare cu: Comuna Brebu Nou, Biserica romano-catolic\u0103 Sf. Tereza de Avila G\u0103r\u00e2na, Biserica Romano-Catolic\u0103 Maria Z\u0103pezii Re\u0219i\u021ba, Forumul Democratic al Germanilor din Banatul Montan, Forumul Democratic al Germanilor din Timisoara, Ocolul Silvic Valiug, GRADIMEX, REFIL, GORDIAN, SOCEPAN, MARBEK, Pensiunea Gotschna, Pensiunea HEIDI, Gasthaus CRISTEL, Hanul LA RASCRUCE, Pensiunea Sus \u00een Sat, Wolfhaus 109.<\/p>\n<p style=\"text-align: justify;\">Parteneri media: Uniunea Ziari\u0219tilor Profesioni\u0219ti, Radio Rom\u00e2nia Timi\u0219oara, Radio Rom\u00e2nia Re\u0219i\u021ba, Jurnal de Cara\u0219-Severin, TVR Timi\u0219oara, Banat Media, Express de Banat, AgerPress,\u00a0 Reper 24, Argument CS, Info CS, Piperiu Publica\u021bii.<\/p>\n","protected":false},"excerpt":{"rendered":"<p>S\u00e2mb\u0103t\u0103, 13 octombrie 2018, G\u0103r\u00e2na \/ Wolfsberg, micu\u0163a localitate din Banatul Montan, a\u0219ezat\u0103 la poalele Semenicului, va \u00eembr\u0103ca straie de s\u0103rb\u0103toare. Cel de-al 139-lea Kirchweih, Hram al Bisericii Romano-Catolice Sf\u00e2nta Tereza de Avila (1515-1582), biseric\u0103 ridicat\u0103 \u00een anul 1879 de germanii coloniza\u021bi aici de Francisc I, va fi marcat anul acesta dup\u0103 urm\u0103torul program<\/p>\n","protected":false},"author":1,"featured_media":0,"comment_status":"open","ping_status":"open","sticky":false,"template":"","format":"standard","meta":[],"categories":[3],"tags":[409],"_links":{"self":[{"href":"https:\/\/semndecarte.metarsis.ro\/index.php?rest_route=\/wp\/v2\/posts\/12020"}],"collection":[{"href":"https:\/\/semndecarte.metarsis.ro\/index.php?rest_route=\/wp\/v2\/posts"}],"about":[{"href":"https:\/\/semndecarte.metarsis.ro\/index.php?rest_route=\/wp\/v2\/types\/post"}],"author":[{"embeddable":true,"href":"https:\/\/semndecarte.metarsis.ro\/index.php?rest_route=\/wp\/v2\/users\/1"}],"replies":[{"embeddable":true,"href":"https:\/\/semndecarte.metarsis.ro\/index.php?rest_route=%2Fwp%2Fv2%2Fcomments&post=12020"}],"version-history":[{"count":0,"href":"https:\/\/semndecarte.metarsis.ro\/index.php?rest_route=\/wp\/v2\/posts\/12020\/revisions"}],"wp:attachment":[{"href":"https:\/\/semndecarte.metarsis.ro\/index.php?rest_route=%2Fwp%2Fv2%2Fmedia&parent=12020"}],"wp:term":[{"taxonomy":"category","embeddable":true,"href":"https:\/\/semndecarte.metarsis.ro\/index.php?rest_route=%2Fwp%2Fv2%2Fcategories&post=12020"},{"taxonomy":"post_tag","embeddable":true,"href":"https:\/\/semndecarte.metarsis.ro\/index.php?rest_route=%2Fwp%2Fv2%2Ftags&post=12020"}],"curies":[{"name":"wp","href":"https:\/\/api.w.org\/{rel}","templated":true}]}}