{"id":11961,"date":"2018-08-13T21:40:17","date_gmt":"2018-08-13T19:40:17","guid":{"rendered":"http:\/\/semndecarte.metarsis.ro\/?p=11961"},"modified":"2018-08-13T21:40:17","modified_gmt":"2018-08-13T19:40:17","slug":"traversarea-lacului-valiug","status":"publish","type":"post","link":"https:\/\/semndecarte.metarsis.ro\/?p=11961","title":{"rendered":"Traversarea lacului V\u0102LIUG"},"content":{"rendered":"<p><strong>\u00a0Masters \u00cenot Re\u0219i\u021ba 07<\/strong><\/p>\n<p style=\"text-align: justify;\"><a href=\"http:\/\/semndecarte.metarsis.ro\/wp-content\/uploads\/2018\/08\/cop-Traversare-Valiug-2018_691.jpg\" rel=\"lightbox[11961]\"><img loading=\"lazy\" class=\"alignleft size-full wp-image-11962\" src=\"http:\/\/semndecarte.metarsis.ro\/wp-content\/uploads\/2018\/08\/cop-Traversare-Valiug-2018_691.jpg\" alt=\"cop Traversare Valiug 2018_691\" width=\"520\" height=\"200\" srcset=\"https:\/\/semndecarte.metarsis.ro\/wp-content\/uploads\/2018\/08\/cop-Traversare-Valiug-2018_691.jpg 520w, https:\/\/semndecarte.metarsis.ro\/wp-content\/uploads\/2018\/08\/cop-Traversare-Valiug-2018_691-160x62.jpg 160w, https:\/\/semndecarte.metarsis.ro\/wp-content\/uploads\/2018\/08\/cop-Traversare-Valiug-2018_691-163x63.jpg 163w\" sizes=\"(max-width: 520px) 100vw, 520px\" \/><\/a>Aflat la poalele Mun\u021bilor Semenic,\u00a0\u00een amonte de comuna V\u0103liug, jude\u021bul Cara\u0219-Sverin, \u00een Banatul Montan, la o altitudine de 600 de metri, barajul Gozna construit \u00eentre 1959-1961, a\u00a0intrat \u00een con\u0219tiin\u021ba public\u0103\u00a0sub denumirea Barajul Valiug devenind, \u00een ani, una dintre atrac\u021biile de vara pentru \u00eentreaga zon\u0103 de vest a Rom\u00e2niei, \u0219i nu numai. Aici, \u00eentr-un cadru de vis, s\u00e2mb\u0103t\u0103, 11 august 2018, s-a desf\u0103\u0219urat\u00a0edi\u021bia a X-a, jubiliar\u0103,\u00a0a tradi\u021bionalei competi\u021bii de \u00eenot\u00a0\u00een ape deschise\u00a0\u201dTraversarea lacului V\u0103liug\u201d.\u00a0Cu o participare record- peste 160 de \u00eenot\u0103tori cu v\u00eerste cuprinse \u00eentre 8- 71 de ani, cu trei probe de concurs:\u00a0\u201dcopii sub 14 ani\u201d,\u00a0\u201dproba scurt\u0103 \u201d 400 m \u0219i \u201dproba lung\u0103\u201d 2.000 m, competi\u021bia a adunat la start \u00eenot\u0103tori din Rom\u00e2nia:\u00a0\u00a0Bucure\u0219ti, Cluj, Bra\u0219ov, Tg.Mure\u0219, Timi\u0219oara, Arad, Ploie\u0219ti, Turnu Severin, Caransebe\u0219, Lugoj, Re\u0219i\u021ba, din Germania \u0219i SUA. Organizatorii &#8211;\u00a0membri ai Clubului de \u00cenot Masters Re\u0219i\u021ba 07- club \u00eenfiin\u021bat acum 11 ani la ini\u021biativa a doua foste \u00eenot\u0103toare re\u0219i\u021bene ajunse la v\u00e2rsta maturit\u0103\u021bii:\u00a0Monica Horvat\u00a0\u0219i\u00a0Dorina- Maria Iana (Mezinca)- actual director executiv, c\u0103rora li s-au ad\u0103ugat, \u00een grupul de ini\u021biativ\u0103: Valeriu Buzatu, Alexandru Gherban, S\u00e2nziana Gherban, Doru-Dinu Gl\u0103van, Marius Meresz, Sorin Miulescu, Lucian Orel, Judith Agnes Pau, Marius \u0218tef\u0103nescu \u0219i Carla Troner<!--more--> \u0219i\u00a0\u00een care activeaz\u0103, \u00een prezent, peste 40 de fo\u0219ti \u00eenot\u0103tori \u0219i sportivi de performan\u021b\u0103, au reu\u0219it, anul acesta, o edi\u021bie de excep\u021bie: participan\u021bi record, chituri de concurs- tricou, casc\u0103, batoane energizante, ap\u0103, diplome de participare, medalii acordate primilor trei clasati pe categorii de concurs, v\u00e2rst\u0103 \u0219i sex. S-au acordat cupe pentru: Juniorul competi\u021biei \u2013 re\u0219i\u021beanul Mihai Tob\u0103 de 8 ani, Seniorul competi\u021biei- col.rez. Traian Bogdan \u0219i, \u00een premier\u0103, cupe pentru cel mai bun timp realizat la cele dou\u0103 probe 400m \u0219i 2.000 m, ambele fiind c\u00e2\u0219tigate de Radu Vaipan (18 ani)\u00a0din Timi\u0219oara. Mai multe detalii despre clasific\u0103ri \u0219i imagini din competi\u021bie pute\u021bi vedea pe\u00a0\u00a0<a href=\"http:\/\/www.inotmasters-resita07.ro\/\" data-saferedirecturl=\"https:\/\/www.google.com\/url?hl=en&amp;q=http:\/\/www.inotmasters-resita07.ro\/&amp;source=gmail&amp;ust=1534270967651000&amp;usg=AFQjCNEu9apLbIsTDDd4Fz_BeBBQeoSZnA\">http:\/\/www.inotmasters-resita07.ro\/<\/a>.\u00a0\u00a0Premierea a fost facut\u0103 de multipla campioan\u0103 na\u021bional\u0103 \u0219i vicecampioan\u0103 european\u0103, participant\u0103 la trei Olimpiade: 1988- Seul, 1992- Barcelona \u0219i 1996- Atlanta,\u00a0produs al \u0218colii de \u00cenot re\u0219i\u021bene fondat\u0103 de antrenorul emerit, regretatul\u00a0\u00a0Ioan Schuster, de\u00a0\u00a0Maestru Interna\u021bional al Sportului Lumini\u021ba Dobrescu. Evenimentul s-a \u00eencheiat cu tradi\u021bionalul gula\u0219 oferit, \u0219i anul acesta, ca \u00een fiecare an, de Ponton Casa Baraj- loca\u021bie binecunoscut\u0103 \u00een vestul \u021b\u0103rii pentru week-endurile incendiare pe care le g\u0103zduie\u0219te. \u201dCopeti\u021bia a fost un real succes. Am promovat\u00a0\u00a0\u00eenotul, mi\u0219carea \u00een aer liber, fair-playiul, prietenia. Mul\u021bumesc tuturor celor care s-au implicat \u0219i ne-au ajutat la organizarea competitiei \u00een ape deschise: Traversarea lacului Valiug 2018 editia a X-a, desfasurata la Ponton Casa Baraj si organizata de Clubul sportiv de inot Resita 07. Mul\u021bumim pentru sprijinul financiar oferit de Prim\u0103ria Resi\u021ba \u0219i\u00a0\u00a0Consiliul Local. Mul\u021bumim gazdelor noastre de la Ponton Casa Baraj care ne asigur\u0103 cele mai bune condi\u021bii pentru competi\u021bie \u0219i care au oferit participan\u021bilor tradi\u021bionalul gula\u0219, \u00eencepand cu prima edi\u021bie \u0219i p\u00e2n\u0103 \u00een prezent. Multumim ISU Semenic. Multumim echipei de voluntari: Salvamont Cara\u0219- Severin, Valentin Balaban, Stoica Maria \u0219i Cristian Anghelus, Claudiu Iana, Roxana \u0219i Robert Laszlo, Judith Pau,\u00a0Iosij Pascu, Remo Florescu, Mircea \u021aunea, Gregor Eduard \u0219i Eric,Rodica Grangure,\u00a0Albai Iolanda, Carmen \u0219i Ilie Vergheliuc, Tamara Preda,\u00a0\u00a0Lumini\u021ba Dobrescu, Iasmina Cojocariu, Gabriela \u021aiclovan , Camelia \u0219i Lucian Duca, Sorin Miulescu\u201d\u00a0a \u021binut s\u0103 precizeze Dorina-Maria Iana, pre\u0219edinte executiv Club \u00cenot Masters Re\u0219i\u021ba 07.<\/p>\n<p style=\"text-align: justify;\"><a href=\"http:\/\/semndecarte.metarsis.ro\/wp-content\/uploads\/2018\/08\/011.jpg\" rel=\"lightbox[11961]\"><img loading=\"lazy\" class=\"alignleft size-thumbnail wp-image-11963\" src=\"http:\/\/semndecarte.metarsis.ro\/wp-content\/uploads\/2018\/08\/011-95x95.jpg\" alt=\"01\" width=\"95\" height=\"95\" \/><\/a> <a href=\"http:\/\/semndecarte.metarsis.ro\/wp-content\/uploads\/2018\/08\/02.jpg\" rel=\"lightbox[11961]\"><img loading=\"lazy\" class=\"alignleft size-thumbnail wp-image-11964\" src=\"http:\/\/semndecarte.metarsis.ro\/wp-content\/uploads\/2018\/08\/02-95x95.jpg\" alt=\"02\" width=\"95\" height=\"95\" \/><\/a> <a href=\"http:\/\/semndecarte.metarsis.ro\/wp-content\/uploads\/2018\/08\/031.jpg\" rel=\"lightbox[11961]\"><img loading=\"lazy\" class=\"alignleft size-thumbnail wp-image-11965\" src=\"http:\/\/semndecarte.metarsis.ro\/wp-content\/uploads\/2018\/08\/031-95x95.jpg\" alt=\"03\" width=\"95\" height=\"95\" \/><\/a> <a href=\"http:\/\/semndecarte.metarsis.ro\/wp-content\/uploads\/2018\/08\/041.jpg\" rel=\"lightbox[11961]\"><img loading=\"lazy\" class=\"alignleft size-thumbnail wp-image-11966\" src=\"http:\/\/semndecarte.metarsis.ro\/wp-content\/uploads\/2018\/08\/041-95x95.jpg\" alt=\"04\" width=\"95\" height=\"95\" \/><\/a> <a href=\"http:\/\/semndecarte.metarsis.ro\/wp-content\/uploads\/2018\/08\/05.jpg\" rel=\"lightbox[11961]\"><img loading=\"lazy\" class=\"alignleft size-thumbnail wp-image-11967\" src=\"http:\/\/semndecarte.metarsis.ro\/wp-content\/uploads\/2018\/08\/05-95x95.jpg\" alt=\"05\" width=\"95\" height=\"95\" \/><\/a> <a href=\"http:\/\/semndecarte.metarsis.ro\/wp-content\/uploads\/2018\/08\/061.jpg\" rel=\"lightbox[11961]\"><img loading=\"lazy\" class=\"alignleft size-thumbnail wp-image-11968\" src=\"http:\/\/semndecarte.metarsis.ro\/wp-content\/uploads\/2018\/08\/061-95x95.jpg\" alt=\"06\" width=\"95\" height=\"95\" \/><\/a> <a href=\"http:\/\/semndecarte.metarsis.ro\/wp-content\/uploads\/2018\/08\/071.jpg\" rel=\"lightbox[11961]\"><img loading=\"lazy\" class=\"alignleft size-thumbnail wp-image-11969\" src=\"http:\/\/semndecarte.metarsis.ro\/wp-content\/uploads\/2018\/08\/071-95x95.jpg\" alt=\"07\" width=\"95\" height=\"95\" \/><\/a> <a href=\"http:\/\/semndecarte.metarsis.ro\/wp-content\/uploads\/2018\/08\/08.jpg\" rel=\"lightbox[11961]\"><img loading=\"lazy\" class=\"alignleft size-thumbnail wp-image-11970\" src=\"http:\/\/semndecarte.metarsis.ro\/wp-content\/uploads\/2018\/08\/08-95x95.jpg\" alt=\"08\" width=\"95\" height=\"95\" \/><\/a> <a href=\"http:\/\/semndecarte.metarsis.ro\/wp-content\/uploads\/2018\/08\/09.jpg\" rel=\"lightbox[11961]\"><img loading=\"lazy\" class=\"alignleft size-thumbnail wp-image-11971\" src=\"http:\/\/semndecarte.metarsis.ro\/wp-content\/uploads\/2018\/08\/09-95x95.jpg\" alt=\"09\" width=\"95\" height=\"95\" \/><\/a> <a href=\"http:\/\/semndecarte.metarsis.ro\/wp-content\/uploads\/2018\/08\/10.jpg\" rel=\"lightbox[11961]\"><img loading=\"lazy\" class=\"alignleft size-thumbnail wp-image-11972\" src=\"http:\/\/semndecarte.metarsis.ro\/wp-content\/uploads\/2018\/08\/10-95x95.jpg\" alt=\"10\" width=\"95\" height=\"95\" \/><\/a> <a href=\"http:\/\/semndecarte.metarsis.ro\/wp-content\/uploads\/2018\/08\/11.jpg\" rel=\"lightbox[11961]\"><img loading=\"lazy\" class=\"alignleft size-thumbnail wp-image-11973\" src=\"http:\/\/semndecarte.metarsis.ro\/wp-content\/uploads\/2018\/08\/11-95x95.jpg\" alt=\"11\" width=\"95\" height=\"95\" \/><\/a> <a href=\"http:\/\/semndecarte.metarsis.ro\/wp-content\/uploads\/2018\/08\/12.jpg\" rel=\"lightbox[11961]\"><img loading=\"lazy\" class=\"alignleft size-thumbnail wp-image-11974\" src=\"http:\/\/semndecarte.metarsis.ro\/wp-content\/uploads\/2018\/08\/12-95x95.jpg\" alt=\"12\" width=\"95\" height=\"95\" \/><\/a> <a href=\"http:\/\/semndecarte.metarsis.ro\/wp-content\/uploads\/2018\/08\/13.jpg\" rel=\"lightbox[11961]\"><img loading=\"lazy\" class=\"alignleft size-thumbnail wp-image-11975\" src=\"http:\/\/semndecarte.metarsis.ro\/wp-content\/uploads\/2018\/08\/13-95x95.jpg\" alt=\"13\" width=\"95\" height=\"95\" \/><\/a> <a href=\"http:\/\/semndecarte.metarsis.ro\/wp-content\/uploads\/2018\/08\/14.jpg\" rel=\"lightbox[11961]\"><img loading=\"lazy\" class=\"alignleft size-thumbnail wp-image-11976\" src=\"http:\/\/semndecarte.metarsis.ro\/wp-content\/uploads\/2018\/08\/14-95x95.jpg\" alt=\"14\" width=\"95\" height=\"95\" \/><\/a> <a href=\"http:\/\/semndecarte.metarsis.ro\/wp-content\/uploads\/2018\/08\/15.jpg\" rel=\"lightbox[11961]\"><img loading=\"lazy\" class=\"alignleft size-thumbnail wp-image-11977\" src=\"http:\/\/semndecarte.metarsis.ro\/wp-content\/uploads\/2018\/08\/15-95x95.jpg\" alt=\"15\" width=\"95\" height=\"95\" \/><\/a>Un sf\u00e2r\u0219it de s\u0103pt\u0103m\u00e2n\u0103 excelent\u00a0\u00a0\u00een natura mirific\u0103 a Banatului Montan, cu mi\u0219care mult\u0103 al\u0103turi de oameni tonici, \u00eentre prieteni. Pentru c\u0103&#8230; #totulesteiubire.<\/p>\n<p style=\"text-align: justify;\">METARSIS- activit\u0103\u021bi \u0219i servicii de cultur\u0103 urban\u0103 \u0219i art\u0103 contemporan\u0103 a fost voluntar al evenimentului \u0219i sus\u021bine mi\u0219carea pentru s\u0103n\u0103tate. (Camelia Duca)<\/p>\n","protected":false},"excerpt":{"rendered":"<p>Aflat la poalele Mun\u021bilor Semenic, \u00een amonte de comuna V\u0103liug, jude\u021bul Cara\u0219-Sverin, \u00een Banatul Montan, la o altitudine de 600 de metri, barajul Gozna construit \u00eentre 1959-1961, a intrat \u00een con\u0219tiin\u021ba public\u0103 sub denumirea Barajul Valiug devenind, \u00een ani, una dintre atrac\u021biile de vara pentru \u00eentreaga zon\u0103 de vest a Rom\u00e2niei, \u0219i nu numai. Aici, \u00eentr-un cadru de vis, s\u00e2mb\u0103t\u0103, 11 august 2018, s-a desf\u0103\u0219urat edi\u021bia a X-a, jubiliar\u0103, a tradi\u021bionalei competi\u021bii de \u00eenot \u00een ape deschise \u201dTraversarea lacului V\u0103liug\u201d<\/p>\n","protected":false},"author":1,"featured_media":0,"comment_status":"open","ping_status":"open","sticky":false,"template":"","format":"standard","meta":[],"categories":[7],"tags":[713,714,715,716,423,717],"_links":{"self":[{"href":"https:\/\/semndecarte.metarsis.ro\/index.php?rest_route=\/wp\/v2\/posts\/11961"}],"collection":[{"href":"https:\/\/semndecarte.metarsis.ro\/index.php?rest_route=\/wp\/v2\/posts"}],"about":[{"href":"https:\/\/semndecarte.metarsis.ro\/index.php?rest_route=\/wp\/v2\/types\/post"}],"author":[{"embeddable":true,"href":"https:\/\/semndecarte.metarsis.ro\/index.php?rest_route=\/wp\/v2\/users\/1"}],"replies":[{"embeddable":true,"href":"https:\/\/semndecarte.metarsis.ro\/index.php?rest_route=%2Fwp%2Fv2%2Fcomments&post=11961"}],"version-history":[{"count":0,"href":"https:\/\/semndecarte.metarsis.ro\/index.php?rest_route=\/wp\/v2\/posts\/11961\/revisions"}],"wp:attachment":[{"href":"https:\/\/semndecarte.metarsis.ro\/index.php?rest_route=%2Fwp%2Fv2%2Fmedia&parent=11961"}],"wp:term":[{"taxonomy":"category","embeddable":true,"href":"https:\/\/semndecarte.metarsis.ro\/index.php?rest_route=%2Fwp%2Fv2%2Fcategories&post=11961"},{"taxonomy":"post_tag","embeddable":true,"href":"https:\/\/semndecarte.metarsis.ro\/index.php?rest_route=%2Fwp%2Fv2%2Ftags&post=11961"}],"curies":[{"name":"wp","href":"https:\/\/api.w.org\/{rel}","templated":true}]}}