{"id":11953,"date":"2018-08-10T15:40:16","date_gmt":"2018-08-10T13:40:16","guid":{"rendered":"http:\/\/semndecarte.metarsis.ro\/?p=11953"},"modified":"2018-08-10T15:50:15","modified_gmt":"2018-08-10T13:50:15","slug":"la-nord-de-soare-2","status":"publish","type":"post","link":"https:\/\/semndecarte.metarsis.ro\/?p=11953","title":{"rendered":"La nord de soare"},"content":{"rendered":"<p style=\"font-weight: 400; text-align: justify;\"><a href=\"http:\/\/semndecarte.metarsis.ro\/wp-content\/uploads\/2018\/08\/cop1.jpg\" rel=\"lightbox[11953]\"><img loading=\"lazy\" class=\"alignleft size-full wp-image-11959\" src=\"http:\/\/semndecarte.metarsis.ro\/wp-content\/uploads\/2018\/08\/cop1.jpg\" alt=\"cop\" width=\"520\" height=\"226\" srcset=\"https:\/\/semndecarte.metarsis.ro\/wp-content\/uploads\/2018\/08\/cop1.jpg 520w, https:\/\/semndecarte.metarsis.ro\/wp-content\/uploads\/2018\/08\/cop1-160x70.jpg 160w, https:\/\/semndecarte.metarsis.ro\/wp-content\/uploads\/2018\/08\/cop1-163x71.jpg 163w\" sizes=\"(max-width: 520px) 100vw, 520px\" \/><\/a>S-a intamplat intr-o zi alta zi de miercuri, 8 august , o noua zi de documentar, la libr\u0103ria Semn de Carte, in incaperea cu miros de carti, incaperea racoroasa a librariei, proiec\u021bia\u00a0\u00a0filmului &#8221; La nord de soare&#8221;.<\/p>\n<p style=\"font-weight: 400; text-align: justify;\">Cristina Stoica, Andrei B\u0103lb\u0103r\u0103u \u0219i Adrian Dobre au colaborat cu echipa One World Romania \u0219i cu Societatea pentru cultur\u0103\u00a0\u00a0Metarsis prin libr\u0103ria Semn de Carte pentru a aduce o noua poveste documentara despre urmarirea visurilor.<!--more--><\/p>\n<p style=\"font-weight: 400; text-align: justify;\">Acest eveniment a aparut\u00a0\u00a0din nevoia de educatie, din dorinta si nevoia de a organiza evenimente culturale \u00een spa\u021bii alternative, pentru a atrage un nou public pentru filmul documentar. Totodat\u0103, acest demers reprezint\u0103 \u0219i un semnal de alarm\u0103 \u00een ceea ce prive\u0219te lipsa infrastructurii culturale \u0219i a spa\u021biilor destinate organiz\u0103rii unor astfel de evenimente.<\/p>\n<p style=\"font-weight: 400; text-align: justify;\">\u00a0Proiec\u021biile vor s\u0103 fie urmate de conversa\u021bii moderate, av\u00e2nd subiectul filmului documentar ca punct de plecare.<\/p>\n<p style=\"font-weight: 400; text-align: justify;\">\u00a0&#8222;La nord de soare &#8222;\/ Inge Wegge, Jorn Ranum\/ Norway\/ 2013 \/46 min. Inge Wegge ( 25 ani ) \u0219i Jorn Ranum ( 22 ) petrec cele 9 luni de iarna norvegian\u0103 \u00eentr-un golf \u00eendep\u0103rtat de pe coasta nordic\u0103 a Norvegiei, la Oceanul Atlantic. Acolo \u00ee\u0219i construiesc o caban\u0103 din materialele pe care le g\u0103sesc \u0219i consum\u0103 alimente expirate, pe care magazinele le-ar fi aruncat. Au cu ei placile de surf care sunt principala motivatie pentru aventura lor. (piholog Cristina STOICA)<\/p>\n<p style=\"font-weight: 400; text-align: justify;\"><a href=\"http:\/\/semndecarte.metarsis.ro\/wp-content\/uploads\/2018\/08\/03.jpg\" rel=\"lightbox[11953]\"><img loading=\"lazy\" class=\"alignleft size-thumbnail wp-image-11955\" src=\"http:\/\/semndecarte.metarsis.ro\/wp-content\/uploads\/2018\/08\/03-95x95.jpg\" alt=\"03\" width=\"95\" height=\"95\" \/><\/a> <a href=\"http:\/\/semndecarte.metarsis.ro\/wp-content\/uploads\/2018\/08\/07.jpg\" rel=\"lightbox[11953]\"><img loading=\"lazy\" class=\"alignleft size-thumbnail wp-image-11958\" src=\"http:\/\/semndecarte.metarsis.ro\/wp-content\/uploads\/2018\/08\/07-95x95.jpg\" alt=\"07\" width=\"95\" height=\"95\" \/><\/a> <a href=\"http:\/\/semndecarte.metarsis.ro\/wp-content\/uploads\/2018\/08\/06.jpg\" rel=\"lightbox[11953]\"><img loading=\"lazy\" class=\"alignleft size-thumbnail wp-image-11957\" src=\"http:\/\/semndecarte.metarsis.ro\/wp-content\/uploads\/2018\/08\/06-95x95.jpg\" alt=\"06\" width=\"95\" height=\"95\" \/><\/a> <a href=\"http:\/\/semndecarte.metarsis.ro\/wp-content\/uploads\/2018\/08\/04.jpg\" rel=\"lightbox[11953]\"><img loading=\"lazy\" class=\"alignleft size-thumbnail wp-image-11956\" src=\"http:\/\/semndecarte.metarsis.ro\/wp-content\/uploads\/2018\/08\/04-95x95.jpg\" alt=\"04\" width=\"95\" height=\"95\" \/><\/a> <a href=\"http:\/\/semndecarte.metarsis.ro\/wp-content\/uploads\/2018\/08\/01.jpg\" rel=\"lightbox[11953]\"><img loading=\"lazy\" class=\"alignleft size-thumbnail wp-image-11954\" src=\"http:\/\/semndecarte.metarsis.ro\/wp-content\/uploads\/2018\/08\/01-95x95.jpg\" alt=\"01\" width=\"95\" height=\"95\" \/><\/a><\/p>\n","protected":false},"excerpt":{"rendered":"<p>S-a intamplat intr-o zi alta zi de miercuri, 8 august , o noua zi de documentar, la libr\u0103ria Semn de Carte, in incaperea cu miros de carti, incaperea racoroasa a librariei, proiec\u021bia  filmului &#8221; La nord de soare&#8221;.<\/p>\n","protected":false},"author":1,"featured_media":0,"comment_status":"open","ping_status":"open","sticky":false,"template":"","format":"standard","meta":[],"categories":[7],"tags":[553],"_links":{"self":[{"href":"https:\/\/semndecarte.metarsis.ro\/index.php?rest_route=\/wp\/v2\/posts\/11953"}],"collection":[{"href":"https:\/\/semndecarte.metarsis.ro\/index.php?rest_route=\/wp\/v2\/posts"}],"about":[{"href":"https:\/\/semndecarte.metarsis.ro\/index.php?rest_route=\/wp\/v2\/types\/post"}],"author":[{"embeddable":true,"href":"https:\/\/semndecarte.metarsis.ro\/index.php?rest_route=\/wp\/v2\/users\/1"}],"replies":[{"embeddable":true,"href":"https:\/\/semndecarte.metarsis.ro\/index.php?rest_route=%2Fwp%2Fv2%2Fcomments&post=11953"}],"version-history":[{"count":0,"href":"https:\/\/semndecarte.metarsis.ro\/index.php?rest_route=\/wp\/v2\/posts\/11953\/revisions"}],"wp:attachment":[{"href":"https:\/\/semndecarte.metarsis.ro\/index.php?rest_route=%2Fwp%2Fv2%2Fmedia&parent=11953"}],"wp:term":[{"taxonomy":"category","embeddable":true,"href":"https:\/\/semndecarte.metarsis.ro\/index.php?rest_route=%2Fwp%2Fv2%2Fcategories&post=11953"},{"taxonomy":"post_tag","embeddable":true,"href":"https:\/\/semndecarte.metarsis.ro\/index.php?rest_route=%2Fwp%2Fv2%2Ftags&post=11953"}],"curies":[{"name":"wp","href":"https:\/\/api.w.org\/{rel}","templated":true}]}}