{"id":11950,"date":"2018-08-08T21:18:55","date_gmt":"2018-08-08T19:18:55","guid":{"rendered":"http:\/\/semndecarte.metarsis.ro\/?p=11950"},"modified":"2018-08-09T23:00:16","modified_gmt":"2018-08-09T21:00:16","slug":"arteora-la-resita","status":"publish","type":"post","link":"https:\/\/semndecarte.metarsis.ro\/?p=11950","title":{"rendered":"ArteORA la Re\u0219i\u021ba"},"content":{"rendered":"<p><strong>hp<a href=\"http:\/\/semndecarte.metarsis.ro\/wp-content\/uploads\/2018\/08\/Profil_13_velika.png\" rel=\"lightbox[11950]\"><img loading=\"lazy\" class=\"alignleft size-full wp-image-11951\" src=\"http:\/\/semndecarte.metarsis.ro\/wp-content\/uploads\/2018\/08\/Profil_13_velika.png\" alt=\"Profil_13_velika\" width=\"519\" height=\"280\" srcset=\"https:\/\/semndecarte.metarsis.ro\/wp-content\/uploads\/2018\/08\/Profil_13_velika.png 519w, https:\/\/semndecarte.metarsis.ro\/wp-content\/uploads\/2018\/08\/Profil_13_velika-160x86.png 160w, https:\/\/semndecarte.metarsis.ro\/wp-content\/uploads\/2018\/08\/Profil_13_velika-163x88.png 163w\" sizes=\"(max-width: 519px) 100vw, 519px\" \/><\/a>Recital extraordinar\u00a0 Andjela Brati\u0107 -flaut, Dragan Jovanovi\u0107 \u2013 pian, (Serbia)<\/strong><\/p>\n<p style=\"text-align: justify;\">Vineri, 10 august 2018, ora 18:00,\u00a0 sala Lira a Liceului de Arte \u201dSabin P\u0103u\u021ba\u201d din\u00a0 Re\u0219i\u021ba va g\u0103zdui recitalul extraordinar sus\u021binut\u00a0 de\u00a0 flautista Andjela Brati\u0107\u00a0 \u0219i pianistul\u00a0 Dragan Jovanovi\u0107 din Serbia. \u00cen program: C.Ph.Emmanuel Bach, Giulio Briccialdi, Johannes Brahms, Jacob Gade, Pablo de Sarasate.<!--more--><\/p>\n<p style=\"text-align: justify;\">ANDJELA BRATI\u0106 &#8211; unul dintre cei mai interesa\u021bi flauti\u0219ti ai tinerei genera\u021bii, s-a n\u0103scut la Nis, \u00een 1980. A absolvit Facultatea de Muzic\u0103 din Belgrad la clasa prof. Ljubi\u0161a Jovanovi\u0107. \u00a0A absolvit cursurile &#8222;Johannes Gutenberg&#8221; (Hochschule f\u00fcr Musik) din Mainz la clasa profesorului Dejan Gavri\u0107 \u0219i a primit titlul de solist concert la Konzertexamen. \u00a0A studiat (masterclass) cu flauti\u0219ti \u0219i pedagogi eminen\u021bi. A c\u00e2\u0219tigat mai multe premii na\u021bionale \u0219i interna\u021bionale. A concertat cu: \u00a0Orchestra Simfonic\u0103 RTS, Orchestra Simfonic\u0103 din Muntenegru, Orchestra Simfonic\u0103 din Ni\u0161, Orchestra de Camer\u0103 din Praga, Orchestra de Camer\u0103 a Facult\u0103\u021bii de Muzic\u0103 din Ni\u0161, Orchestra Academic\u0103 a Universit\u0103\u021bii din Ni\u0161, Orchestra de Camer\u0103 Imperio \u00a0sub bagheta unor dirijori renumi\u021bi. A participat la festivaluri importante din Serbia \u0219i din str\u0103in\u0103tate \u0219i a sus\u021binut recitaluri \u00een: \u00a0Germania, Grecia, Italia, Suedia, Austria, Fran\u021ba, Slovenia, Macedonia, Cehia. A \u00eenregistrat la RTS, RTCG, Radio Belgrad, posturile de televiziune Nis, postul suedez de radio, TVCG \u0219i postul de televiziune german SAT1.<\/p>\n<p style=\"text-align: justify;\">Este membru al cvintetului duo &#8222;Niski solisti&#8221; \u0219i trio &#8222;Masala&#8221; \u0219i asociat permanent al Orchestrei Simfonice din Ni\u0161. Din 2009 este profesor la Facultatea de Arte din Ni\u0161.<\/p>\n<p style=\"text-align: justify;\">DRAGAN JOVANOVI\u0106 este licen\u021biat al \u00a0Facultatii de Arte din Ni\u0161 \u00een anul 2005 la \u00a0clasa prof. Dragoslav A\u0107imovi\u0107 \u0219i, mai t\u00e2rziu, a ob\u021binut diploma de master la aceea\u0219i Facultate la \u00a0clasa prof. Zoran Jan\u010di\u0107. \u00cen timpul studiilor sale \u00a0a format ansamblul de camer\u0103 \u201dTrio Graziosso\u201d, iar dup\u0103 terminarea studiilor de master a devenit membru al trio-ului pianistic \u201dConstantinus\u201d. Ambele ansambluri particip\u0103 \u00een mod activ la \u00eembog\u0103\u021birea vie\u021bii culturale a Serbiei. \u00cencep\u00e2nd cu anul 2007 activeaz\u0103 la Facultatea de Arte din Ni\u0161, \u00een calitate de profesor asistent la pian, la Catedra de Pedagogie de Muzic\u0103 General\u0103, ob\u021bin\u00e2nd rezultate remarcabile \u0219i pe linie pedagogic\u0103.<\/p>\n<p style=\"text-align: justify;\">Evenimentul\u00a0 este parte a Festivalului Interna\u021bional ArteORA organizat de Asocia\u021bia Kratima\u00a0 Timi\u0219oara \u00een trei ora\u0219e c\u0103r\u0103\u0219ene: Oravi\u021ba, Re\u0219i\u021ba\u00a0 \u0219i Anina. Societatea pentru Cultur\u0103 \u201dMetarsis\u201d este partener al evenimentelor pentru Re\u0219i\u021ba.<\/p>\n","protected":false},"excerpt":{"rendered":"<p>Vineri, 10 august 2018, ora 18:00,  sala Lira a Liceului de Arte \u201dSabin P\u0103u\u021ba\u201d din  Re\u0219i\u021ba va g\u0103zdui recitalul extraordinar sus\u021binut  de  flautista Andjela Brati\u0107  \u0219i pianistul  Dragan Jovanovi\u0107 din Serbia.<\/p>\n","protected":false},"author":1,"featured_media":0,"comment_status":"open","ping_status":"open","sticky":false,"template":"","format":"standard","meta":[],"categories":[3],"tags":[712,235],"_links":{"self":[{"href":"https:\/\/semndecarte.metarsis.ro\/index.php?rest_route=\/wp\/v2\/posts\/11950"}],"collection":[{"href":"https:\/\/semndecarte.metarsis.ro\/index.php?rest_route=\/wp\/v2\/posts"}],"about":[{"href":"https:\/\/semndecarte.metarsis.ro\/index.php?rest_route=\/wp\/v2\/types\/post"}],"author":[{"embeddable":true,"href":"https:\/\/semndecarte.metarsis.ro\/index.php?rest_route=\/wp\/v2\/users\/1"}],"replies":[{"embeddable":true,"href":"https:\/\/semndecarte.metarsis.ro\/index.php?rest_route=%2Fwp%2Fv2%2Fcomments&post=11950"}],"version-history":[{"count":0,"href":"https:\/\/semndecarte.metarsis.ro\/index.php?rest_route=\/wp\/v2\/posts\/11950\/revisions"}],"wp:attachment":[{"href":"https:\/\/semndecarte.metarsis.ro\/index.php?rest_route=%2Fwp%2Fv2%2Fmedia&parent=11950"}],"wp:term":[{"taxonomy":"category","embeddable":true,"href":"https:\/\/semndecarte.metarsis.ro\/index.php?rest_route=%2Fwp%2Fv2%2Fcategories&post=11950"},{"taxonomy":"post_tag","embeddable":true,"href":"https:\/\/semndecarte.metarsis.ro\/index.php?rest_route=%2Fwp%2Fv2%2Ftags&post=11950"}],"curies":[{"name":"wp","href":"https:\/\/api.w.org\/{rel}","templated":true}]}}