{"id":11948,"date":"2018-08-06T20:07:32","date_gmt":"2018-08-06T18:07:32","guid":{"rendered":"http:\/\/semndecarte.metarsis.ro\/?p=11948"},"modified":"2018-08-06T20:07:32","modified_gmt":"2018-08-06T18:07:32","slug":"la-nord-de-soare","status":"publish","type":"post","link":"https:\/\/semndecarte.metarsis.ro\/?p=11948","title":{"rendered":"LA NORD DE SOARE"},"content":{"rendered":"<p style=\"font-weight: 400;\"><strong><a href=\"http:\/\/semndecarte.metarsis.ro\/wp-content\/uploads\/2018\/08\/cop.jpg\" rel=\"lightbox[11948]\"><img loading=\"lazy\" class=\"alignleft size-full wp-image-11949\" src=\"http:\/\/semndecarte.metarsis.ro\/wp-content\/uploads\/2018\/08\/cop.jpg\" alt=\"cop\" width=\"520\" height=\"308\" srcset=\"https:\/\/semndecarte.metarsis.ro\/wp-content\/uploads\/2018\/08\/cop.jpg 520w, https:\/\/semndecarte.metarsis.ro\/wp-content\/uploads\/2018\/08\/cop-160x95.jpg 160w, https:\/\/semndecarte.metarsis.ro\/wp-content\/uploads\/2018\/08\/cop-163x97.jpg 163w\" sizes=\"(max-width: 520px) 100vw, 520px\" \/><\/a>Proiec\u0163ie One World Romania la curte<\/strong><\/p>\n<p style=\"font-weight: 400; text-align: justify;\">Asociatia One World Romania prin proiec\u021bii documentare la curte vine miercuri,\u00a0\u00a08 august\u00a0\u00a02018, ora 19:00, la Re\u015fi\u0163a \u00een curtea acoperita de vi\u0163a de vie a Libr\u0103riei Semn de carte. In caz de timp nefavorabil proiec\u021bia va avea loc in libr\u0103rie.<!--more--><\/p>\n<p style=\"font-weight: 400; text-align: justify;\">LA NORD DE SOARE | Inge Wegge, J\u00f8rn Ranum | Norway | 2013 | 46 min.\u00a0\u00a0este un documentar despre urm\u0103rirea visurilor. Inge Wegge (25) \u0219i J\u00f8rn Ranum (22) petrec cele nou\u0103 luni de iarn\u0103 norvegian\u0103 \u00eentr-un golf\u00a0\u00a0\u00een dep\u0103rtat de pe coasta nordic\u0103 a Norvegiei, cu Oceanul Atlantic \u00een fa\u021b\u0103. Acolo\u00a0\u00a0\u00ee\u0219i construiesc o caban\u0103 din materialele pe care le g\u0103sesc\u00a0\u00a0\u0219i consum\u0103 alimente expirate, pe care magazinele le-ar fi aruncat.\u00a0Au cu ei dou\u0103 lucruri extrem de importante:\u00a0\u00a0pl\u0103cile de surf, principala motiva\u021bie pentru aventura lor\u00a0\u00a0arctic\u0103.<\/p>\n","protected":false},"excerpt":{"rendered":"<p>Asociatia One World Romania prin proiec\u021bii documentare la curte vine miercuri,  8 august  2018, ora 19:00, la Re\u015fi\u0163a \u00een curtea acoperita de vi\u0163a de vie a Libr\u0103riei Semn de carte. In caz de timp nefavorabil proiec\u021bia va avea loc in libr\u0103rie.<\/p>\n","protected":false},"author":1,"featured_media":0,"comment_status":"open","ping_status":"open","sticky":false,"template":"","format":"standard","meta":[],"categories":[3],"tags":[711],"_links":{"self":[{"href":"https:\/\/semndecarte.metarsis.ro\/index.php?rest_route=\/wp\/v2\/posts\/11948"}],"collection":[{"href":"https:\/\/semndecarte.metarsis.ro\/index.php?rest_route=\/wp\/v2\/posts"}],"about":[{"href":"https:\/\/semndecarte.metarsis.ro\/index.php?rest_route=\/wp\/v2\/types\/post"}],"author":[{"embeddable":true,"href":"https:\/\/semndecarte.metarsis.ro\/index.php?rest_route=\/wp\/v2\/users\/1"}],"replies":[{"embeddable":true,"href":"https:\/\/semndecarte.metarsis.ro\/index.php?rest_route=%2Fwp%2Fv2%2Fcomments&post=11948"}],"version-history":[{"count":0,"href":"https:\/\/semndecarte.metarsis.ro\/index.php?rest_route=\/wp\/v2\/posts\/11948\/revisions"}],"wp:attachment":[{"href":"https:\/\/semndecarte.metarsis.ro\/index.php?rest_route=%2Fwp%2Fv2%2Fmedia&parent=11948"}],"wp:term":[{"taxonomy":"category","embeddable":true,"href":"https:\/\/semndecarte.metarsis.ro\/index.php?rest_route=%2Fwp%2Fv2%2Fcategories&post=11948"},{"taxonomy":"post_tag","embeddable":true,"href":"https:\/\/semndecarte.metarsis.ro\/index.php?rest_route=%2Fwp%2Fv2%2Ftags&post=11948"}],"curies":[{"name":"wp","href":"https:\/\/api.w.org\/{rel}","templated":true}]}}