{"id":11918,"date":"2018-07-18T11:19:20","date_gmt":"2018-07-18T09:19:20","guid":{"rendered":"http:\/\/semndecarte.metarsis.ro\/?p=11918"},"modified":"2018-07-24T13:41:46","modified_gmt":"2018-07-24T11:41:46","slug":"dansand-cu-maria","status":"publish","type":"post","link":"https:\/\/semndecarte.metarsis.ro\/?p=11918","title":{"rendered":"Dans\u00e2nd cu Maria"},"content":{"rendered":"<h4 id=\"seo_h1_tag\" class=\"_5gmx\" data-testid=\"event-permalink-event-name\"><a href=\"http:\/\/semndecarte.metarsis.ro\/wp-content\/uploads\/2018\/07\/dcm-web.jpg\" rel=\"lightbox[11918]\"><img loading=\"lazy\" class=\"alignleft size-full wp-image-11919\" src=\"http:\/\/semndecarte.metarsis.ro\/wp-content\/uploads\/2018\/07\/dcm-web.jpg\" alt=\"dcm web\" width=\"520\" height=\"271\" srcset=\"https:\/\/semndecarte.metarsis.ro\/wp-content\/uploads\/2018\/07\/dcm-web.jpg 520w, https:\/\/semndecarte.metarsis.ro\/wp-content\/uploads\/2018\/07\/dcm-web-160x83.jpg 160w, https:\/\/semndecarte.metarsis.ro\/wp-content\/uploads\/2018\/07\/dcm-web-163x85.jpg 163w\" sizes=\"(max-width: 520px) 100vw, 520px\" \/><\/a>Proiec\u0163ie One World Romania la curte<\/h4>\n<p style=\"text-align: justify;\">Asociatia One World Romania prin proiec\u021bii documentare la curte vine miercuri 18 iulie 2018, ora 20:00, la Re\u015fi\u0163a \u00een curtea acoperita de vi\u0163a de vie a Libr\u0103riei Semn de carte. In caz de timp nefavorabil proiectia are loc in librarie.<!--more--><\/p>\n<p style=\"text-align: justify;\"><em>Maria Fux avea 88 de ani c\u00e2nd \u0219i-a luat adio de la scen\u0103 \u0219i s-a retras s\u0103 predea \u00een studioul ei. C\u00e2teva luni mai t\u00e2rziu, italianul Ivan Gergolet a \u00eenceput s-o filmeze.\u00a0<\/em>Dans\u00e2nd cu Maria<em>, un documentar la care Gergolet a lucrat pe parcursul a patru ani \u0219i nu e un portret al unei b\u0103tr\u00e2ne\u021bi glorioase, nici o biografie a unei artiste argentiniene care altfel ar fi r\u0103mas prea pu\u021bin cunoscut\u0103, ci un film despre cum dansul, a\u0219a cum \u00eel \u00een\u021belege \u0219i \u00eel transmite Maria, poate aduce lumin\u0103 \u0219i for\u021b\u0103 \u00een cei mai diferi\u021bi oameni.\u00a0<\/em><\/p>\n<p style=\"text-align: justify;\">Dans\u00e2nd cu Maria \/ 2015\/ Ivan Gregolet\/ Italia, Argentina\/ Slovenia. Un documentar sensibil despre efectele terapeutice ale dansului.<\/p>\n<p style=\"text-align: justify;\">\u201eNu \u00eei \u00eentreb de unde vin, cu ce se ocupa sau nu se ocupa. \u00cen\u021beleg cine sunt atunci c\u00e2nd \u00eei v\u0103d miscandu-se\u201d, spune Maria Fux o dansatoare de 90 ani din Argentina.<\/p>\n<p style=\"text-align: justify;\"><strong>UPDATE 23 iulie 2018<\/strong><\/p>\n<p style=\"text-align: justify;\">Trei tineri re\u0219i\u021beni au organizat miercuri, 18 iulie, la libr\u0103ria Semn de Carte, o proiec\u021bie a filmului documentar Dans\u00e2nd cu Maria. Cristina Stoica, Andrei B\u0103lb\u0103r\u0103u \u0219i Adrian Dobre au colaborat cu echipa One World Romania \u0219i cu libr\u0103ria Semn de Carte pentru a aduce publicului re\u0219i\u021bean o poveste plin\u0103 de candoare despre frumuse\u021bea, inspira\u021bia \u0219i bucuria dansului.<\/p>\n<p><a href=\"http:\/\/semndecarte.metarsis.ro\/wp-content\/uploads\/2018\/07\/DSC72624.jpg\" rel=\"lightbox[11918]\"><img loading=\"lazy\" class=\"alignleft size-full wp-image-11937\" src=\"http:\/\/semndecarte.metarsis.ro\/wp-content\/uploads\/2018\/07\/DSC72624.jpg\" alt=\"_DSC72624\" width=\"520\" height=\"200\" srcset=\"https:\/\/semndecarte.metarsis.ro\/wp-content\/uploads\/2018\/07\/DSC72624.jpg 520w, https:\/\/semndecarte.metarsis.ro\/wp-content\/uploads\/2018\/07\/DSC72624-160x62.jpg 160w, https:\/\/semndecarte.metarsis.ro\/wp-content\/uploads\/2018\/07\/DSC72624-163x63.jpg 163w\" sizes=\"(max-width: 520px) 100vw, 520px\" \/><\/a>Echipa \u00eencropit\u0103 ad-hoc vrea ca astfel de evenimente s\u0103 mai aib\u0103 loc, iar proiec\u021biile s\u0103 fie urmate de conversa\u021bii moderate, av\u00e2nd subiectul filmului documentar ca punct de plecare.<\/p>\n<p>Proiec\u021biile de filme documentare la curte s-au n\u0103scut \u00een vara anului 2016, din dorin\u021ba de a aduce \u00eempreun\u0103 tinerii pasiona\u021bi de drepturile omului \u0219i pe timpul vacan\u021bei.<\/p>\n<p><a href=\"http:\/\/semndecarte.metarsis.ro\/wp-content\/uploads\/2018\/07\/05.jpg\" rel=\"lightbox[11918]\"><img loading=\"lazy\" class=\"alignleft size-thumbnail wp-image-11931\" src=\"http:\/\/semndecarte.metarsis.ro\/wp-content\/uploads\/2018\/07\/05-95x95.jpg\" alt=\"05\" width=\"95\" height=\"95\" \/><\/a> <a href=\"http:\/\/semndecarte.metarsis.ro\/wp-content\/uploads\/2018\/07\/09.jpg\" rel=\"lightbox[11918]\"><img loading=\"lazy\" class=\"alignleft size-thumbnail wp-image-11932\" src=\"http:\/\/semndecarte.metarsis.ro\/wp-content\/uploads\/2018\/07\/09-95x95.jpg\" alt=\"09\" width=\"95\" height=\"95\" \/><\/a> <a href=\"http:\/\/semndecarte.metarsis.ro\/wp-content\/uploads\/2018\/07\/10.jpg\" rel=\"lightbox[11918]\"><img loading=\"lazy\" class=\"alignleft size-thumbnail wp-image-11933\" src=\"http:\/\/semndecarte.metarsis.ro\/wp-content\/uploads\/2018\/07\/10-95x95.jpg\" alt=\"10\" width=\"95\" height=\"95\" \/><\/a> <a href=\"http:\/\/semndecarte.metarsis.ro\/wp-content\/uploads\/2018\/07\/11.jpg\" rel=\"lightbox[11918]\"><img loading=\"lazy\" class=\"alignleft size-thumbnail wp-image-11934\" src=\"http:\/\/semndecarte.metarsis.ro\/wp-content\/uploads\/2018\/07\/11-95x95.jpg\" alt=\"11\" width=\"95\" height=\"95\" \/><\/a> <a href=\"http:\/\/semndecarte.metarsis.ro\/wp-content\/uploads\/2018\/07\/12.jpg\" rel=\"lightbox[11918]\"><img loading=\"lazy\" class=\"alignleft size-thumbnail wp-image-11935\" src=\"http:\/\/semndecarte.metarsis.ro\/wp-content\/uploads\/2018\/07\/12-95x95.jpg\" alt=\"12\" width=\"95\" height=\"95\" \/><\/a>Proiec\u021biile sunt organizate pentru a mobiliza spiritul civic \u0219i solidaritatea \u00een g\u0103sirea unor solu\u021bii creative la probleme locale.<\/p>\n<p>Dans\u00e2nd cu Maria, 2015, \u00een regia lui Ivan Gergolet o prezint\u0103 pe Maria Fux, o dansatoare de 90 de ani din Argentina. La \u00eencheierea carierei de dansatoare, \u00een urma c\u0103reia a ajuns celebr\u0103 la nivel interna\u021bional, Maria Fux se dedic\u0103 dezvolt\u0103rii unei abord\u0103ri unice a terapiei prin dans, pred\u00e2nd \u0219i lucr\u00e2nd al\u0103turi de persoane cu diferite dizabilit\u0103\u021bi.(Adrian DDOBRE)<\/p>\n<p style=\"text-align: justify;\">\u00cenfiin\u0163at\u0103 \u00een 2009, Asocia\u0163ia One World Romania organizeaz\u0103 singurul festival de film documentar dedicat drepturilor omului din Rom\u00e2nia.<\/p>\n","protected":false},"excerpt":{"rendered":"<p>Proiec\u0163ie One World Romania la curte<\/p>\n","protected":false},"author":1,"featured_media":0,"comment_status":"open","ping_status":"open","sticky":false,"template":"","format":"standard","meta":[],"categories":[1],"tags":[],"_links":{"self":[{"href":"https:\/\/semndecarte.metarsis.ro\/index.php?rest_route=\/wp\/v2\/posts\/11918"}],"collection":[{"href":"https:\/\/semndecarte.metarsis.ro\/index.php?rest_route=\/wp\/v2\/posts"}],"about":[{"href":"https:\/\/semndecarte.metarsis.ro\/index.php?rest_route=\/wp\/v2\/types\/post"}],"author":[{"embeddable":true,"href":"https:\/\/semndecarte.metarsis.ro\/index.php?rest_route=\/wp\/v2\/users\/1"}],"replies":[{"embeddable":true,"href":"https:\/\/semndecarte.metarsis.ro\/index.php?rest_route=%2Fwp%2Fv2%2Fcomments&post=11918"}],"version-history":[{"count":0,"href":"https:\/\/semndecarte.metarsis.ro\/index.php?rest_route=\/wp\/v2\/posts\/11918\/revisions"}],"wp:attachment":[{"href":"https:\/\/semndecarte.metarsis.ro\/index.php?rest_route=%2Fwp%2Fv2%2Fmedia&parent=11918"}],"wp:term":[{"taxonomy":"category","embeddable":true,"href":"https:\/\/semndecarte.metarsis.ro\/index.php?rest_route=%2Fwp%2Fv2%2Fcategories&post=11918"},{"taxonomy":"post_tag","embeddable":true,"href":"https:\/\/semndecarte.metarsis.ro\/index.php?rest_route=%2Fwp%2Fv2%2Ftags&post=11918"}],"curies":[{"name":"wp","href":"https:\/\/api.w.org\/{rel}","templated":true}]}}