{"id":11870,"date":"2018-07-03T21:12:24","date_gmt":"2018-07-03T19:12:24","guid":{"rendered":"http:\/\/semndecarte.metarsis.ro\/?p=11870"},"modified":"2018-07-06T22:02:12","modified_gmt":"2018-07-06T20:02:12","slug":"romulus-vasile-ioan","status":"publish","type":"post","link":"https:\/\/semndecarte.metarsis.ro\/?p=11870","title":{"rendered":"Romulus Vasile IOAN"},"content":{"rendered":"<p><strong>ISTORIA FIERULUI. BANATUL MONTAN<\/strong><\/p>\n<p style=\"text-align: justify;\"><a href=\"http:\/\/semndecarte.metarsis.ro\/wp-content\/uploads\/2018\/07\/cop-ri.jpg\" rel=\"lightbox[11870]\"><img loading=\"lazy\" class=\"alignleft size-full wp-image-11871\" src=\"http:\/\/semndecarte.metarsis.ro\/wp-content\/uploads\/2018\/07\/cop-ri.jpg\" alt=\"cop ri\" width=\"519\" height=\"250\" srcset=\"https:\/\/semndecarte.metarsis.ro\/wp-content\/uploads\/2018\/07\/cop-ri.jpg 519w, https:\/\/semndecarte.metarsis.ro\/wp-content\/uploads\/2018\/07\/cop-ri-160x77.jpg 160w, https:\/\/semndecarte.metarsis.ro\/wp-content\/uploads\/2018\/07\/cop-ri-163x79.jpg 163w\" sizes=\"(max-width: 519px) 100vw, 519px\" \/><\/a>Miercuri, 11 iulie 2018, orele 18:00, \u00een sala de conferin\u021be a Muzeului Banatului Montan din Re\u0219i\u021ba\u00a0\u00a0va avea loc, \u00een prezen\u0163a autorului, lansarea a\u0219teptatului volum ISTORIA FIERULUI. BANATUL MONTAN, o carte- document semnat\u0103\u00a0\u00a0Romulus Vasile IOAN.<\/p>\n<p style=\"text-align: justify;\">Doctor inginer \u00een metalurgie al Universit\u0103\u021bii Politehnica din Bucure\u0219ti din 1999 cu lucrarea \u201cCercet\u0103ri \u00een domeniul solidific\u0103rii o\u021belului \u00een vederea \u00eembun\u0103t\u0103\u021birii structurii\u201d, Romulus IOAN, fost Director de Produc\u021bie la Combinatul Siderurgic Hunedoara, conduce, ca Director General, din 2004, TMK Re\u0219i\u021ba (fost Combinatul Siderurgic). Cu destinul\u00a0\u00a0legat indisolubil de cele dou\u0103 mari ora\u0219e industriale al Rom\u00e2nei, Re\u0219ita \u0219i Hunedoara, Romulus Vasile\u00a0\u00a0IOAN m\u0103rturisea,\u00a0\u00a0cu prilejul\u00a0\u00a0lans\u0103rii\u00a0\u00a0din 2016 a\u00a0\u00a0ISTORIEI UZINELOR DE FIER Hunedoara\/ Eisenmartkt\/ Vajdahunyad, cu\u00a0\u00a0\u00a0emo\u021bie:\u00a0\u00a0\u201cA\u0219 vrea\u2026 s\u0103 reaprind pentru c\u00e2teva clipe vetrele atelierelor de fier de odinioar\u0103 iar for\u021ba furnalelor de alt\u0103 dat\u0103 s\u0103 r\u0103m\u00e2n\u0103 m\u0103car scrijelit\u0103 \u00eentr-o carte. Am vrut s\u0103 torn trecutul \u00een toate formele fierului pentru a-l d\u0103rui Cunoa\u0219terii \u0219i Timpului\u2026\u201c.\u00a0\u00a0\u0218i reu\u0219e\u0219te. \u201d Cu o remarcabil\u0103 abnega\u021bie a\u0219dar, cu competen\u021ba specialistului \u0219i pasiunea celui ce dore\u0219te s\u0103 adauge un strop de lumin\u0103, sau chiar s\u0103 fac\u0103 lumin\u0103 \u00een anumite secven\u021be ale istoriei\u00a0\u00a0fierului \u00een Banat, autorul d\u0103ruie\u0219te prin aceast\u0103 carte un pre\u021bios tom, de referin\u021b\u0103 pentru cercet\u0103ri ulterioare, de luare aminte pentru reconsiderarea \u0219i pre\u021buirea istoriei moderne a Banatului de Munte\u201d a\u0219a cum conchide, \u00een prefa\u021b\u0103, Volker Wollmann<!--more--><\/p>\n<p style=\"text-align: justify;\">Invita\u021bi speciali:\u00a0\u00a0Volker WOLLMANN, Rudolf GR\u00c4F, Flavius BOZU,\u00a0\u00a0Erwin \u021aIGLA, Ada D. CRUCEANU<\/p>\n<p style=\"text-align: justify;\">Cu participarea Qvintet 2018: Elisa MARCU- vioar\u0103, Daria CERNICICA- vioar\u0103, Emanuela MOLDOVAN- vioar\u0103, Diana SZUIOGAN- violoncel, Cristian RO\u0218OAG\u0102- pian.<\/p>\n<p style=\"text-align: justify;\">Eveniment organizat de Societatea pentru\u00a0\u00a0Cultur\u0103 METARSIS \u0219i\u00a0\u00a0Funda\u021bia\u00a0\u00a0IANCU DE HUNEDOARA cu sprijinul Muzeului Banatului Montan \u0219i al Forumului Democratic al Germanilor din Banatul Montan, dedicat \u00eemplinirii a 247 ani, la 3 iuiie 2018, de industrie re\u0219i\u021bean\u0103.<\/p>\n","protected":false},"excerpt":{"rendered":"<p>Miercuri, 11 iulie 2018, orele 18:00, \u00een sala de conferin\u021be a Muzeului Banatului Montan din Re\u0219i\u021ba  va avea loc, \u00een prezen\u0163a autorului, lansarea a\u0219teptatului volum ISTORIA FIERULUI. BANATUL MONTAN, o carte- document semnat\u0103  Romulus Vasile IOAN.<\/p>\n","protected":false},"author":1,"featured_media":0,"comment_status":"open","ping_status":"open","sticky":false,"template":"","format":"standard","meta":[],"categories":[3],"tags":[69],"_links":{"self":[{"href":"https:\/\/semndecarte.metarsis.ro\/index.php?rest_route=\/wp\/v2\/posts\/11870"}],"collection":[{"href":"https:\/\/semndecarte.metarsis.ro\/index.php?rest_route=\/wp\/v2\/posts"}],"about":[{"href":"https:\/\/semndecarte.metarsis.ro\/index.php?rest_route=\/wp\/v2\/types\/post"}],"author":[{"embeddable":true,"href":"https:\/\/semndecarte.metarsis.ro\/index.php?rest_route=\/wp\/v2\/users\/1"}],"replies":[{"embeddable":true,"href":"https:\/\/semndecarte.metarsis.ro\/index.php?rest_route=%2Fwp%2Fv2%2Fcomments&post=11870"}],"version-history":[{"count":0,"href":"https:\/\/semndecarte.metarsis.ro\/index.php?rest_route=\/wp\/v2\/posts\/11870\/revisions"}],"wp:attachment":[{"href":"https:\/\/semndecarte.metarsis.ro\/index.php?rest_route=%2Fwp%2Fv2%2Fmedia&parent=11870"}],"wp:term":[{"taxonomy":"category","embeddable":true,"href":"https:\/\/semndecarte.metarsis.ro\/index.php?rest_route=%2Fwp%2Fv2%2Fcategories&post=11870"},{"taxonomy":"post_tag","embeddable":true,"href":"https:\/\/semndecarte.metarsis.ro\/index.php?rest_route=%2Fwp%2Fv2%2Ftags&post=11870"}],"curies":[{"name":"wp","href":"https:\/\/api.w.org\/{rel}","templated":true}]}}