{"id":11825,"date":"2018-06-18T18:15:41","date_gmt":"2018-06-18T16:15:41","guid":{"rendered":"http:\/\/semndecarte.metarsis.ro\/?p=11825"},"modified":"2018-06-18T18:15:41","modified_gmt":"2018-06-18T16:15:41","slug":"jakob-neubauer-2","status":"publish","type":"post","link":"https:\/\/semndecarte.metarsis.ro\/?p=11825","title":{"rendered":"\u201eJakob Neubauer\u201c"},"content":{"rendered":"<div style=\"text-align: justify;\"><strong>Ausstellung Kunstkreis \u201eJakob Neubauer\u201c\/ Expozi\u021bie de sculptur\u0103 mic\u0103<\/strong><\/div>\n<div style=\"text-align: justify;\"><a href=\"http:\/\/semndecarte.metarsis.ro\/wp-content\/uploads\/2018\/06\/Fotografie-librarie.jpg\" rel=\"lightbox[11825]\"><img loading=\"lazy\" class=\"alignleft size-full wp-image-11826\" src=\"http:\/\/semndecarte.metarsis.ro\/wp-content\/uploads\/2018\/06\/Fotografie-librarie.jpg\" alt=\"Fotografie librarie\" width=\"519\" height=\"200\" srcset=\"https:\/\/semndecarte.metarsis.ro\/wp-content\/uploads\/2018\/06\/Fotografie-librarie.jpg 519w, https:\/\/semndecarte.metarsis.ro\/wp-content\/uploads\/2018\/06\/Fotografie-librarie-160x62.jpg 160w, https:\/\/semndecarte.metarsis.ro\/wp-content\/uploads\/2018\/06\/Fotografie-librarie-163x63.jpg 163w\" sizes=\"(max-width: 519px) 100vw, 519px\" \/><\/a>Miercuri, 20 iunie 2018, ora 18:00, la libraria Semn de Carte din\u00a0<a href=\"https:\/\/maps.google.com\/?q=Re%C8%99i%C8%9Ba,+str.+Libert%C4%83%C8%9Bii+13&amp;entry=gmail&amp;source=g\">Re\u0219i\u021ba, str. Libert\u0103\u021bii 13<\/a>.\u00a0 Proiect \u201eIunie &#8211; luna expozi\u021biilor\u201c (edi\u021bia a XI-a): Expozi\u021bia de sculptur\u0103 a membrilor Cercului de sculptur\u0103 \u201eJakob Neubauer\u201c\u00a0\u00a0al Forumului Democratic al Germanilor din jud. Cara\u0219-Severin, coordonator: George Molin \u0219i un\u00a0 program muzical \u00eenajunul s\u0103rb\u0103torii \u201eF\u00eate de la Musique\u201c.<\/div>\n<p><!--more--><\/p>\n<div style=\"text-align: justify;\">Projekt \u201eJuni &#8211; unser Ausstellungsmonat\u201c (XI. Auflage): Ausstellung mit Holzschnitzereien von Mitgliedern des Kunstkreises \u201eJakob Neubauer\u201c des Demokratischen Forums der Banater Berglanddeutschen aus Reschitza (Koordination: George Molin).<br \/>\nMusikalisches Programm am Vorabend des \u201eF\u00eate de la Musique\u201c.<\/div>\n<div style=\"text-align: justify;\"><\/div>\n<div style=\"text-align: justify;\">Eveniment organizat de Forumul Democratic al Germanilor din Banatull Montan cu sprijinul Societ\u0103\u021bii pentru Cultur\u0103 Metarsis, prin libraria Semn de Carte.<\/div>\n","protected":false},"excerpt":{"rendered":"<p>Miercuri, 20 iunie 2018, ora 18:00, la libraria Semn de Carte din Re\u0219i\u021ba, str. Libert\u0103\u021bii 13.  Proiect \u201eIunie &#8211; luna expozi\u021biilor\u201c (edi\u021bia a XI-a): Expozi\u021bia de sculptur\u0103 a membrilor Cercului de sculptur\u0103 \u201eJakob Neubauer\u201c  al Forumului Democratic al Germanilor din jud. Cara\u0219-Severin, coordonator: George Molin \u0219i un  program muzical \u00een ziua dinaintea s\u0103rb\u0103torii \u201eF\u00eate de la Musique\u201c. <\/p>\n","protected":false},"author":1,"featured_media":0,"comment_status":"open","ping_status":"open","sticky":false,"template":"","format":"standard","meta":[],"categories":[1],"tags":[],"_links":{"self":[{"href":"https:\/\/semndecarte.metarsis.ro\/index.php?rest_route=\/wp\/v2\/posts\/11825"}],"collection":[{"href":"https:\/\/semndecarte.metarsis.ro\/index.php?rest_route=\/wp\/v2\/posts"}],"about":[{"href":"https:\/\/semndecarte.metarsis.ro\/index.php?rest_route=\/wp\/v2\/types\/post"}],"author":[{"embeddable":true,"href":"https:\/\/semndecarte.metarsis.ro\/index.php?rest_route=\/wp\/v2\/users\/1"}],"replies":[{"embeddable":true,"href":"https:\/\/semndecarte.metarsis.ro\/index.php?rest_route=%2Fwp%2Fv2%2Fcomments&post=11825"}],"version-history":[{"count":0,"href":"https:\/\/semndecarte.metarsis.ro\/index.php?rest_route=\/wp\/v2\/posts\/11825\/revisions"}],"wp:attachment":[{"href":"https:\/\/semndecarte.metarsis.ro\/index.php?rest_route=%2Fwp%2Fv2%2Fmedia&parent=11825"}],"wp:term":[{"taxonomy":"category","embeddable":true,"href":"https:\/\/semndecarte.metarsis.ro\/index.php?rest_route=%2Fwp%2Fv2%2Fcategories&post=11825"},{"taxonomy":"post_tag","embeddable":true,"href":"https:\/\/semndecarte.metarsis.ro\/index.php?rest_route=%2Fwp%2Fv2%2Ftags&post=11825"}],"curies":[{"name":"wp","href":"https:\/\/api.w.org\/{rel}","templated":true}]}}